{"id":123503,"date":"2021-02-10T15:09:48","date_gmt":"2021-02-10T18:09:48","guid":{"rendered":"https:\/\/grandepremio.com\/br\/noticias\/equipe-afro-americana-da-usf2000-force-indy-anuncia-rowe-para-2021\/"},"modified":"2021-02-10T15:09:53","modified_gmt":"2021-02-10T18:09:53","slug":"equipe-afro-americana-da-usf2000-force-indy-anuncia-rowe-para-2021","status":"publish","type":"post","link":"https:\/\/grandepremio.com\/br\/indy\/equipe-afro-americana-da-usf2000-force-indy-anuncia-rowe-para-2021\/","title":{"rendered":"Equipe afro-americana da USF2000, Force Indy anuncia Rowe para 2021"},"content":{"rendered":"\n<p class=\"wp-block-paragraph\">O grid da USF2000 vai ganhando forma para 2021, e com mais diversidade do que em temporadas anteriores. A <strong><a href=\"https:\/\/www.grandepremio.com\/br\/indy\/noticias\/com-iniciativa-da-penske-usf-2000-tem-primeira-equipe-afro-americana-nasce-a-force-indy\/\">Force Indy, equipe com proposta de ser a primeira afro-americana da categoria<\/a><\/strong>, anunciou nesta quarta-feira (9) a contrata\u00e7\u00e3o de Myles Rowe, preto, para a disputa do certame.<\/p>\n\n\n\n<p class=\"wp-block-paragraph\">Rowe faz sua estreia nos monopostos, logo pela categoria mais baixa do Road to Indy. O piloto fez uma campanha de destaque nos karts antes de receber a oportunidade.<\/p>\n\n\n\n<p class=\"wp-block-paragraph\">\u201c\u00c9 uma ben\u00e7\u00e3o, com certeza. N\u00e3o esperava come\u00e7ar minha carreira nos monopostos dessa forma. \u00c9 uma oportunidade de uma vida inteira, pela qual eu sou muito grato\u201d, disse.<\/p>\n\n\n\n<p class=\"wp-block-paragraph\"><strong>Conhe\u00e7a o canal do Grande Pr\u00eamio no YouTube! Clique\u00a0<a href=\"https:\/\/youtube.com\/GrandePremioTV\" target=\"_blank\" rel=\"noreferrer noopener\">aqui<\/a>.<br>Siga o Grande Pr\u00eamio no\u00a0<a href=\"https:\/\/twitter.com\/grandepremio\" target=\"_blank\" rel=\"noreferrer noopener\">Twitter\u00a0<\/a>e no\u00a0<a href=\"https:\/\/instagram.com\/grandepremio\" target=\"_blank\" rel=\"noreferrer noopener\">Instagram<\/a>!<\/strong><\/p>\n\n\n\n<figure class=\"wp-block-image size-large\"><img decoding=\"async\" src=\"https:\/\/www.grandepremio.com\/br\/wp-content\/uploads\/2020\/12\/EoW_jToU0AA6lIx-1024x576.jpg\" alt=\"\" class=\"wp-image-440028\"\/><figcaption>Rod Reid, chefe da Force Indy (Foto: Indy)<\/figcaption><\/figure>\n\n\n\n<p class=\"wp-block-paragraph\">A escuderia fez quest\u00e3o de deixar claro que n\u00e3o escolheu seu piloto baseado na cor da pele, apesar do interesse em tornar o esporte a motor mais diverso.<\/p>\n\n\n\n<p class=\"wp-block-paragraph\">\u201cVetamos muitos pilotos jovens e muitas pilotas jovens. Escolhemos o Myles baseado em sua habilidade e sua performance, tanto dentro quanto fora do cockpit. Ele entende a miss\u00e3o da Force Indy, que busca ser uma equipe diversa de pessoas talentosas. Ele se encaixa muito bem\u201d, afirmou o chefe Rod Reid.<\/p>\n\n\n\n<p class=\"wp-block-paragraph\">A presen\u00e7a de pilotos afro-americanos em grids do Road to Indy \u00e9 coisa rar\u00edssima. Outro exemplo recente, s\u00f3 o de <strong><a href=\"https:\/\/grandepremium.com.br\/conta-giro\/topics\/materias\/a-outra-america\/\">Calvin Ming, origin\u00e1rio da Guiana<\/a><\/strong>.<\/p>\n","protected":false},"excerpt":{"rendered":"<p>Myles Rowe \u00e9 o piloto da Force Indy para a temporada 2021. O americano \u00e9 um raro exemplo de piloto preto no automobilismo, e logo em uma equipe que investe na diversidade no esporte<\/p>\n","protected":false},"author":0,"featured_media":1000449181,"comment_status":"closed","ping_status":"closed","sticky":false,"template":"","format":"standard","meta":{"42wp_featured_image_caption":"","42wp_featured_image_credits":"","42wp_featured_video":"","42wp_featured_image_hidden":false,"42wp_authors_list":[],"footnotes":""},"categories":[3],"tags":[5601,27262,1817,1819],"42wp_author":[47118],"class_list":["post-123503","post","type-post","status-publish","format-standard","has-post-thumbnail","hentry","category-indy","tag-indy-2021","tag-myles-rowe","tag-road-to-indy","tag-usf2000","42wp_author-vitor-fazio"],"_links":{"self":[{"href":"https:\/\/grandepremio.com\/br\/wp-json\/wp\/v2\/posts\/123503","targetHints":{"allow":["GET"]}}],"collection":[{"href":"https:\/\/grandepremio.com\/br\/wp-json\/wp\/v2\/posts"}],"about":[{"href":"https:\/\/grandepremio.com\/br\/wp-json\/wp\/v2\/types\/post"}],"replies":[{"embeddable":true,"href":"https:\/\/grandepremio.com\/br\/wp-json\/wp\/v2\/comments?post=123503"}],"version-history":[{"count":0,"href":"https:\/\/grandepremio.com\/br\/wp-json\/wp\/v2\/posts\/123503\/revisions"}],"wp:featuredmedia":[{"embeddable":true,"href":"https:\/\/grandepremio.com\/br\/wp-json\/wp\/v2\/media\/1000449181"}],"wp:attachment":[{"href":"https:\/\/grandepremio.com\/br\/wp-json\/wp\/v2\/media?parent=123503"}],"wp:term":[{"taxonomy":"category","embeddable":true,"href":"https:\/\/grandepremio.com\/br\/wp-json\/wp\/v2\/categories?post=123503"},{"taxonomy":"post_tag","embeddable":true,"href":"https:\/\/grandepremio.com\/br\/wp-json\/wp\/v2\/tags?post=123503"},{"taxonomy":"42wp_author","embeddable":true,"href":"https:\/\/grandepremio.com\/br\/wp-json\/wp\/v2\/42wp_author?post=123503"}],"curies":[{"name":"wp","href":"https:\/\/api.w.org\/{rel}","templated":true}]}}