{"id":123505,"date":"2021-02-10T12:08:09","date_gmt":"2021-02-10T15:08:09","guid":{"rendered":"https:\/\/grandepremio.com\/br\/noticias\/f1-abandona-arco-iris-e-atualiza-iniciativa-we-race-as-one-para-temporada-2021\/"},"modified":"2021-02-10T12:08:19","modified_gmt":"2021-02-10T15:08:19","slug":"f1-abandona-arco-iris-e-atualiza-iniciativa-we-race-as-one-para-temporada-2021","status":"publish","type":"post","link":"https:\/\/grandepremio.com\/br\/f1\/f1-abandona-arco-iris-e-atualiza-iniciativa-we-race-as-one-para-temporada-2021\/","title":{"rendered":"F1 abandona arco-\u00edris e atualiza iniciativa \u2018We Race As One\u2019 para temporada 2021"},"content":{"rendered":"\n<p class=\"wp-block-paragraph\">A F\u00f3rmula 1 atualizou a iniciativa We Race as One para a temporada 2021. Nesta quarta-feira (10), a categoria anunciou medidas que ser\u00e3o tomadas para seguir os tr\u00eas novos pilares e informou o abandono do arco-\u00edris que marcava a campanha.<\/p>\n\n\n\n<p class=\"wp-block-paragraph\">O lan\u00e7amento do slogan, algo como Corremos como Um em tradu\u00e7\u00e3o livre, aconteceu em junho do ano passado e nesta temporada se torna oficialmente a plataforma Social, de Meio Ambiente e Governan\u00e7a Corporativa da categoria.<\/p>\n\n\n\n<p class=\"wp-block-paragraph\">No comunicado oficial, a F1 pontuou que a campanha foi criada em 2020 para mostrar reconhecimento de dois grandes problemas mundiais, a desigualdade e a Covid-19. O texto seguiu com o certame citando as homenagens feitas a todas as pessoas afetadas pelo novo coronav\u00edrus e como optou por colocar um arco-\u00edris ao lado da frase, mostrando uni\u00e3o das comunidades.<\/p>\n\n\n\n<figure class=\"wp-block-image size-large\"><img decoding=\"async\" src=\"https:\/\/www.grandepremio.com\/br\/wp-content\/uploads\/2020\/06\/WRAO_v1-1024x576.jpg\" alt=\"\" class=\"wp-image-389574\"\/><figcaption>A F\u00f3rmula 1 atualizou pilares e objetivos do We Race as One (Foto: Divulga\u00e7\u00e3o)<\/figcaption><\/figure>\n\n\n\n<p class=\"wp-block-paragraph\"><strong>Conhe\u00e7a o canal do Grande Pr\u00eamio no YouTube! Clique\u00a0<a rel=\"noreferrer noopener\" href=\"https:\/\/youtube.com\/GrandePremioTV\" target=\"_blank\">aqui<\/a>.<br>Siga o Grande Pr\u00eamio no\u00a0<a rel=\"noreferrer noopener\" href=\"https:\/\/twitter.com\/grandepremio\" target=\"_blank\">Twitter\u00a0<\/a>e no\u00a0<a rel=\"noreferrer noopener\" href=\"https:\/\/instagram.com\/grandepremio\" target=\"_blank\">Instagram<\/a>!<\/strong><\/p>\n\n\n\n<p class=\"wp-block-paragraph\">Entretanto, para o campeonato de 2021, o We Race as One n\u00e3o vai mais contar com o s\u00edmbolo. A justificativa foi de que a plataforma vai se focar em tr\u00eas principais pilares: sustentabilidade, diversidade e igualdade e comunidade.<\/p>\n\n\n\n<p class=\"wp-block-paragraph\">\u201cA plataforma do We Race as One foi muito efetiva em aumentar a conscientiza\u00e7\u00e3o sobre quest\u00f5es socialmente importantes e nosso compromisso inabal\u00e1vel de fazer uma mudan\u00e7a positiva. Estamos muito orgulhosos disso e das equipes que abra\u00e7aram totalmente a causa\u201d, afirmou Stefano Domenicali, chef\u00e3o da F1.<\/p>\n\n\n\n<p class=\"wp-block-paragraph\">\u201cEnquanto nosso comprometimento por meio de palavras para lidar com quest\u00f5es como sustentabilidade e diversidade em nosso esporte s\u00e3o importantes, s\u00e3o nossas a\u00e7\u00f5es que ser\u00e3o julgadas. J\u00e1 fizemos um bom progresso em nossos planos de sustentabilidade e ver\u00e3o grandes a\u00e7\u00f5es serem executadas neste ano em nossos tr\u00eas pilares\u201d, seguiu.<\/p>\n\n\n\n<p class=\"wp-block-paragraph\">\u201cSabemos que devemos seguir em frente nestas quest\u00f5es e todo o esporte est\u00e1 unido para fazer isso nos pr\u00f3ximos meses e anos\u201d, encerrou o dirigente italiano.<\/p>\n\n\n\n<p class=\"wp-block-paragraph\">Entretanto, em seu primeiro ano de exist\u00eancia, a iniciativa j\u00e1 est\u00e1 envolta de pol\u00eamicas. A primeira \u00e9 de Nikita Mazepin, russo que assediou uma modelo dentro de seu carro e postou em suas redes sociais. Entretanto, a Haas passou pano para o piloto, <a href=\"https:\/\/www.grandepremio.com\/br\/f1\/noticias\/haas-passa-pano-para-nikita-mazepin-e-deixa-imagem-de-que-tudo-pode-silencio-da-f1-ratifica\/\">que segue no grid da categoria<\/a>. Outra \u00e9 o <a href=\"https:\/\/www.grandepremio.com\/br\/f1\/noticias\/we-race-as-one-perto-da-arabia-saudita-formula-1-mostra-falta-de-apreco-por-slogan\/\">desejo da categoria por correr na Ar\u00e1bia Saudita<\/a>, pa\u00eds conhecido por ser extremamente conservador.<\/p>\n\n\n\n<figure class=\"wp-block-image size-large\"><img decoding=\"async\" src=\"https:\/\/www.grandepremio.com\/br\/wp-content\/uploads\/2020\/07\/Eb6Nr0DWkAAauwG-1024x677.jpg\" alt=\"\" class=\"wp-image-391845\"\/><figcaption>O arco-\u00edris vai deixar o slogan (Foto: Mercedes)<\/figcaption><\/figure>\n\n\n\n<p class=\"wp-block-paragraph\"><strong>Confira os principais pontos descritos pela F\u00f3rmula 1 para o We Race as One em 2021:<\/strong><\/p>\n\n\n\n<p class=\"wp-block-paragraph\">&#8211; Criar um caminho claro em dire\u00e7\u00e3o a motores h\u00edbridos sustent\u00e1veis, algo que ter\u00e1 grande import\u00e2ncia n\u00e3o apenas no esporte, mas no setor automotivo;<br>&#8211; Reduzir a quantidade de garrafas pl\u00e1sticas usadas e desperd\u00edcio de comida no paddock e pits;<br>&#8211; Criar est\u00e1gios e aprendizagens com a F\u00f3rmula 1 para grupos subrepresentados para providenciar acesso a uma carreira promissora no esporte;<br>&#8211; Fundar bolsas de estudos para estudantes talentosos de engenharia com passados diversos e pouco privilegiados com experi\u00eancias de trabalho na F\u00f3rmula 1 e equipes durante seus estudos;<br>&#8211; Crescer o F1 in Schools (F1 nas Escolas);<br>&#8211; Trabalhar com nossos promotores ao redor do mundo para estabelecer e entregar programas que deixar um impacto positivo e duradouro na comunidade;<br>&#8211; Ajudar a crescer a conscientiza\u00e7\u00e3o e apoio para a W Series e jovens e talentosas pilotas;<br>&#8211; Avan\u00e7ar para novos m\u00e9todos de frete por meio da adapta\u00e7\u00e3o de cont\u00eaineres para uso em aeronaves modernas e outros modos de transporte;<br>&#8211; Continuar a desenvolver nossas capacidades de opera\u00e7\u00f5es remotas onde, at\u00e9 o momento, j\u00e1 eliminou 70 toneladas de carga sendo transportada a cada corrida.<\/p>\n\n\n\n<figure class=\"wp-block-embed is-type-video is-provider-youtube wp-block-embed-youtube wp-embed-aspect-16-9 wp-has-aspect-ratio\"><div class=\"wp-block-embed__wrapper\">\n<iframe loading=\"lazy\" title=\"PONTUA\u00c7\u00c3O E CORRIDA DE CLASSIFICA\u00c7\u00c3O: A F1 QUER O CAOS | GP \u00c0S 10\" width=\"500\" height=\"281\" src=\"https:\/\/www.youtube.com\/embed\/RRuevnCyyOE?feature=oembed\" frameborder=\"0\" allow=\"accelerometer; autoplay; clipboard-write; encrypted-media; gyroscope; picture-in-picture; web-share\" referrerpolicy=\"strict-origin-when-cross-origin\" allowfullscreen><\/iframe>\n<\/div><\/figure>\n","protected":false},"excerpt":{"rendered":"<p>No segundo campeonato de exist\u00eancia, a iniciativa lan\u00e7ada em junho de 2020 listou diversas metas que pretende cumprir ao longo dos meses<\/p>\n","protected":false},"author":0,"featured_media":1000449110,"comment_status":"closed","ping_status":"closed","sticky":false,"template":"","format":"standard","meta":{"42wp_featured_image_caption":"","42wp_featured_image_credits":"","42wp_featured_video":"","42wp_featured_image_hidden":false,"42wp_authors_list":[],"footnotes":""},"categories":[2],"tags":[147,156,24837,25536,27004,27003,907,25287],"42wp_author":[47123],"class_list":["post-123505","post","type-post","status-publish","format-standard","has-post-thumbnail","hentry","category-f1","tag-f1","tag-f1-2021","tag-formula-1-2","tag-formula-1-2021-2","tag-horario-f1-2021","tag-horario-formula-1-2021","tag-stefano-domenicali","tag-we-race-as-one","42wp_author-nathalia-de-vivo"],"_links":{"self":[{"href":"https:\/\/grandepremio.com\/br\/wp-json\/wp\/v2\/posts\/123505","targetHints":{"allow":["GET"]}}],"collection":[{"href":"https:\/\/grandepremio.com\/br\/wp-json\/wp\/v2\/posts"}],"about":[{"href":"https:\/\/grandepremio.com\/br\/wp-json\/wp\/v2\/types\/post"}],"replies":[{"embeddable":true,"href":"https:\/\/grandepremio.com\/br\/wp-json\/wp\/v2\/comments?post=123505"}],"version-history":[{"count":0,"href":"https:\/\/grandepremio.com\/br\/wp-json\/wp\/v2\/posts\/123505\/revisions"}],"wp:featuredmedia":[{"embeddable":true,"href":"https:\/\/grandepremio.com\/br\/wp-json\/wp\/v2\/media\/1000449110"}],"wp:attachment":[{"href":"https:\/\/grandepremio.com\/br\/wp-json\/wp\/v2\/media?parent=123505"}],"wp:term":[{"taxonomy":"category","embeddable":true,"href":"https:\/\/grandepremio.com\/br\/wp-json\/wp\/v2\/categories?post=123505"},{"taxonomy":"post_tag","embeddable":true,"href":"https:\/\/grandepremio.com\/br\/wp-json\/wp\/v2\/tags?post=123505"},{"taxonomy":"42wp_author","embeddable":true,"href":"https:\/\/grandepremio.com\/br\/wp-json\/wp\/v2\/42wp_author?post=123505"}],"curies":[{"name":"wp","href":"https:\/\/api.w.org\/{rel}","templated":true}]}}