{"id":123512,"date":"2021-02-10T09:08:00","date_gmt":"2021-02-10T12:08:00","guid":{"rendered":"https:\/\/grandepremio.com\/br\/noticias\/com-apoio-da-alpine-caio-collet-assina-com-mp-e-disputa-temporada-2021-da-formula-3\/"},"modified":"2021-02-10T09:42:51","modified_gmt":"2021-02-10T12:42:51","slug":"com-apoio-da-alpine-caio-collet-assina-com-mp-e-disputa-temporada-2021-da-formula-3","status":"publish","type":"post","link":"https:\/\/grandepremio.com\/br\/f3\/com-apoio-da-alpine-caio-collet-assina-com-mp-e-disputa-temporada-2021-da-formula-3\/","title":{"rendered":"Com apoio da Alpine, Collet assina com MP e disputa temporada 2021 da F\u00f3rmula 3"},"content":{"rendered":"\n<figure class=\"wp-block-embed is-type-video is-provider-youtube wp-block-embed-youtube wp-embed-aspect-16-9 wp-has-aspect-ratio\"><div class=\"wp-block-embed__wrapper\">\n<iframe loading=\"lazy\" title=\"GLOBO CAGOU PRODUTO F1 E BAND TER\u00c1 TEMPO E REGINALDO LEME, DIZ FLAVIO GOMES | GP \u00e0s 10\" width=\"500\" height=\"281\" src=\"https:\/\/www.youtube.com\/embed\/cscrQjXSuT8?feature=oembed\" frameborder=\"0\" allow=\"accelerometer; autoplay; clipboard-write; encrypted-media; gyroscope; picture-in-picture; web-share\" referrerpolicy=\"strict-origin-when-cross-origin\" allowfullscreen><\/iframe>\n<\/div><\/figure>\n\n\n\n<p class=\"wp-block-paragraph\">Caio Collet deu mais um passo importante em sua carreira. Nesta quarta-feira (10), o piloto de 18 anos foi confirmado na temporada 2021 <a href=\"https:\/\/www.grandepremio.com\/br\/f1\/noticias\/band-anuncia-f1-na-tv-aberta-apenas-para-corridas-e-agrega-f2-e-f3-a-transmissao\/\">da F\u00f3rmula 3<\/a>, vestindo as cores da equipe MP. O brasileiro segue apoiado pela academia de jovens pilotos da Alpine.<\/p>\n\n\n\n<p class=\"wp-block-paragraph\">O paulista, assim, se reafirma como um dos brasileiros que podem entrar no grid da F\u00f3rmula 1 nos pr\u00f3ximos anos. Caio \u00e9 o primeiro do pa\u00eds anunciado na F3 2021, enquanto Felipe Drugovich, com a UNI-Virtuosi, e <a href=\"https:\/\/www.grandepremio.com\/br\/f2\/noticias\/gianluca-petecof-revela-que-contratacao-para-f2-foi-um-dos-ultimos-desejos-de-adrian-campos\/\">Gianluca Petecof, com a Campos<\/a>, j\u00e1 t\u00eam lugares garantidos na F2.<\/p>\n\n\n\n<p class=\"wp-block-paragraph\">&#8220;A Academia da Alpine tem me ajudado muito no desenvolvimento, no suporte sempre que estamos na pista. Desde a pr\u00e9-temporada, toda a prepara\u00e7\u00e3o \u00e9 muito importante. Vou para o meu terceiro ano, agora com um novo nome, novas cores, mas as mesmas pessoas, estou feliz com a oportunidade e esperando uma boa temporada&#8221;, disse o brasileiro na apresenta\u00e7\u00e3o dos jovens pilotos da Alpine.<\/p>\n\n\n\n<p class=\"wp-block-paragraph\">&#8220;\u00c9 um passo adiante, sem d\u00favida. Vai ser diferente, estar sempre ali perto do paddock da F1. Ano passado, fizemos algumas corridas da F-Renault Eurocup com a F1, mas agora vai ser o tempo todo. A F3 \u00e9 parte do final de semana da F1, naturalmente v\u00e3o ter mais olhares atentos ao seu desempenho. Vai ser importante dar o meu melhor a cada etapa&#8221;, seguiu.<\/p>\n\n\n\n<figure class=\"wp-block-image size-large\"><img decoding=\"async\" src=\"https:\/\/www.grandepremio.com\/br\/wp-content\/uploads\/2020\/11\/385268_952797_9968_f770_c804_470b94f75bbb_a87f74326ed0c6400f36e29392c665bc574836bd-1024x683.jpeg\" alt=\"CAIO COLLET; F\u00d3RMULA RENAULT; \u00cdMOLA;\" class=\"wp-image-432188\"\/><figcaption>Caio Collet deixa a F\u00f3rmula Renault Eurocup e vai para a F3 (Foto: Renault Sport DPPI)<\/figcaption><\/figure>\n\n\n\n<p class=\"wp-block-paragraph\">Membro da Academia da Renault desde 2019, Collet segue por l\u00e1 mesmo com a mudan\u00e7a de nome, agora chamada de Academia Alpine. Nas duas temporadas anteriores, o brasileiro alcan\u00e7ou um quinto lugar na F-Renault Eurocup em seu ano de novato, enquanto que foi vice-campe\u00e3o em 2020, perdendo para o franc\u00eas Victor Martins.<\/p>\n\n\n\n<p class=\"wp-block-paragraph\">Martins, ali\u00e1s, volta para a Academia da Alpine ap\u00f3s o t\u00edtulo conquistado e vai ser parceiro do brasileiro na equipe MP. O franc\u00eas se junta a Collet e a tr\u00eas nomes que v\u00e3o disputar a F2 2021: Christian Lundgaard, Guanyu Zhou e Oscar Piastri.<\/p>\n\n\n\n<p class=\"wp-block-paragraph\">A MP teve um desempenho mediano na F3 em 2020. A equipe holandesa ficou na sexta coloca\u00e7\u00e3o no campeonato de equipes, somando 109 pontos e vencendo uma corrida. Entre os pilotos, colocou Richard Verschoor em nono, Bent Viscaal em 13\u00ba e Lukas Dunner em 27\u00ba.<\/p>\n\n\n\n<p class=\"wp-block-paragraph\">Al\u00e9m de um \u00f3timo hist\u00f3rico no kart, Caio tem ainda um t\u00edtulo da F4 Francesa, conquistado em 2018, al\u00e9m de uma s\u00e9tima posi\u00e7\u00e3o no Toyota Racing Series, tradicional campeonato de in\u00edcio de temporada, em 2020.<\/p>\n\n\n\n<p class=\"wp-block-paragraph\">C<strong>onhe\u00e7a o canal do Grande Pr\u00eamio no YouTube! Clique&nbsp;<a rel=\"noreferrer noopener\" href=\"https:\/\/youtube.com\/GrandePremioTV\" target=\"_blank\">aqui<\/a>.<br>Siga o Grande Pr\u00eamio no&nbsp;<a rel=\"noreferrer noopener\" href=\"https:\/\/twitter.com\/grandepremio\" target=\"_blank\">Twitter&nbsp;<\/a>e no&nbsp;<a rel=\"noreferrer noopener\" href=\"https:\/\/instagram.com\/grandepremio\" target=\"_blank\">Instagram<\/a>!<\/strong><\/p>\n\n\n\n\n\n\n\n<figure class=\"wp-block-embed is-type-video is-provider-youtube wp-block-embed-youtube wp-embed-aspect-16-9 wp-has-aspect-ratio\"><div class=\"wp-block-embed__wrapper\">\n<iframe loading=\"lazy\" title=\"F1 2021 FORA DA GLOBO E A CAMINHO DA BAND. O QUE MUDA? | GP \u00e0s 10\" width=\"500\" height=\"281\" src=\"https:\/\/www.youtube.com\/embed\/acMdcEwRXYI?feature=oembed\" frameborder=\"0\" allow=\"accelerometer; autoplay; clipboard-write; encrypted-media; gyroscope; picture-in-picture; web-share\" referrerpolicy=\"strict-origin-when-cross-origin\" allowfullscreen><\/iframe>\n<\/div><\/figure>\n","protected":false},"excerpt":{"rendered":"<p>Caio Collet subiu mais um degrau em sua carreira e fechou com a MP para a disputa da F3 2021. O brasileiro segue sendo um dos membros da Academia da Alpine<\/p>\n","protected":false},"author":0,"featured_media":1000418109,"comment_status":"closed","ping_status":"closed","sticky":false,"template":"","format":"standard","meta":{"42wp_featured_image_caption":"","42wp_featured_image_credits":"","42wp_featured_video":"","42wp_featured_image_hidden":false,"42wp_authors_list":[],"footnotes":""},"categories":[10],"tags":[20491,448,1008,26641,24945,4606,229],"42wp_author":[47117],"class_list":["post-123512","post","type-post","status-publish","format-standard","has-post-thumbnail","hentry","category-f3","tag-alpine","tag-caio-collet","tag-f3","tag-f3-2021","tag-formula-3-2","tag-mp","tag-renault","42wp_author-gabriel-curty"],"_links":{"self":[{"href":"https:\/\/grandepremio.com\/br\/wp-json\/wp\/v2\/posts\/123512","targetHints":{"allow":["GET"]}}],"collection":[{"href":"https:\/\/grandepremio.com\/br\/wp-json\/wp\/v2\/posts"}],"about":[{"href":"https:\/\/grandepremio.com\/br\/wp-json\/wp\/v2\/types\/post"}],"replies":[{"embeddable":true,"href":"https:\/\/grandepremio.com\/br\/wp-json\/wp\/v2\/comments?post=123512"}],"version-history":[{"count":0,"href":"https:\/\/grandepremio.com\/br\/wp-json\/wp\/v2\/posts\/123512\/revisions"}],"wp:featuredmedia":[{"embeddable":true,"href":"https:\/\/grandepremio.com\/br\/wp-json\/wp\/v2\/media\/1000418109"}],"wp:attachment":[{"href":"https:\/\/grandepremio.com\/br\/wp-json\/wp\/v2\/media?parent=123512"}],"wp:term":[{"taxonomy":"category","embeddable":true,"href":"https:\/\/grandepremio.com\/br\/wp-json\/wp\/v2\/categories?post=123512"},{"taxonomy":"post_tag","embeddable":true,"href":"https:\/\/grandepremio.com\/br\/wp-json\/wp\/v2\/tags?post=123512"},{"taxonomy":"42wp_author","embeddable":true,"href":"https:\/\/grandepremio.com\/br\/wp-json\/wp\/v2\/42wp_author?post=123512"}],"curies":[{"name":"wp","href":"https:\/\/api.w.org\/{rel}","templated":true}]}}