{"id":123527,"date":"2021-02-09T10:00:00","date_gmt":"2021-02-09T13:00:00","guid":{"rendered":"https:\/\/grandepremio.com\/br\/noticias\/gp-as-10-globo-cagou-produto-f1-e-band-tera-tempo-e-reginaldo-leme-diz-flavio-gomes\/"},"modified":"2021-02-09T09:59:23","modified_gmt":"2021-02-09T12:59:23","slug":"gp-as-10-globo-cagou-produto-f1-e-band-tera-tempo-e-reginaldo-leme-diz-flavio-gomes","status":"publish","type":"post","link":"https:\/\/grandepremio.com\/br\/f1\/gp-as-10-globo-cagou-produto-f1-e-band-tera-tempo-e-reginaldo-leme-diz-flavio-gomes\/","title":{"rendered":"GP \u00e0s 10: Globo cagou produto F1. E Band ter\u00e1 tempo e Reginaldo Leme, diz Flavio Gomes"},"content":{"rendered":"\n<figure class=\"wp-block-embed is-type-video is-provider-youtube wp-block-embed-youtube wp-embed-aspect-16-9 wp-has-aspect-ratio\"><div class=\"wp-block-embed__wrapper\">\n<iframe loading=\"lazy\" title=\"GLOBO CAGOU PRODUTO F1 E BAND TER\u00c1 TEMPO E REGINALDO LEME, DIZ FLAVIO GOMES | GP \u00e0s 10\" width=\"500\" height=\"281\" src=\"https:\/\/www.youtube.com\/embed\/cscrQjXSuT8?feature=oembed\" frameborder=\"0\" allow=\"accelerometer; autoplay; clipboard-write; encrypted-media; gyroscope; picture-in-picture; web-share\" referrerpolicy=\"strict-origin-when-cross-origin\" allowfullscreen><\/iframe>\n<\/div><\/figure>\n\n\n\n<p class=\"wp-block-paragraph\">A grande <a href=\"https:\/\/www.grandepremio.com\/br\/f1\/noticias\/band-aproveita-desistencia-da-globo-e-fecha-acordo-para-transmissao-da-f1-por-dois-anos\/\">not\u00edcia do fim de semana<\/a> do esporte a motor no Brasil <a href=\"https:\/\/www.grandepremio.com\/br\/f1\/noticias\/gp-as-10-formula-1-2021-fora-da-globo-e-a-caminho-da-band-o-que-muda\/\">foi a ida dos direitos da F\u00f3rmula 1<\/a> da Globo para a Band. Mas, afinal, o que podemos esperar da nova emissora respons\u00e1vel pela categoria? Flavio Gomes opina no GP \u00e0s 10 desta ter\u00e7a-feira (9).<\/p>\n\n\n\n<p class=\"wp-block-paragraph\">O jornalista come\u00e7a avaliando o que foram os anos de Globo com a categoria, ressaltando que, nos \u00faltimos tempos, o canal carioca n\u00e3o cuidou do produto da forma como deveria, cortando p\u00f3dio, jogando a classifica\u00e7\u00e3o para o SporTV, ficando com cada vez menos tempo de transmiss\u00e3o.<\/p>\n\n\n\n<p class=\"wp-block-paragraph\">E, de acordo com Gomes, \u00e9 justamente o tempo que pode ser um trunfo para a Band. J\u00e1 que os profissionais envolvidos nas transmiss\u00f5es n\u00e3o devem mudar muito em rela\u00e7\u00e3o aos da antecessora, a emissora paulista pode e deve dedicar mais minutos ao campeonato, envolver a F1 na programa\u00e7\u00e3o, buscar um p\u00fablico novo.<\/p>\n\n\n\n<p class=\"wp-block-paragraph\">O jornalista ainda avalia que o estilo de transmiss\u00e3o n\u00e3o deve mudar ou gerar qualquer tipo de choque, com as confirma\u00e7\u00f5es de Reginaldo Leme e Mariana Becker, ambos ex-Globo. Leme, ali\u00e1s, tende a ser o trunfo da cobertura, com vasta experi\u00eancia e conhecimento.<\/p>\n\n\n\n<p class=\"wp-block-paragraph\">Assista j\u00e1 ao GP \u00e0s 10 desta ter\u00e7a-feira e opine: a F\u00f3rmula 1 est\u00e1 em boas m\u00e3os com a Band?<\/p>\n\n\n\n<p class=\"wp-block-paragraph\"><strong>Conhe\u00e7a o canal do Grande Pr\u00eamio no YouTube! Clique\u00a0<a rel=\"noreferrer noopener\" href=\"https:\/\/youtube.com\/GrandePremioTV\" target=\"_blank\">aqui<\/a>.<br>Siga o Grande Pr\u00eamio no\u00a0<a rel=\"noreferrer noopener\" href=\"https:\/\/twitter.com\/grandepremio\" target=\"_blank\">Twitter\u00a0<\/a>e no\u00a0<a rel=\"noreferrer noopener\" href=\"https:\/\/instagram.com\/grandepremio\" target=\"_blank\">Instagram<\/a>!<\/strong><\/p>\n","protected":false},"excerpt":{"rendered":"<p>O que ser\u00e1 da F\u00f3rmula 1 no Brasil com as transmiss\u00f5es fora da Globo e de volta \u00e0 Band depois de mais de 40 anos? Flavio Gomes v\u00ea a mudan\u00e7a com bons olhos no GP \u00e0s 10 desta ter\u00e7a-feira<\/p>\n","protected":false},"author":0,"featured_media":1000448885,"comment_status":"closed","ping_status":"closed","sticky":false,"template":"","format":"standard","meta":{"42wp_featured_image_caption":"","42wp_featured_image_credits":"","42wp_featured_video":"","42wp_featured_image_hidden":false,"42wp_authors_list":[],"footnotes":""},"categories":[2],"tags":[1280,147,156,122,24837,1224,2005,27239],"42wp_author":[47117],"class_list":["post-123527","post","type-post","status-publish","format-standard","has-post-thumbnail","hentry","category-f1","tag-band","tag-f1","tag-f1-2021","tag-flavio-gomes","tag-formula-1-2","tag-globo","tag-reginaldo-leme","tag-transmissao-f1","42wp_author-gabriel-curty"],"_links":{"self":[{"href":"https:\/\/grandepremio.com\/br\/wp-json\/wp\/v2\/posts\/123527","targetHints":{"allow":["GET"]}}],"collection":[{"href":"https:\/\/grandepremio.com\/br\/wp-json\/wp\/v2\/posts"}],"about":[{"href":"https:\/\/grandepremio.com\/br\/wp-json\/wp\/v2\/types\/post"}],"replies":[{"embeddable":true,"href":"https:\/\/grandepremio.com\/br\/wp-json\/wp\/v2\/comments?post=123527"}],"version-history":[{"count":0,"href":"https:\/\/grandepremio.com\/br\/wp-json\/wp\/v2\/posts\/123527\/revisions"}],"wp:featuredmedia":[{"embeddable":true,"href":"https:\/\/grandepremio.com\/br\/wp-json\/wp\/v2\/media\/1000448885"}],"wp:attachment":[{"href":"https:\/\/grandepremio.com\/br\/wp-json\/wp\/v2\/media?parent=123527"}],"wp:term":[{"taxonomy":"category","embeddable":true,"href":"https:\/\/grandepremio.com\/br\/wp-json\/wp\/v2\/categories?post=123527"},{"taxonomy":"post_tag","embeddable":true,"href":"https:\/\/grandepremio.com\/br\/wp-json\/wp\/v2\/tags?post=123527"},{"taxonomy":"42wp_author","embeddable":true,"href":"https:\/\/grandepremio.com\/br\/wp-json\/wp\/v2\/42wp_author?post=123527"}],"curies":[{"name":"wp","href":"https:\/\/api.w.org\/{rel}","templated":true}]}}