{"id":123531,"date":"2021-02-09T08:01:24","date_gmt":"2021-02-09T11:01:24","guid":{"rendered":"https:\/\/grandepremio.com\/br\/noticias\/mercedes-ve-como-improvavel-aposentadoria-de-lewis-hamilton-em-2021-mas-e-sua-decisao\/"},"modified":"2021-02-09T08:01:41","modified_gmt":"2021-02-09T11:01:41","slug":"mercedes-ve-como-improvavel-aposentadoria-de-lewis-hamilton-em-2021-mas-e-sua-decisao","status":"publish","type":"post","link":"https:\/\/grandepremio.com\/br\/f1\/mercedes-ve-como-improvavel-aposentadoria-de-lewis-hamilton-em-2021-mas-e-sua-decisao\/","title":{"rendered":"Mercedes v\u00ea como improv\u00e1vel aposentadoria de Hamilton em 2021: \u201c\u00c9 decis\u00e3o dele&#8221;"},"content":{"rendered":"\n<p class=\"wp-block-paragraph\">Toto Wolff, chefe da Mercedes, n\u00e3o v\u00ea a aposentadoria de Lewis Hamilton ao final da temporada 2021. O dirigente da equipe alem\u00e3 destacou como o ingl\u00eas est\u00e1 no topo de sua performance, mas reconheceu que a decis\u00e3o cabe apenas ao piloto.<\/p>\n\n\n\n<p class=\"wp-block-paragraph\">Ap\u00f3s uma longa novela, <a href=\"https:\/\/www.grandepremio.com\/br\/f1\/noticias\/mercedes-acaba-com-espera-e-renova-contrato-de-lewis-hamilton-para-temporada-2021\/\">o time de Brackley e o heptacampe\u00e3o renovaram o contrato para esta temporada<\/a>. Entretanto, diferente dos \u00faltimos acordos, <a href=\"https:\/\/www.grandepremio.com\/br\/f1\/noticias\/termos-de-acordo-incomum-indicam-parceria-longa-entre-mercedes-e-hamilton\/\">\u00e9 v\u00e1lido por apenas um ano<\/a> \u2013 e com compromisso de longo prazo para promover a diversidade no esporte a motor.<\/p>\n\n\n\n<figure class=\"wp-block-image size-large\"><img decoding=\"async\" src=\"https:\/\/www.grandepremio.com\/br\/wp-content\/uploads\/2020\/05\/M252116-1024x683.jpg\" alt=\"LEWIS HAMILTON; TOTO WOLFF; F1; GP DA TURQUIA;\" class=\"wp-image-443688\"\/><figcaption>Toto Wolff, chefe da Mercedes, n\u00e3o v\u00ea uma aposentadoria em breve de Hamilton (Foto: AFP)<\/figcaption><\/figure>\n\n\n\n<p class=\"wp-block-paragraph\">C<strong>onhe\u00e7a o canal do Grande Pr\u00eamio no YouTube! Clique\u00a0<a rel=\"noreferrer noopener\" href=\"https:\/\/youtube.com\/GrandePremioTV\" target=\"_blank\">aqui<\/a>.<br>Siga o Grande Pr\u00eamio no\u00a0<a rel=\"noreferrer noopener\" href=\"https:\/\/twitter.com\/grandepremio\" target=\"_blank\">Twitter\u00a0<\/a>e no\u00a0<a rel=\"noreferrer noopener\" href=\"https:\/\/instagram.com\/grandepremio\" target=\"_blank\">Instagram<\/a>!<\/strong><\/p>\n\n\n\n<p class=\"wp-block-paragraph\">Mas isso indica que o competidor de 34 anos vai se aposentar ao final do campeonato? O dirigente n\u00e3o cr\u00ea. \u201cEnquanto gostar de correr, acho que \u00e9 capaz que ainda v\u00e1 longe\u201d, afirmou o austr\u00edaco.<\/p>\n\n\n\n<p class=\"wp-block-paragraph\">\u201cEle se desenvolveu como piloto, se preocupa consigo mesmo em termos de prepara\u00e7\u00e3o f\u00edsica e mental, ent\u00e3o, n\u00e3o acredito que, em termos de habilidade, isso termine em 2021. Mas, no fim, a decis\u00e3o \u00e9 dele\u201d, completou.<\/p>\n\n\n\n<p class=\"wp-block-paragraph\">Sobre a demora de renova\u00e7\u00e3o com Hamilton para este campeonato, Wolff destacou que aprendeu a li\u00e7\u00e3o com a situa\u00e7\u00e3o. O chef\u00e3o da Mercedes afirmou que <a href=\"https:\/\/www.grandepremio.com\/br\/f1\/noticias\/mercedes-diz-que-aprendeu-licao-e-promete-antecipar-decisoes-contratuais-em-2022\/\">espera antecipar as conversas e contratos para a temporada 2022.<\/a><\/p>\n\n\n\n<figure class=\"wp-block-embed is-type-video is-provider-youtube wp-block-embed-youtube wp-embed-aspect-16-9 wp-has-aspect-ratio\"><div class=\"wp-block-embed__wrapper\">\n<iframe loading=\"lazy\" title=\"HAMILTON RENOVA COM MERCEDES NA F1: SAIBA OS DETALHES DO ACORDO | GP Not\u00edcias\" width=\"500\" height=\"281\" src=\"https:\/\/www.youtube.com\/embed\/fPMRcto9P5s?feature=oembed\" frameborder=\"0\" allow=\"accelerometer; autoplay; clipboard-write; encrypted-media; gyroscope; picture-in-picture; web-share\" referrerpolicy=\"strict-origin-when-cross-origin\" allowfullscreen><\/iframe>\n<\/div><\/figure>\n","protected":false},"excerpt":{"rendered":"<p>Toto Wolff, chefe da equipe, destacou a boa fase que o heptacampe\u00e3o tem vivido na F\u00f3rmula 1, focando cada vez mais em melhorar seu desempenho<\/p>\n","protected":false},"author":0,"featured_media":1000443687,"comment_status":"closed","ping_status":"closed","sticky":false,"template":"","format":"standard","meta":{"42wp_featured_image_caption":"","42wp_featured_image_credits":"","42wp_featured_video":"","42wp_featured_image_hidden":false,"42wp_authors_list":[],"footnotes":""},"categories":[2],"tags":[147,156,24837,25536,27004,27003,87,82,150],"42wp_author":[47123],"class_list":["post-123531","post","type-post","status-publish","format-standard","has-post-thumbnail","hentry","category-f1","tag-f1","tag-f1-2021","tag-formula-1-2","tag-formula-1-2021-2","tag-horario-f1-2021","tag-horario-formula-1-2021","tag-lewis-hamilton","tag-mercedes","tag-toto-wolff","42wp_author-nathalia-de-vivo"],"_links":{"self":[{"href":"https:\/\/grandepremio.com\/br\/wp-json\/wp\/v2\/posts\/123531","targetHints":{"allow":["GET"]}}],"collection":[{"href":"https:\/\/grandepremio.com\/br\/wp-json\/wp\/v2\/posts"}],"about":[{"href":"https:\/\/grandepremio.com\/br\/wp-json\/wp\/v2\/types\/post"}],"replies":[{"embeddable":true,"href":"https:\/\/grandepremio.com\/br\/wp-json\/wp\/v2\/comments?post=123531"}],"version-history":[{"count":0,"href":"https:\/\/grandepremio.com\/br\/wp-json\/wp\/v2\/posts\/123531\/revisions"}],"wp:featuredmedia":[{"embeddable":true,"href":"https:\/\/grandepremio.com\/br\/wp-json\/wp\/v2\/media\/1000443687"}],"wp:attachment":[{"href":"https:\/\/grandepremio.com\/br\/wp-json\/wp\/v2\/media?parent=123531"}],"wp:term":[{"taxonomy":"category","embeddable":true,"href":"https:\/\/grandepremio.com\/br\/wp-json\/wp\/v2\/categories?post=123531"},{"taxonomy":"post_tag","embeddable":true,"href":"https:\/\/grandepremio.com\/br\/wp-json\/wp\/v2\/tags?post=123531"},{"taxonomy":"42wp_author","embeddable":true,"href":"https:\/\/grandepremio.com\/br\/wp-json\/wp\/v2\/42wp_author?post=123531"}],"curies":[{"name":"wp","href":"https:\/\/api.w.org\/{rel}","templated":true}]}}