{"id":123532,"date":"2021-02-09T07:20:00","date_gmt":"2021-02-09T10:20:00","guid":{"rendered":"https:\/\/grandepremio.com\/br\/noticias\/mercedes-diz-que-aprendeu-licao-e-promete-antecipar-decisoes-contratuais-em-2022\/"},"modified":"2021-02-09T07:24:27","modified_gmt":"2021-02-09T10:24:27","slug":"mercedes-diz-que-aprendeu-licao-e-promete-antecipar-decisoes-contratuais-em-2022","status":"publish","type":"post","link":"https:\/\/grandepremio.com\/br\/f1\/mercedes-diz-que-aprendeu-licao-e-promete-antecipar-decisoes-contratuais-em-2022\/","title":{"rendered":"Mercedes diz que &#8220;aprendeu li\u00e7\u00e3o&#8221; e promete antecipar decis\u00f5es contratuais em 2022"},"content":{"rendered":"\n<figure class=\"wp-block-embed is-type-video is-provider-youtube wp-block-embed-youtube wp-embed-aspect-16-9 wp-has-aspect-ratio\"><div class=\"wp-block-embed__wrapper\">\n<iframe loading=\"lazy\" title=\"HAMILTON RENOVA COM MERCEDES NA F1: SAIBA OS DETALHES DO ACORDO | GP Not\u00edcias\" width=\"500\" height=\"281\" src=\"https:\/\/www.youtube.com\/embed\/fPMRcto9P5s?feature=oembed\" frameborder=\"0\" allow=\"accelerometer; autoplay; clipboard-write; encrypted-media; gyroscope; picture-in-picture; web-share\" referrerpolicy=\"strict-origin-when-cross-origin\" allowfullscreen><\/iframe>\n<\/div><\/figure>\n\n\n\n<p class=\"wp-block-paragraph\">A grande novela que come\u00e7ou em 2020 e se arrastou at\u00e9 o in\u00edcio de 2021 teve final feliz. Ap\u00f3s meses de muita negocia\u00e7\u00e3o, uma s\u00e9rie de rumores e d\u00favidas, <a href=\"https:\/\/www.grandepremio.com\/br\/f1\/noticias\/mercedes-acaba-com-espera-e-renova-contrato-de-lewis-hamilton-para-temporada-2021\/\">Lewis Hamilton e a Mercedes renovaram por mais uma temporada <\/a>nesta segunda-feira (8). No entanto, a demora para se chegar a um acerto deixou um certo trauma em Toto Wolff, chefe da Mercedes, que desde j\u00e1 sabe que n\u00e3o pode mais come\u00e7ar a <a href=\"https:\/\/grandepremium.com.br\/conta-giro\/materias\/formula-1-sem-hamilton\/\">negociar para 2022 <\/a>t\u00e3o tarde quanto foi no ano passado.<\/p>\n\n\n\n<p class=\"wp-block-paragraph\">Em coletiva concedida pouco ap\u00f3s a confirma\u00e7\u00e3o da sequ\u00eancia da parceria com o heptacampe\u00e3o, o austr\u00edaco justificou que o acerto por apenas um ano teve a ver com a novela que foi para renovar. Assim, o que fica de aprendizado \u00e9 que se deve iniciar as tratativas contratuais na Mercedes para 2022 bem mais cedo.<\/p>\n\n\n\n<p class=\"wp-block-paragraph\">&#8220;Foi uma coisa meio &#8216;vamos deixar rolar e achamos um tempo para discutir isso durante 2021&#8217;. A gente sabe que \u00e9 sempre complicado achar tempo para falar disso enquanto se est\u00e1 correndo, mas aprendemos a li\u00e7\u00e3o de que podem existir fatores externos que adiem discuss\u00f5es e n\u00e3o queremos que isso se estique at\u00e9 janeiro de novo&#8221;, disse.<\/p>\n\n\n\n<figure class=\"wp-block-image size-large\"><img decoding=\"async\" src=\"https:\/\/www.grandepremio.com\/br\/wp-content\/uploads\/2020\/10\/000_8U8887-1024x683.jpg\" alt=\"\" class=\"wp-image-431698\"\/><figcaption>Toto Wolff n\u00e3o quer mais turbul\u00eancia para renova\u00e7\u00f5es em 2022 (Foto: AFP)<\/figcaption><\/figure>\n\n\n\n<p class=\"wp-block-paragraph\">Segundo Wolff, n\u00e3o \u00e9 apenas do lado do time que h\u00e1 um inc\u00f4modo em rela\u00e7\u00e3o ao jeito que a renova\u00e7\u00e3o aconteceu. Assim, o chefe do time explica que os pilotos tamb\u00e9m concordam em iniciar as conversas para 2022 mais cedo na Mercedes.<\/p>\n\n\n\n<p class=\"wp-block-paragraph\">&#8220;\u00c9 bem prov\u00e1vel que a gente comece a falar com eles sobre 2022 muito mais cedo. N\u00f3s todos j\u00e1 concordamos que n\u00e3o queremos arrastar uma poss\u00edvel renova\u00e7\u00e3o t\u00e3o longe quanto foi a de 2021, ent\u00e3o vamos tentar, juntos, achar uma solu\u00e7\u00e3o para isso durante a temporada&#8221;, completou.<\/p>\n\n\n\n<p class=\"wp-block-paragraph\">Como <a href=\"https:\/\/www.grandepremio.com\/br\/f1\/noticias\/renovacao-de-lewis-hamilton-com-mercedes-completa-grid-da-formula-1-2021\/\">Hamilton renovou<\/a> por apenas um ano, a Mercedes ainda n\u00e3o tem nenhum piloto confirmado para 2022.<\/p>\n\n\n\n<figure class=\"wp-block-embed is-type-video is-provider-youtube wp-block-embed-youtube wp-embed-aspect-16-9 wp-has-aspect-ratio\"><div class=\"wp-block-embed__wrapper\">\n<iframe loading=\"lazy\" title=\"MERCEDES W12 AO N\u00cdVEL DE 2019: HAVER\u00c1 LUTA NA F\u00d3RMULA 1 EM 2021? | GP \u00e0s 10\" width=\"500\" height=\"281\" src=\"https:\/\/www.youtube.com\/embed\/hbrJZgyPdcA?feature=oembed\" frameborder=\"0\" allow=\"accelerometer; autoplay; clipboard-write; encrypted-media; gyroscope; picture-in-picture; web-share\" referrerpolicy=\"strict-origin-when-cross-origin\" allowfullscreen><\/iframe>\n<\/div><\/figure>\n","protected":false},"excerpt":{"rendered":"<p>Com Lewis Hamilton e Valtteri Bottas ficando sem contrato ao final da temporada 2021, Toto Wolff, chefe da Mercedes, n\u00e3o quer saber de repetir, em 2022, a novela que se alongou at\u00e9 fevereiro<\/p>\n","protected":false},"author":0,"featured_media":1000432116,"comment_status":"closed","ping_status":"closed","sticky":false,"template":"","format":"standard","meta":{"42wp_featured_image_caption":"","42wp_featured_image_credits":"","42wp_featured_video":"","42wp_featured_image_hidden":false,"42wp_authors_list":[],"footnotes":""},"categories":[2],"tags":[147,156,1357,24837,800,87,82,150,612],"42wp_author":[47117],"class_list":["post-123532","post","type-post","status-publish","format-standard","has-post-thumbnail","hentry","category-f1","tag-f1","tag-f1-2021","tag-f1-2022","tag-formula-1-2","tag-george-russell","tag-lewis-hamilton","tag-mercedes","tag-toto-wolff","tag-valtteri-bottas","42wp_author-gabriel-curty"],"_links":{"self":[{"href":"https:\/\/grandepremio.com\/br\/wp-json\/wp\/v2\/posts\/123532","targetHints":{"allow":["GET"]}}],"collection":[{"href":"https:\/\/grandepremio.com\/br\/wp-json\/wp\/v2\/posts"}],"about":[{"href":"https:\/\/grandepremio.com\/br\/wp-json\/wp\/v2\/types\/post"}],"replies":[{"embeddable":true,"href":"https:\/\/grandepremio.com\/br\/wp-json\/wp\/v2\/comments?post=123532"}],"version-history":[{"count":0,"href":"https:\/\/grandepremio.com\/br\/wp-json\/wp\/v2\/posts\/123532\/revisions"}],"wp:featuredmedia":[{"embeddable":true,"href":"https:\/\/grandepremio.com\/br\/wp-json\/wp\/v2\/media\/1000432116"}],"wp:attachment":[{"href":"https:\/\/grandepremio.com\/br\/wp-json\/wp\/v2\/media?parent=123532"}],"wp:term":[{"taxonomy":"category","embeddable":true,"href":"https:\/\/grandepremio.com\/br\/wp-json\/wp\/v2\/categories?post=123532"},{"taxonomy":"post_tag","embeddable":true,"href":"https:\/\/grandepremio.com\/br\/wp-json\/wp\/v2\/tags?post=123532"},{"taxonomy":"42wp_author","embeddable":true,"href":"https:\/\/grandepremio.com\/br\/wp-json\/wp\/v2\/42wp_author?post=123532"}],"curies":[{"name":"wp","href":"https:\/\/api.w.org\/{rel}","templated":true}]}}