{"id":123542,"date":"2021-02-08T11:52:00","date_gmt":"2021-02-08T14:52:00","guid":{"rendered":"https:\/\/grandepremio.com\/br\/noticias\/mercedes-desmente-veto-a-max-verstappen-e-explica-contrato-de-um-ano-com-lewis-hamilton\/"},"modified":"2021-02-08T11:52:08","modified_gmt":"2021-02-08T14:52:08","slug":"mercedes-desmente-veto-a-max-verstappen-e-explica-contrato-de-um-ano-com-lewis-hamilton","status":"publish","type":"post","link":"https:\/\/grandepremio.com\/br\/f1\/mercedes-desmente-veto-a-max-verstappen-e-explica-contrato-de-um-ano-com-lewis-hamilton\/","title":{"rendered":"Mercedes desmente veto a Verstappen e explica contrato de um ano com Hamilton"},"content":{"rendered":"\n<figure class=\"wp-block-embed is-type-video is-provider-youtube wp-block-embed-youtube wp-embed-aspect-16-9 wp-has-aspect-ratio\"><div class=\"wp-block-embed__wrapper\">\n<iframe loading=\"lazy\" title=\"McLAREN TEM CHANCE DE VENCER NA F1 2021 COM RICCIARDO E MOTOR MERCEDES? | GP \u00e0s 10\" width=\"500\" height=\"281\" src=\"https:\/\/www.youtube.com\/embed\/ehQqJWYi6wQ?feature=oembed\" frameborder=\"0\" allow=\"accelerometer; autoplay; clipboard-write; encrypted-media; gyroscope; picture-in-picture; web-share\" referrerpolicy=\"strict-origin-when-cross-origin\" allowfullscreen><\/iframe>\n<\/div><\/figure>\n\n\n\n<p class=\"wp-block-paragraph\">A novela acabou nesta segunda-feira (8). Lewis Hamilton e Mercedes <a href=\"https:\/\/www.grandepremio.com\/br\/f1\/noticias\/mercedes-acaba-com-espera-e-renova-contrato-de-lewis-hamilton-para-temporada-2021\/\">finalmente chegaram a um acordo e assinaram a renova\u00e7\u00e3o do contrato para a temporada 2021<\/a>. Um detalhe, no entanto, chamou a aten\u00e7\u00e3o: a dura\u00e7\u00e3o de apenas um ano. Toto Wolff, ent\u00e3o, precisou explicar.<\/p>\n\n\n\n<p class=\"wp-block-paragraph\">O dirigente austr\u00edaco afirmou que o desejo de Hamilton e Mercedes eram adiar as discuss\u00f5es sobre a dura\u00e7\u00e3o do contrato para depois de 2022 para depois do in\u00edcio da temporada. No in\u00edcio do ano, Wolff foi diagnosticado com Covid-19, alterando os rumos das conversas nos bastidores.<\/p>\n\n\n\n<p class=\"wp-block-paragraph\">&#8220;N\u00f3s concordamos com um acordo de um ano. Primeiro, h\u00e1 uma enorme mudan\u00e7a no regualmento em 2022. N\u00f3s tamb\u00e9m queremos ver como o mundo e a companhia se desenvolvem. Al\u00e9m disso, n\u00f3s demoramos muito. Quer\u00edamos discutir o contrato no fim da temporada, entre as corridas no Bahrein, mas o Lewis [Hamilton] n\u00e3o se sentiu bem [contraiu Covid-19]. No fim, come\u00e7amos s\u00f3 depois do Natal&#8221;, disse Wolff.<\/p>\n\n\n\n<figure class=\"wp-block-image size-large\"><img decoding=\"async\" src=\"https:\/\/www.grandepremio.com\/br\/wp-content\/uploads\/2020\/11\/Em3GiieXUAERixA-1024x683.jpg\" alt=\"F\u00d3RMULA 1; F1; F1 2020; LEWIS HAMILTON; GP DA TURQUIA;\" class=\"wp-image-435985\"\/><figcaption>Lewis Hamilton vai para sua nona temporada consecutiva com a Mercedes na F1 (Foto: Mercedes)<\/figcaption><\/figure>\n\n\n\n<p class=\"wp-block-paragraph\"><strong>Conhe\u00e7a o canal do Grande Pr\u00eamio no YouTube! Clique\u00a0<a rel=\"noreferrer noopener\" href=\"https:\/\/youtube.com\/GrandePremioTV\" target=\"_blank\">aqui<\/a>.<br>Siga o Grande Pr\u00eamio no\u00a0<a rel=\"noreferrer noopener\" href=\"https:\/\/twitter.com\/grandepremio\" target=\"_blank\">Twitter\u00a0<\/a>e no\u00a0<a rel=\"noreferrer noopener\" href=\"https:\/\/instagram.com\/grandepremio\" target=\"_blank\">Instagram<\/a>!<\/strong><\/p>\n\n\n\n<p class=\"wp-block-paragraph\">&#8220;O importante \u00e9 que fizemos o mais r\u00e1pido poss\u00edvel. E, em respeito a isso, pensamos em adiar a discuss\u00e3o sobre 2022 e adiante para depois&#8221;, completou.<\/p>\n\n\n\n<p class=\"wp-block-paragraph\">Wolff ainda comentou sobre um suposto veto de Hamilton a Max Verstappen no contrato para os pr\u00f3ximos anos.<\/p>\n\n\n\n<p class=\"wp-block-paragraph\">&#8220;Eu n\u00e3o sei onde isso surgiu porque n\u00e3o \u00e9 verdade&#8221;, afirmou.<\/p>\n\n\n\n\n\n<p class=\"wp-block-paragraph\">A crise causada pela pandemia do novo coronav\u00edrus tamb\u00e9m afetaram as negocia\u00e7\u00f5es, segundo Wolff, principalmente pelas incertezas econ\u00f4micas at\u00e9 mesmo dentro da companhia.<\/p>\n\n\n\n<p class=\"wp-block-paragraph\">&#8220;Existem incertezas no mundo que podem afetar a maneira de operar o esporte, coisas que influenciam em receitas, patroc\u00ednios e acordos com televis\u00f5es. A Daimler e a Mercedes est\u00e3o em uma enorme transforma\u00e7\u00e3o a caminho da mobilidade el\u00e9trica e isso significa investimentos, ent\u00e3o estamos vivendo uma realidade financeira de anos atr\u00e1s&#8221;, finalizou.<\/p>\n\n\n","protected":false},"excerpt":{"rendered":"<p>Toto Wolff precisou dar as caras na imprensa para explicar o contrato de apenas um ano entre a Mercedes e Lewis Hamilton. E afirmou que a crise causada pelo novo coronav\u00edrus atrapalhou muito os rumos das negocia\u00e7\u00f5es, especialmente nos \u00faltimos meses<\/p>\n","protected":false},"author":0,"featured_media":1000432246,"comment_status":"closed","ping_status":"closed","sticky":false,"template":"","format":"standard","meta":{"42wp_featured_image_caption":"","42wp_featured_image_credits":"","42wp_featured_video":"","42wp_featured_image_hidden":false,"42wp_authors_list":[],"footnotes":""},"categories":[2],"tags":[24858,147,156,24837,25536,87,203,82,150],"42wp_author":[47135],"class_list":["post-123542","post","type-post","status-publish","format-standard","has-post-thumbnail","hentry","category-f1","tag-covid-19","tag-f1","tag-f1-2021","tag-formula-1-2","tag-formula-1-2021-2","tag-lewis-hamilton","tag-max-verstappen","tag-mercedes","tag-toto-wolff","42wp_author-pedro-luis-cuenca"],"_links":{"self":[{"href":"https:\/\/grandepremio.com\/br\/wp-json\/wp\/v2\/posts\/123542","targetHints":{"allow":["GET"]}}],"collection":[{"href":"https:\/\/grandepremio.com\/br\/wp-json\/wp\/v2\/posts"}],"about":[{"href":"https:\/\/grandepremio.com\/br\/wp-json\/wp\/v2\/types\/post"}],"replies":[{"embeddable":true,"href":"https:\/\/grandepremio.com\/br\/wp-json\/wp\/v2\/comments?post=123542"}],"version-history":[{"count":0,"href":"https:\/\/grandepremio.com\/br\/wp-json\/wp\/v2\/posts\/123542\/revisions"}],"wp:featuredmedia":[{"embeddable":true,"href":"https:\/\/grandepremio.com\/br\/wp-json\/wp\/v2\/media\/1000432246"}],"wp:attachment":[{"href":"https:\/\/grandepremio.com\/br\/wp-json\/wp\/v2\/media?parent=123542"}],"wp:term":[{"taxonomy":"category","embeddable":true,"href":"https:\/\/grandepremio.com\/br\/wp-json\/wp\/v2\/categories?post=123542"},{"taxonomy":"post_tag","embeddable":true,"href":"https:\/\/grandepremio.com\/br\/wp-json\/wp\/v2\/tags?post=123542"},{"taxonomy":"42wp_author","embeddable":true,"href":"https:\/\/grandepremio.com\/br\/wp-json\/wp\/v2\/42wp_author?post=123542"}],"curies":[{"name":"wp","href":"https:\/\/api.w.org\/{rel}","templated":true}]}}