{"id":123585,"date":"2021-02-05T10:30:00","date_gmt":"2021-02-05T13:30:00","guid":{"rendered":"https:\/\/grandepremio.com\/br\/noticias\/gp-as-10-formula-1-2021-fora-da-globo-e-a-caminho-da-band-o-que-muda\/"},"modified":"2021-02-05T14:23:12","modified_gmt":"2021-02-05T17:23:12","slug":"gp-as-10-formula-1-2021-fora-da-globo-e-a-caminho-da-band-o-que-muda","status":"publish","type":"post","link":"https:\/\/grandepremio.com\/br\/f1\/gp-as-10-formula-1-2021-fora-da-globo-e-a-caminho-da-band-o-que-muda\/","title":{"rendered":"GP \u00e0s 10: F\u00f3rmula 1 2021 fora da Globo e a caminho da Band. O que muda?"},"content":{"rendered":"\n<figure class=\"wp-block-embed is-type-video is-provider-youtube wp-block-embed-youtube wp-embed-aspect-16-9 wp-has-aspect-ratio\"><div class=\"wp-block-embed__wrapper\">\n<iframe loading=\"lazy\" title=\"F1 2021 FORA DA GLOBO E A CAMINHO DA BAND. O QUE MUDA? | GP \u00e0s 10\" width=\"500\" height=\"281\" src=\"https:\/\/www.youtube.com\/embed\/acMdcEwRXYI?feature=oembed\" frameborder=\"0\" allow=\"accelerometer; autoplay; clipboard-write; encrypted-media; gyroscope; picture-in-picture; web-share\" referrerpolicy=\"strict-origin-when-cross-origin\" allowfullscreen><\/iframe>\n<\/div><\/figure>\n\n\n\n<p class=\"wp-block-paragraph\">A F\u00f3rmula 1 n\u00e3o vai ser mais transmitida pelo Grupo Globo. Depois de uma trajet\u00f3ria retomada em 1981, em que a mais importante emissora brasileira e seu bra\u00e7o na TV por assinatura, o SporTV, exibiram as provas do Mundial de forma ininterrupta, veio a confirma\u00e7\u00e3o, na \u00faltima quinta-feira, de que n\u00e3o houve acordo para a renova\u00e7\u00e3o do v\u00ednculo para as pr\u00f3ximas temporadas. E <a href=\"https:\/\/www.grandepremio.com\/br\/f1\/noticias\/band-aproveita-desistencia-da-globo-e-fecha-acordo-para-transmissao-da-f1-por-dois-anos\/\">um dia depois, o <strong>GRANDE PR\u00caMIO <\/strong>pode confirmar que a Band ser\u00e1 a nova casa da F1 pelo menos at\u00e9 2022<\/a>.<\/p>\n\n\n\n<p class=\"wp-block-paragraph\">O desfecho desfavor\u00e1vel ao Grupo Globo pode ser considerado uma surpresa depois que tudo apontava para um acordo entre as partes depois da retomada das negocia\u00e7\u00f5es at\u00e9 o fim do ano passado. Entretanto, o cen\u00e1rio mudou neste come\u00e7o de 2021, e a emissora vai sair de cena, abrindo espa\u00e7o para uma concorrente transmitir a categoria.<\/p>\n\n\n\n<p class=\"wp-block-paragraph\">A Band, que foi a primeira emissora brasileira a transmitir uma temporada completa e ao vivo do Mundial de F1, em 1980, est\u00e1 de volta depois de 41 anos. O canal sediado no Morumbi, em S\u00e3o Paulo, tem refor\u00e7ado a sua estrutura para as transmiss\u00f5es esportivas depois que o Show do Esporte, lend\u00e1rio programa que protagoniza a faixa dominical e que foi criado nos anos 1980 por Luciano do Valle, est\u00e1 de volta \u00e0 grande desde o fim de 2020.<\/p>\n\n\n\n<p class=\"wp-block-paragraph\">Com o Show do Esporte, a Band adquiriu os direitos de transmiss\u00e3o da Stock Car e trouxe, a reboque, Reginaldo Leme, o mais tradicional comentarista de F\u00f3rmula 1 no Brasil, como uma das contrata\u00e7\u00f5es para refor\u00e7ar sua equipe.<\/p>\n\n\n\n<p class=\"wp-block-paragraph\">A grande surpresa sobre o acordo entre F1 e a Band diz respeito aos altos custos para bancar os direitos de transmiss\u00e3o da categoria, o grande ponto do embate entre Grupo Globo e Liberty Media.<\/p>\n\n\n\n<p class=\"wp-block-paragraph\">Quais os efeitos para o automobilismo no Brasil o fato de a principal categoria do esporte a motor n\u00e3o ser mais transmitida pela maior e mais abrangente emissora do pa\u00eds? Como vai ser essa nova era, agora com a Band sendo a respons\u00e1vel pelas transmiss\u00f5es em TV aberta no pa\u00eds? E como todo esse cen\u00e1rio vai afetar no crescimento dos f\u00e3s por aqui? Esse \u00e9 o debate proposto por Victor Martins no GP \u00e0s 10 desta sexta-feira, que conta tamb\u00e9m com as presen\u00e7as de Erich Beting, Flavio Gomes e Fernando Silva.<\/p>\n\n\n\n<p class=\"wp-block-paragraph\"><strong>Conhe\u00e7a o canal do Grande Pr\u00eamio no YouTube! Clique&nbsp;<a rel=\"noreferrer noopener\" href=\"https:\/\/youtube.com\/GrandePremioTV\" target=\"_blank\">aqui<\/a>.<br>Siga o Grande Pr\u00eamio no&nbsp;<a rel=\"noreferrer noopener\" href=\"https:\/\/twitter.com\/grandepremio\" target=\"_blank\">Twitter&nbsp;<\/a>e no&nbsp;<a rel=\"noreferrer noopener\" href=\"https:\/\/instagram.com\/grandepremio\" target=\"_blank\">Instagram<\/a>!<\/strong><\/p>\n","protected":false},"excerpt":{"rendered":"<p>O que ser\u00e1 da F\u00f3rmula 1 no Brasil com as transmiss\u00f5es fora da Globo e de volta \u00e0 Band depois de mais de 40 anos? Victor Martins comenta no GP \u00e0s 10 desta sexta-feira<\/p>\n","protected":false},"author":0,"featured_media":1000430616,"comment_status":"closed","ping_status":"closed","sticky":false,"template":"","format":"standard","meta":{"42wp_featured_image_caption":"","42wp_featured_image_credits":"","42wp_featured_video":"","42wp_featured_image_hidden":false,"42wp_authors_list":[],"footnotes":""},"categories":[2],"tags":[1280,147,156,24837,25536,1224,24840,787,486],"42wp_author":[47110],"class_list":["post-123585","post","type-post","status-publish","format-standard","has-post-thumbnail","hentry","category-f1","tag-band","tag-f1","tag-f1-2021","tag-formula-1-2","tag-formula-1-2021-2","tag-globo","tag-gp-as-10-2","tag-grupo-globo","tag-victor-martins","42wp_author-fernando-silva"],"_links":{"self":[{"href":"https:\/\/grandepremio.com\/br\/wp-json\/wp\/v2\/posts\/123585","targetHints":{"allow":["GET"]}}],"collection":[{"href":"https:\/\/grandepremio.com\/br\/wp-json\/wp\/v2\/posts"}],"about":[{"href":"https:\/\/grandepremio.com\/br\/wp-json\/wp\/v2\/types\/post"}],"replies":[{"embeddable":true,"href":"https:\/\/grandepremio.com\/br\/wp-json\/wp\/v2\/comments?post=123585"}],"version-history":[{"count":0,"href":"https:\/\/grandepremio.com\/br\/wp-json\/wp\/v2\/posts\/123585\/revisions"}],"wp:featuredmedia":[{"embeddable":true,"href":"https:\/\/grandepremio.com\/br\/wp-json\/wp\/v2\/media\/1000430616"}],"wp:attachment":[{"href":"https:\/\/grandepremio.com\/br\/wp-json\/wp\/v2\/media?parent=123585"}],"wp:term":[{"taxonomy":"category","embeddable":true,"href":"https:\/\/grandepremio.com\/br\/wp-json\/wp\/v2\/categories?post=123585"},{"taxonomy":"post_tag","embeddable":true,"href":"https:\/\/grandepremio.com\/br\/wp-json\/wp\/v2\/tags?post=123585"},{"taxonomy":"42wp_author","embeddable":true,"href":"https:\/\/grandepremio.com\/br\/wp-json\/wp\/v2\/42wp_author?post=123585"}],"curies":[{"name":"wp","href":"https:\/\/api.w.org\/{rel}","templated":true}]}}