{"id":123627,"date":"2021-02-03T09:14:45","date_gmt":"2021-02-03T12:14:45","guid":{"rendered":"https:\/\/grandepremio.com\/br\/noticias\/chefao-da-formula-1-rebate-criticas-sobre-corridas-chatas-a-audiencia-aumentou\/"},"modified":"2021-02-03T09:32:02","modified_gmt":"2021-02-03T12:32:02","slug":"chefao-da-formula-1-rebate-criticas-sobre-corridas-chatas-a-audiencia-aumentou","status":"publish","type":"post","link":"https:\/\/grandepremio.com\/br\/f1\/chefao-da-formula-1-rebate-criticas-sobre-corridas-chatas-a-audiencia-aumentou\/","title":{"rendered":"Chef\u00e3o da F\u00f3rmula 1 rebate cr\u00edticas sobre corridas chatas: &#8220;A audi\u00eancia aumentou&#8221;"},"content":{"rendered":"\n<figure class=\"wp-block-embed is-type-video is-provider-youtube wp-block-embed-youtube wp-embed-aspect-16-9 wp-has-aspect-ratio\"><div class=\"wp-block-embed__wrapper\">\n<iframe loading=\"lazy\" title=\"AUT\u00d3DROMO DE F1 EM DEODORO: AVENTURA MENTIROSA \u00c9 ENTERRADA, DIZ FLAVIO GOMES | GP \u00e0s 10\" width=\"500\" height=\"281\" src=\"https:\/\/www.youtube.com\/embed\/UaOLKZJj_ac?feature=oembed\" frameborder=\"0\" allow=\"accelerometer; autoplay; clipboard-write; encrypted-media; gyroscope; picture-in-picture; web-share\" referrerpolicy=\"strict-origin-when-cross-origin\" allowfullscreen><\/iframe>\n<\/div><\/figure>\n\n\n\n<p class=\"wp-block-paragraph\">Stefano Domenicali v\u00ea um interesse cada vez maior do p\u00fablico em rela\u00e7\u00e3o \u00e0 F\u00f3rmula 1. O novo chef\u00e3o da categoria destacou como as corridas e pilotos atraem a aten\u00e7\u00e3o dos f\u00e3s, que crescem de n\u00famero a cada ano que passa.<\/p>\n\n\n\n<p class=\"wp-block-paragraph\">A temporada 2020 reservou diversas surpresas. Em 17 etapas, n\u00e3o foi novidade Lewis Hamilton ter vencido 11 delas e ter alcan\u00e7ado o heptacampeonato, mas outras grandes hist\u00f3rias tamb\u00e9m chamaram a aten\u00e7\u00e3o, como a estreia de Esteban Ocon no p\u00f3dio, os retornos de Daniel Ricciardo e Sebastian Vettel no top-3 e as vit\u00f3rias in\u00e9ditas de Pierre Gasly e Sergio P\u00e9rez.<\/p>\n\n\n\n<p class=\"wp-block-paragraph\">Portanto, o sucessor de Chase Carey e ex-Ferrari v\u00ea a F1 em um momento positivo. \u201cCorridas chatas? Vejo os n\u00fameros e no ano passado, a audi\u00eancia cresceu\u201d, disse o dirigente em entrevista \u00e0 emissora italiana Rete4.<\/p>\n\n\n\n<figure class=\"wp-block-image size-large\"><img decoding=\"async\" src=\"https:\/\/www.grandepremio.com\/br\/wp-content\/uploads\/2021\/01\/shanghaisunday6-419195-1024x681.jpg\" alt=\"\" class=\"wp-image-445515\"\/><figcaption>Domenicali v\u00ea interesse cada vez maior pela F\u00f3rmula 1 (Foto: LAT\/Pirelli)<\/figcaption><\/figure>\n\n\n\n<p class=\"wp-block-paragraph\"><strong>Conhe\u00e7a o canal do Grande Pr\u00eamio no YouTube! Clique&nbsp;<a rel=\"noreferrer noopener\" href=\"https:\/\/youtube.com\/GrandePremioTV\" target=\"_blank\">aqui<\/a>.<br>Siga o Grande Pr\u00eamio no&nbsp;<a rel=\"noreferrer noopener\" href=\"https:\/\/twitter.com\/grandepremio\" target=\"_blank\">Twitter&nbsp;<\/a>e no&nbsp;<a rel=\"noreferrer noopener\" href=\"https:\/\/instagram.com\/grandepremio\" target=\"_blank\">Instagram<\/a>!<\/strong><\/p>\n\n\n\n<p class=\"wp-block-paragraph\">\u201cH\u00e1 um grande desejo pela F\u00f3rmula 1, milh\u00f5es de pessoas acompanham. H\u00e1 um desejo pela paix\u00e3o, personalidades, pilotos que s\u00e3o \u00fanicos, mitol\u00f3gicos, capazes de atrair o interesse das pessoas\u201d, completou o italiano.<\/p>\n\n\n\n<p class=\"wp-block-paragraph\">Apesar de Hamilton ter conquistado o t\u00edtulo mundial por antecipa\u00e7\u00e3o, a temporada passada da F\u00f3rmula 1 registrou um total de 13 pilotos diferentes no p\u00f3dio, n\u00famero que a categoria n\u00e3o registrava desde 2012, ano em que o Mundial teve sete vencedores diferentes nas sete primeiras corridas daquele campeonato.<\/p>\n\n\n\n<p class=\"wp-block-paragraph\">Domenicali aproveitou tamb\u00e9m para comentar do calend\u00e1rio de 2021. Para esta temporada, a abertura estava programada para a Austr\u00e1lia, <a href=\"https:\/\/www.grandepremio.com\/br\/f1\/noticias\/f1-confirma-adiamento-do-gp-da-australia-bahrein-abre-temporada-e-imola-volta\/\">mas a etapa foi empurrada para novembro<\/a> por conta da pandemia. Ainda, <a href=\"https:\/\/www.grandepremio.com\/br\/f1\/noticias\/apos-cancelamento-do-gp-da-australia-f1-decide-adiar-etapas-do-bahrein-e-do-vietna\/\">a prova na China foi adiada<\/a> e <a href=\"https:\/\/www.grandepremio.com\/br\/f1\/noticias\/gp-do-vietna-confirma-cancelamento-sete-meses-apos-ser-adiado-e-ja-fora-do-calendario\/\">Vietn\u00e3 cancelada<\/a> pelo menos motivo.<\/p>\n\n\n\n<p class=\"wp-block-paragraph\">Questionado se a F1 conseguir\u00e1 correr ao redor do mundo, Stefano afirmou que \u201cpode ser feito. No ano passado foi muito bom, com um campeonato realizado mesmo com as dificuldades dos procedimentos intrusivos, mas necess\u00e1rios. O desejo \u00e9 seguir por esse caminho\u201d, ressaltou Domenicali, cauteloso, por\u00e9m, em raz\u00e3o do recrudescimento da pandemia, que ainda assola o mundo neste come\u00e7o de 2021.<\/p>\n\n\n\n<figure class=\"wp-block-embed is-type-video is-provider-youtube wp-block-embed-youtube wp-embed-aspect-16-9 wp-has-aspect-ratio\"><div class=\"wp-block-embed__wrapper\">\n<iframe loading=\"lazy\" title=\"AFINAL, COMO VAI FICAR O CALEND\u00c1RIO DA F1 2021? | GP \u00e0s 10\" width=\"500\" height=\"281\" src=\"https:\/\/www.youtube.com\/embed\/K4E0Qu8GdRo?feature=oembed\" frameborder=\"0\" allow=\"accelerometer; autoplay; clipboard-write; encrypted-media; gyroscope; picture-in-picture; web-share\" referrerpolicy=\"strict-origin-when-cross-origin\" allowfullscreen><\/iframe>\n<\/div><\/figure>\n","protected":false},"excerpt":{"rendered":"<p>Stefano Domenicali destacou o interesse cada vez maior do p\u00fablico em rela\u00e7\u00e3o \u00e0 categoria, apontando como a audi\u00eancia cresceu no \u00faltimo ano <\/p>\n","protected":false},"author":0,"featured_media":1000442197,"comment_status":"closed","ping_status":"closed","sticky":false,"template":"","format":"standard","meta":{"42wp_featured_image_caption":"","42wp_featured_image_credits":"","42wp_featured_video":"","42wp_featured_image_hidden":false,"42wp_authors_list":[],"footnotes":""},"categories":[2],"tags":[147,156,24837,25536,27004,27003,907],"42wp_author":[47123],"class_list":["post-123627","post","type-post","status-publish","format-standard","has-post-thumbnail","hentry","category-f1","tag-f1","tag-f1-2021","tag-formula-1-2","tag-formula-1-2021-2","tag-horario-f1-2021","tag-horario-formula-1-2021","tag-stefano-domenicali","42wp_author-nathalia-de-vivo"],"_links":{"self":[{"href":"https:\/\/grandepremio.com\/br\/wp-json\/wp\/v2\/posts\/123627","targetHints":{"allow":["GET"]}}],"collection":[{"href":"https:\/\/grandepremio.com\/br\/wp-json\/wp\/v2\/posts"}],"about":[{"href":"https:\/\/grandepremio.com\/br\/wp-json\/wp\/v2\/types\/post"}],"replies":[{"embeddable":true,"href":"https:\/\/grandepremio.com\/br\/wp-json\/wp\/v2\/comments?post=123627"}],"version-history":[{"count":0,"href":"https:\/\/grandepremio.com\/br\/wp-json\/wp\/v2\/posts\/123627\/revisions"}],"wp:featuredmedia":[{"embeddable":true,"href":"https:\/\/grandepremio.com\/br\/wp-json\/wp\/v2\/media\/1000442197"}],"wp:attachment":[{"href":"https:\/\/grandepremio.com\/br\/wp-json\/wp\/v2\/media?parent=123627"}],"wp:term":[{"taxonomy":"category","embeddable":true,"href":"https:\/\/grandepremio.com\/br\/wp-json\/wp\/v2\/categories?post=123627"},{"taxonomy":"post_tag","embeddable":true,"href":"https:\/\/grandepremio.com\/br\/wp-json\/wp\/v2\/tags?post=123627"},{"taxonomy":"42wp_author","embeddable":true,"href":"https:\/\/grandepremio.com\/br\/wp-json\/wp\/v2\/42wp_author?post=123627"}],"curies":[{"name":"wp","href":"https:\/\/api.w.org\/{rel}","templated":true}]}}