{"id":12363,"date":"2026-02-06T15:57:11","date_gmt":"2026-02-06T18:57:11","guid":{"rendered":"https:\/\/grandepremio.com\/br\/noticias\/lucas-moraes-avalia-chance-correr-wrc-mas-mantem-foco-ganhar-dakar-pelo-brasil\/"},"modified":"2026-02-06T16:06:46","modified_gmt":"2026-02-06T19:06:46","slug":"lucas-moraes-avalia-chance-correr-wrc-mas-mantem-foco-ganhar-dakar-pelo-brasil","status":"publish","type":"post","link":"https:\/\/grandepremio.com\/br\/rally\/lucas-moraes-avalia-chance-correr-wrc-mas-mantem-foco-ganhar-dakar-pelo-brasil\/","title":{"rendered":"Moraes avalia chance de correr no WRC, mas mant\u00e9m foco em \u201cganhar Dakar pelo Brasil\u201d"},"content":{"rendered":"\n<p class=\"wp-block-paragraph\">O brasileiro <strong>Lucas Moraes<\/strong> vive um momento de alta no cen\u00e1rio do rali mundial e vem de mais uma participa\u00e7\u00e3o no <strong>Dakar <\/strong>em 2026, <a href=\"https:\/\/www.grandepremio.com\/br\/rally\/noticias\/nasser-al-attiyah-controla-vantagem-fatura-sexto-dakar-carreira-lucas-moraes-7o\/\">terminando a prova na s\u00e9tima posi\u00e7\u00e3o geral nos carros<\/a>. Al\u00e9m disso, tamb\u00e9m \u00e9 o atual campe\u00e3o do <strong>Mundial de Rali Raid<\/strong> (<strong>W2RC<\/strong>) e vive o in\u00edcio de uma nova parceria com a <strong>Dacia<\/strong>. Por\u00e9m, mesmo sendo um dos grandes nomes atuais da modalidade, Moraes n\u00e3o est\u00e1 muito focado em buscar novos rumos \u2014 pelo menos n\u00e3o neste momento. <\/p>\n\n\n\n<p class=\"wp-block-paragraph\">Durante participa\u00e7\u00e3o no <strong>Ask Me Anything<\/strong> (<strong>AMA<\/strong>) na comunidade do <strong>Reddit <\/strong>do <strong>GRANDE PR\u00caMIO<\/strong>, Moraes foi questionado sobre o desejo de correr no <strong>Mundial de Rali<\/strong> (<strong>WRC<\/strong>), um campeonato bastante diferente do W2RC com o qual est\u00e1 acostumado. Por\u00e9m, apesar de reconhecer que toparia o desafio no futuro, o brasileiro afastou esse sonho no presente momento. <\/p>\n\n\n\n<p class=\"wp-block-paragraph\">Moraes explicou que segue bastante focado em conquistar uma vit\u00f3ria geral no Dakar e disse que, depois que atingir esse feito, pode pensar em migrar para o WRC. Agora, por\u00e9m, o principal objetivo do brasileiro parece bastante claro. <\/p>\n\n\n\n<p class=\"wp-block-paragraph\">\u201cClaro que toda vez que voc\u00ea olha um carro de WRC, \u00e9 uma m\u00e1quina realmente incr\u00edvel. J\u00e1 sentei, entrei no carro e vi tudo de perto. Mas o foco hoje \u00e9 totalmente em tentar ganhar o Dakar. Gra\u00e7as a Deus, no ano passado consegui conquistar o Mundial, e foi um marco muito importante na minha carreira. E quem sabe, depois que eu ganhar o Dakar um dia, eu possa experimentar outras categorias&#8221;, comentou Moraes ao <strong>GP<\/strong>. <\/p>\n\n\n\n<figure class=\"wp-block-image size-large\"><img decoding=\"async\" src=\"https:\/\/www.grandepremio.com\/br\/wp-content\/uploads\/2026\/01\/SI202601030561-1200x800.jpg\" alt=\"\" class=\"wp-image-1047131\"\/><figcaption class=\"wp-element-caption\">Lucas Moraes durante o Dakar 2026 (Foto: Red Bull Content Pool)<\/figcaption><\/figure>\n\n\n\n<p class=\"wp-block-paragraph\">Em 2023, Moraes estreou no Dakar e logo se tornou o primeiro brasileiro a subir no p\u00f3dio ao conquistar a terceira coloca\u00e7\u00e3o no ranking geral. Agora, a meta passou a ser vencer a prova e dar ao Brasil um t\u00edtulo in\u00e9dito na hist\u00f3ria do tradicional rali. <\/p>\n\n\n\n<p class=\"wp-block-paragraph\">&#8220;Por enquanto, por\u00e9m, o foco \u00e9 o Dakar, e o grande sonho \u00e9 tentar ganhar o Dakar para o Brasil. Mas \u00e9 \u00f3bvio que, se surgir uma chance de pilotar um WRC, nem que seja s\u00f3 para teste, com certeza eu tentaria\u201d, finalizou. <\/p>\n\n\n\n<p class=\"wp-block-paragraph\">A temporada do W2RC continua entre os dias 17 e 22 de mar\u00e7o, com o <strong>Rali de Portugal<\/strong>, a segunda etapa do calend\u00e1rio de 2026. As datas oficiais para o Dakar 2027, por outro lado, ainda n\u00e3o foram divulgadas, mas a tend\u00eancia \u00e9 de que siga o padr\u00e3o de come\u00e7ar nos primeiros dias de janeiro.<\/p>\n\n\n\n<p class=\"wp-block-paragraph\">\u25b6\ufe0f&nbsp;<strong>Inscreva-se nos dois canais do GRANDE PR\u00caMIO no YouTube:&nbsp;<a href=\"https:\/\/www.youtube.com\/channel\/UC9OlHEgxoaY6QY6nWPoiqQg?sub_confirmation=1\" target=\"_blank\" rel=\"noreferrer noopener\">GP<\/a>&nbsp;|&nbsp;<a href=\"https:\/\/www.youtube.com\/channel\/UC9csiS6q_C3C0FYhyr1rnFA?sub_confirmation=1\" target=\"_blank\" rel=\"noreferrer noopener\">GP2<\/a><\/strong><\/p>\n\n\n\n<p class=\"wp-block-paragraph\"><\/p>\n","protected":false},"excerpt":{"rendered":"<p>Atual campe\u00e3o do W2RC e vindo de mais uma participa\u00e7\u00e3o no Dakar, o brasileiro Lucas Moraes respondeu ao GRANDE PR\u00caMIO se sonha em competir no Mundial de Rali (WRC) no futuro<\/p>\n","protected":false},"author":0,"featured_media":1001056189,"comment_status":"closed","ping_status":"closed","sticky":false,"template":"","format":"standard","meta":{"42wp_featured_image_caption":"","42wp_featured_image_credits":"","42wp_featured_video":"","42wp_featured_image_hidden":false,"42wp_authors_list":[],"footnotes":""},"categories":[5],"tags":[37807,36700,37806,36648,6791,36699,37723,36702,37500,853,1491,28285,37808,45659,36651,3787,30457,288,44418,45657,37809,30460,233,45654,618,45543,45564,31345,45655,45656,37900,33446,287,33779,45658],"42wp_author":[47162],"class_list":["post-12363","post","type-post","status-publish","format-standard","has-post-thumbnail","hentry","category-rally","tag-calendario-dakar","tag-calendario-mundial-de-rali","tag-calendario-rali-dakar","tag-calendario-wrc","tag-classificacao-dakar","tag-classificacao-mundial-de-rali","tag-classificacao-rali-dakar","tag-classificacao-wrc","tag-dacia","tag-dakar","tag-grande-premio","tag-grandepremio","tag-horarios-dakar","tag-horarios-mundial-de-rali","tag-horarios-wrc","tag-lucas-moraes","tag-motos-dakar","tag-mundial-de-rali","tag-mundial-de-rali-2026","tag-mundial-de-rali-hoje","tag-onde-assistir-dakar","tag-quadriciclos-dakar","tag-rali","tag-rali-2026","tag-rali-dakar","tag-rali-dakar-2026","tag-rali-dakar-hoje","tag-temporada-2026","tag-temporada-2026-do-mundial-de-rali","tag-temporada-2026-do-wrc","tag-utvs-dakar","tag-w2rc","tag-wrc","tag-wrc-2026","tag-wrc-hoje","42wp_author-giovani-danjo"],"_links":{"self":[{"href":"https:\/\/grandepremio.com\/br\/wp-json\/wp\/v2\/posts\/12363","targetHints":{"allow":["GET"]}}],"collection":[{"href":"https:\/\/grandepremio.com\/br\/wp-json\/wp\/v2\/posts"}],"about":[{"href":"https:\/\/grandepremio.com\/br\/wp-json\/wp\/v2\/types\/post"}],"replies":[{"embeddable":true,"href":"https:\/\/grandepremio.com\/br\/wp-json\/wp\/v2\/comments?post=12363"}],"version-history":[{"count":0,"href":"https:\/\/grandepremio.com\/br\/wp-json\/wp\/v2\/posts\/12363\/revisions"}],"wp:featuredmedia":[{"embeddable":true,"href":"https:\/\/grandepremio.com\/br\/wp-json\/wp\/v2\/media\/1001056189"}],"wp:attachment":[{"href":"https:\/\/grandepremio.com\/br\/wp-json\/wp\/v2\/media?parent=12363"}],"wp:term":[{"taxonomy":"category","embeddable":true,"href":"https:\/\/grandepremio.com\/br\/wp-json\/wp\/v2\/categories?post=12363"},{"taxonomy":"post_tag","embeddable":true,"href":"https:\/\/grandepremio.com\/br\/wp-json\/wp\/v2\/tags?post=12363"},{"taxonomy":"42wp_author","embeddable":true,"href":"https:\/\/grandepremio.com\/br\/wp-json\/wp\/v2\/42wp_author?post=12363"}],"curies":[{"name":"wp","href":"https:\/\/api.w.org\/{rel}","templated":true}]}}