{"id":123645,"date":"2021-02-02T08:35:27","date_gmt":"2021-02-02T11:35:27","guid":{"rendered":"https:\/\/grandepremio.com\/br\/noticias\/mercedes-e-terceira-equipe-da-formula-1-a-definir-data-de-lancamento-de-carro-para-2021\/"},"modified":"2021-02-02T08:41:57","modified_gmt":"2021-02-02T11:41:57","slug":"mercedes-e-terceira-equipe-da-formula-1-a-definir-data-de-lancamento-de-carro-para-2021","status":"publish","type":"post","link":"https:\/\/grandepremio.com\/br\/f1\/mercedes-e-terceira-equipe-da-formula-1-a-definir-data-de-lancamento-de-carro-para-2021\/","title":{"rendered":"Mercedes \u00e9 terceira equipe da F\u00f3rmula 1 a definir data de lan\u00e7amento de carro para 2021"},"content":{"rendered":"\n<p class=\"wp-block-paragraph\">A Mercedes j\u00e1 definiu a data em que vai apresentar o W12, carro da temporada 2021 da F\u00f3rmula 1. Nesta ter\u00e7a-feira (2), em um post nas redes sociais, a equipe alem\u00e3 informou que a revela\u00e7\u00e3o acontece em 2 de mar\u00e7o, uma ter\u00e7a-feira.<\/p>\n\n\n\n<p class=\"wp-block-paragraph\">O evento, que vai ser online, apresenta o carro com nome oficial Mercedes-AMG F1 W12 E Performance. A novidade da \u00faltima adi\u00e7\u00e3o na nomenclatura tamb\u00e9m vai aparecer em todos os h\u00edbridos de rua produzidos pela f\u00e1brica.<\/p>\n\n\n\n<p class=\"wp-block-paragraph\">Na \u00faltima semana, James Allison, diretor-t\u00e9cnico da Mercedes, <a href=\"https:\/\/www.grandepremio.com\/br\/f1\/noticias\/mercedes-diz-que-mudancas-podem-levar-w12-ao-nivel-de-2019-e-nosso-desafio\/\">afirmou que o carro de 2021 pode estar mais pr\u00f3ximo de 2019 em termos de performance<\/a> do que do ano passado. \u201cA combina\u00e7\u00e3o desses efeitos leva a performance do carro para a maneira como era em 2019. Esse tem sido nosso desafio nas \u00faltimas semanas com essas regras. Estamos buscando o m\u00e1ximo para recuperar nosso m\u00e1ximo desempenho poss\u00edvel\u201d, comentou.<\/p>\n\n\n\n<figure class=\"wp-block-video\"><video class=\"video-js vjs-big-play-centered\" data-gp-vjs=\"1\" controls src=\"https:\/\/www.grandepremio.com\/br\/wp-content\/uploads\/2021\/02\/13Hlyma3lTHg_5MT.mp4\"><\/video><\/figure>\n\n\n\n<p class=\"wp-block-paragraph\"><strong>Conhe\u00e7a o canal do Grande Pr\u00eamio no YouTube! Clique&nbsp;<a rel=\"noreferrer noopener\" href=\"https:\/\/youtube.com\/GrandePremioTV\" target=\"_blank\">aqui<\/a>.<br>Siga o Grande Pr\u00eamio no&nbsp;<a rel=\"noreferrer noopener\" href=\"https:\/\/twitter.com\/grandepremio\" target=\"_blank\">Twitter&nbsp;<\/a>e no&nbsp;<a rel=\"noreferrer noopener\" href=\"https:\/\/instagram.com\/grandepremio\" target=\"_blank\">Instagram<\/a>!<\/strong><\/p>\n\n\n\n<p class=\"wp-block-paragraph\">A temporada 2020 do time foi a mais dominante desde 2016. Foram 13 vit\u00f3rias em 17 corridas, conquistando o s\u00e9timo t\u00edtulo de construtores e dando o heptacampeonato a Lewis Hamilton.<\/p>\n\n\n\n<p class=\"wp-block-paragraph\">A dupla de pilotos ainda n\u00e3o est\u00e1 definida para este campeonato. Enquanto Valtteri Bottas j\u00e1 tem o contrato renovado para 2021, o ingl\u00eas ainda est\u00e1 no processo de negocia\u00e7\u00e3o, com Wolff j\u00e1 deixando claro que um acordo de longa dura\u00e7\u00e3o n\u00e3o est\u00e1 em cogita\u00e7\u00e3o.<\/p>\n\n\n\n<p class=\"wp-block-paragraph\">A Mercedes \u00e9 o terceiro time a definir a data de lan\u00e7amento para a temporada 2021. A McLaren definiu 15 de fevereiro para a apresenta\u00e7\u00e3o do MCL35M, seguida pela Alfa Romeo, que faz a revela\u00e7\u00e3o do C41 em 22 do mesmo m\u00eas.<\/p>\n\n\n\n<figure class=\"wp-block-embed is-type-video is-provider-youtube wp-block-embed-youtube wp-embed-aspect-16-9 wp-has-aspect-ratio\"><div class=\"wp-block-embed__wrapper\">\n<iframe loading=\"lazy\" title=\"MERCEDES W12 AO N\u00cdVEL DE 2019: HAVER\u00c1 LUTA NA F\u00d3RMULA 1 EM 2021? | GP \u00e0s 10\" width=\"500\" height=\"281\" src=\"https:\/\/www.youtube.com\/embed\/hbrJZgyPdcA?feature=oembed\" frameborder=\"0\" allow=\"accelerometer; autoplay; clipboard-write; encrypted-media; gyroscope; picture-in-picture; web-share\" referrerpolicy=\"strict-origin-when-cross-origin\" allowfullscreen><\/iframe>\n<\/div><\/figure>\n","protected":false},"excerpt":{"rendered":"<p>A equipe baseada em Brackley, terceira a anunciar a data de apresenta\u00e7\u00e3o do carro, definiu 2 de mar\u00e7o para revelar o W12 ao mundo<\/p>\n","protected":false},"author":0,"featured_media":1000447814,"comment_status":"closed","ping_status":"closed","sticky":false,"template":"","format":"standard","meta":{"42wp_featured_image_caption":"","42wp_featured_image_credits":"","42wp_featured_video":"","42wp_featured_image_hidden":false,"42wp_authors_list":[],"footnotes":""},"categories":[2],"tags":[147,156,24837,25536,27004,27003,82,27193],"42wp_author":[47123],"class_list":["post-123645","post","type-post","status-publish","format-standard","has-post-thumbnail","hentry","category-f1","tag-f1","tag-f1-2021","tag-formula-1-2","tag-formula-1-2021-2","tag-horario-f1-2021","tag-horario-formula-1-2021","tag-mercedes","tag-w12","42wp_author-nathalia-de-vivo"],"_links":{"self":[{"href":"https:\/\/grandepremio.com\/br\/wp-json\/wp\/v2\/posts\/123645","targetHints":{"allow":["GET"]}}],"collection":[{"href":"https:\/\/grandepremio.com\/br\/wp-json\/wp\/v2\/posts"}],"about":[{"href":"https:\/\/grandepremio.com\/br\/wp-json\/wp\/v2\/types\/post"}],"replies":[{"embeddable":true,"href":"https:\/\/grandepremio.com\/br\/wp-json\/wp\/v2\/comments?post=123645"}],"version-history":[{"count":0,"href":"https:\/\/grandepremio.com\/br\/wp-json\/wp\/v2\/posts\/123645\/revisions"}],"wp:featuredmedia":[{"embeddable":true,"href":"https:\/\/grandepremio.com\/br\/wp-json\/wp\/v2\/media\/1000447814"}],"wp:attachment":[{"href":"https:\/\/grandepremio.com\/br\/wp-json\/wp\/v2\/media?parent=123645"}],"wp:term":[{"taxonomy":"category","embeddable":true,"href":"https:\/\/grandepremio.com\/br\/wp-json\/wp\/v2\/categories?post=123645"},{"taxonomy":"post_tag","embeddable":true,"href":"https:\/\/grandepremio.com\/br\/wp-json\/wp\/v2\/tags?post=123645"},{"taxonomy":"42wp_author","embeddable":true,"href":"https:\/\/grandepremio.com\/br\/wp-json\/wp\/v2\/42wp_author?post=123645"}],"curies":[{"name":"wp","href":"https:\/\/api.w.org\/{rel}","templated":true}]}}