{"id":123661,"date":"2021-02-01T10:43:44","date_gmt":"2021-02-01T13:43:44","guid":{"rendered":"https:\/\/grandepremio.com\/br\/noticias\/recuperado-de-acidente-tragico-em-2019-juan-manuel-correa-disputa-nova-temporada-da-f3-pela-art\/"},"modified":"2021-02-01T11:02:07","modified_gmt":"2021-02-01T14:02:07","slug":"recuperado-de-acidente-tragico-em-2019-juan-manuel-correa-disputa-nova-temporada-da-f3-pela-art","status":"publish","type":"post","link":"https:\/\/grandepremio.com\/br\/f3\/recuperado-de-acidente-tragico-em-2019-juan-manuel-correa-disputa-nova-temporada-da-f3-pela-art\/","title":{"rendered":"Recuperado de acidente tr\u00e1gico em 2019, Correa disputa nova temporada da F3 pela ART"},"content":{"rendered":"\n<figure class=\"wp-block-embed is-type-video is-provider-youtube wp-block-embed-youtube wp-embed-aspect-16-9 wp-has-aspect-ratio\"><div class=\"wp-block-embed__wrapper\">\n<iframe loading=\"lazy\" title=\"F1 2021 D\u00c1 PONTAP\u00c9 INICIAL NA TEMPORADA EM FEVEREIRO  | GP \u00e0s 10\" width=\"500\" height=\"281\" src=\"https:\/\/www.youtube.com\/embed\/GMytyPX6ThU?feature=oembed\" frameborder=\"0\" allow=\"accelerometer; autoplay; clipboard-write; encrypted-media; gyroscope; picture-in-picture; web-share\" referrerpolicy=\"strict-origin-when-cross-origin\" allowfullscreen><\/iframe>\n<\/div><\/figure>\n\n\n\n<p class=\"wp-block-paragraph\">Mais de um ano depois do grave acidente sofrido no GP da B\u00e9lgica de F\u00f3rmula 2 de 2019, que vitimou Anthoine Hubert, Juan Manuel Correa vai retornar \u00e0 pista e correr a temporada 2021 da F\u00f3rmula 3 com a ART. O an\u00fancio do piloto de 21 anos, nascido no Equador, mas de nacionalidade norte-americana, foi feito nesta segunda-feira (1).<\/p>\n\n\n\n<p class=\"wp-block-paragraph\">Correa se envolveu no acidente com Hubert, foi hospitalizado com fraturas em ambas as pernas e passou por diversas cirurgias nos meses seguintes, passando por uma longa reabilita\u00e7\u00e3o para poder voltar a andar e, depois, a correr. Ano passado, foi premiado pela FIA Americas Awards por seu trabalho na F2 e como piloto de desenvolvimento da Alfa Romeo.<\/p>\n\n\n\n<p class=\"wp-block-paragraph\">&#8220;Primeiro de tudo, estou extremamente feliz por retornar ap\u00f3s tudo que passei. Sou muito grato \u00e0 ART. O fato deles acreditarem em mim significa muito para mim e meu retorno. A F\u00f3rmula 3 \u00e9 um ano de transi\u00e7\u00e3o, meu sonho ainda \u00e9 alcan\u00e7ar a F\u00f3rmula 1 e este \u00e9 meu primeiro passo&#8221;, afirmou Correa.<\/p>\n\n\n\n<figure class=\"wp-block-image size-large\"><img decoding=\"async\" src=\"https:\/\/www.grandepremio.com\/br\/wp-content\/uploads\/2019\/09\/20198312226753_CORREA_DMa.jpg\" alt=\"\" class=\"wp-image-360178\"\/><figcaption>Juan Manuel Correa volta \u00e0s pistas j\u00e1 em 2021 (Foto: FIA F\u00f3rmula 2)<\/figcaption><\/figure>\n\n\n\n<p class=\"wp-block-paragraph\"><strong>Conhe\u00e7a o canal do Grande Pr\u00eamio no YouTube! Clique&nbsp;<a rel=\"noreferrer noopener\" href=\"https:\/\/youtube.com\/GrandePremioTV\" target=\"_blank\">aqui<\/a>.<br>Siga o Grande Pr\u00eamio no&nbsp;<a rel=\"noreferrer noopener\" href=\"https:\/\/twitter.com\/grandepremio\" target=\"_blank\">Twitter&nbsp;<\/a>e no&nbsp;<a rel=\"noreferrer noopener\" href=\"https:\/\/instagram.com\/grandepremio\" target=\"_blank\">Instagram<\/a>!<\/strong><\/p>\n\n\n\n<p class=\"wp-block-paragraph\">&#8220;Meus objetivos est\u00e3o na minha frente, pois tenho muito a fazer. Eu n\u00e3o piloto um carro h\u00e1 mais de um ano e meio, tenho um grande aprendizado pela frente. Estou entrando nesta temporada com a mente aberta, sem colocar muita press\u00e3o. Vou fazer meu melhor e o que mais amo, que j\u00e1 \u00e9 uma vit\u00f3ria&#8221;, completou.<\/p>\n\n\n\n<p class=\"wp-block-paragraph\">Em 2020, Correa deu uma entrevista afirmando que <a href=\"https:\/\/www.grandepremio.com\/br\/f2\/noticias\/sobrevivente-de-acidente-com-hubert-correa-revela-plano-de-voltar-a-f2-em-2021\/\">gostaria de voltar a correr<\/a> na F2 j\u00e1 em 2021, mas reconhecia que o plano dependia do andamento da fase final do tratamento, que inclu\u00eda mais cirurgias, mas que poderia voltar a um carro em breve.<\/p>\n\n\n\n<p class=\"wp-block-paragraph\">S\u00e9bastien Philippe, chefe da ART, tamb\u00e9m comentou a contrata\u00e7\u00e3o. &#8220;Desde o horr\u00edvel acidente em Spa, Juan Manuel passou por diversas fases, sempre lutando e mantendo em mente que ele n\u00e3o queria desistir do sonho de continuar correndo em alto n\u00edvel. \u00c9 um exemplo de bravura e tenacidade, e a ART est\u00e1 orgulhosa de dar essa chance a ele para voltar a correr&#8221;, declarou.<\/p>\n\n\n\n\n","protected":false},"excerpt":{"rendered":"<p>Pouco mais de um ano ap\u00f3s um grave acidente que lesionou as duas pernas, Juan Manuel Correa volta a correr profissionalmente e ganha chance na ART para a temporada 2021 da F\u00f3rmula 3<\/p>\n","protected":false},"author":0,"featured_media":1000447956,"comment_status":"closed","ping_status":"closed","sticky":false,"template":"","format":"standard","meta":{"42wp_featured_image_caption":"","42wp_featured_image_credits":"","42wp_featured_video":"","42wp_featured_image_hidden":false,"42wp_authors_list":[],"footnotes":""},"categories":[10],"tags":[106,6086,1008,26641,24945,26907,107],"42wp_author":[47135],"class_list":["post-123661","post","type-post","status-publish","format-standard","has-post-thumbnail","hentry","category-f3","tag-anthoine-hubert","tag-art","tag-f3","tag-f3-2021","tag-formula-3-2","tag-formula-3-2021","tag-juan-manuel-correa","42wp_author-pedro-luis-cuenca"],"_links":{"self":[{"href":"https:\/\/grandepremio.com\/br\/wp-json\/wp\/v2\/posts\/123661","targetHints":{"allow":["GET"]}}],"collection":[{"href":"https:\/\/grandepremio.com\/br\/wp-json\/wp\/v2\/posts"}],"about":[{"href":"https:\/\/grandepremio.com\/br\/wp-json\/wp\/v2\/types\/post"}],"replies":[{"embeddable":true,"href":"https:\/\/grandepremio.com\/br\/wp-json\/wp\/v2\/comments?post=123661"}],"version-history":[{"count":0,"href":"https:\/\/grandepremio.com\/br\/wp-json\/wp\/v2\/posts\/123661\/revisions"}],"wp:featuredmedia":[{"embeddable":true,"href":"https:\/\/grandepremio.com\/br\/wp-json\/wp\/v2\/media\/1000447956"}],"wp:attachment":[{"href":"https:\/\/grandepremio.com\/br\/wp-json\/wp\/v2\/media?parent=123661"}],"wp:term":[{"taxonomy":"category","embeddable":true,"href":"https:\/\/grandepremio.com\/br\/wp-json\/wp\/v2\/categories?post=123661"},{"taxonomy":"post_tag","embeddable":true,"href":"https:\/\/grandepremio.com\/br\/wp-json\/wp\/v2\/tags?post=123661"},{"taxonomy":"42wp_author","embeddable":true,"href":"https:\/\/grandepremio.com\/br\/wp-json\/wp\/v2\/42wp_author?post=123661"}],"curies":[{"name":"wp","href":"https:\/\/api.w.org\/{rel}","templated":true}]}}