{"id":123677,"date":"2021-01-31T11:34:05","date_gmt":"2021-01-31T14:34:05","guid":{"rendered":"https:\/\/grandepremio.com\/br\/noticias\/prefeitura-pede-arquivamento-de-projeto-para-licenca-ambiental-de-autodromo-em-deodoro\/"},"modified":"2021-01-31T11:51:11","modified_gmt":"2021-01-31T14:51:11","slug":"prefeitura-pede-arquivamento-de-projeto-para-licenca-ambiental-de-autodromo-em-deodoro","status":"publish","type":"post","link":"https:\/\/grandepremio.com\/br\/f1\/prefeitura-pede-arquivamento-de-projeto-para-licenca-ambiental-de-autodromo-em-deodoro\/","title":{"rendered":"Prefeitura pede arquivamento de projeto para licen\u00e7a ambiental de aut\u00f3dromo em Deodoro"},"content":{"rendered":"\n<p class=\"wp-block-paragraph\">A Prefeitura do Rio de Janeiro ergueu mais uma barreira contra o projeto de constru\u00e7\u00e3o de um aut\u00f3dromo em Deodoro, na zona oeste da cidade. De acordo com o jornalista Lauro Jardim, do jornal O Globo, a gest\u00e3o do prefeito Eduardo Paes (DEM-RJ) pediu ao INEA (Instituto Estados do Ambiente) o arquivamento do processo de licenciamento ambiental para a constru\u00e7\u00e3o do circuito.<\/p>\n\n\n\n<p class=\"wp-block-paragraph\">O projeto do cons\u00f3rcio Rio Motorsport para a constru\u00e7\u00e3o do aut\u00f3dromo em Deodoro ganhou o apoio do governo federal, do governador afastado Wilson Witzel, e tamb\u00e9m do ex-prefeito Marcelo Crivela, mas foi alvo de in\u00fameros protestos da sociedade civil e tamb\u00e9m de entidades ligadas a preserva\u00e7\u00e3o do meio ambiente, j\u00e1 que a \u00e1rea destinada para a obra \u00e9 de Mata Atl\u00e2ntica nativa e abriga esp\u00e9cies de fauna e flora raras e amea\u00e7adas de extin\u00e7\u00e3o.<\/p>\n\n\n\n<figure class=\"wp-block-image size-large\"><img decoding=\"async\" src=\"https:\/\/www.grandepremio.com\/br\/wp-content\/uploads\/2018\/06\/20186262044763_Prefeitura-do-Rio_DMa.jpg\" alt=\"\" class=\"wp-image-384611\"\/><figcaption>A F1 pressionou pela libera\u00e7\u00e3o da constru\u00e7\u00e3o do circuito em Deodoro, mas acabou renovando com Interlagos (Foto: Reprodu\u00e7\u00e3o)<\/figcaption><\/figure>\n\n\n\n<p class=\"wp-block-paragraph\"><strong>Conhe\u00e7a o canal do Grande Pr\u00eamio no YouTube! Clique&nbsp;<a rel=\"noreferrer noopener\" href=\"https:\/\/youtube.com\/GrandePremioTV\" target=\"_blank\">aqui<\/a>.<br>Siga o Grande Pr\u00eamio no&nbsp;<a rel=\"noreferrer noopener\" href=\"https:\/\/twitter.com\/grandepremio\" target=\"_blank\">Twitter&nbsp;<\/a>e no&nbsp;<a rel=\"noreferrer noopener\" href=\"https:\/\/instagram.com\/grandepremio\" target=\"_blank\">Instagram<\/a>!<\/strong><\/p>\n\n\n\n<p class=\"wp-block-paragraph\">Ainda de acordo com Jardim, al\u00e9m de pedir o arquivamento do processo, a gest\u00e3o Paes tamb\u00e9m deu in\u00edcio a um estudo para transformar o local em uma unidade de conserva\u00e7\u00e3o ambiental.<\/p>\n\n\n\n<p class=\"wp-block-paragraph\">No in\u00edcio de janeiro, <a href=\"https:\/\/www.grandepremio.com\/br\/f1\/noticias\/de-volta-a-prefeitura-do-rio-paes-diz-que-nao-vai-ter-autodromo-em-deodoro\/\" target=\"_blank\" rel=\"noreferrer noopener\">Paes j\u00e1 tinha se mostrado contr\u00e1rio a destrui\u00e7\u00e3o da Floresta do Camboat\u00e1 para dar lugar a um aut\u00f3dromo<\/a>.<\/p>\n\n\n\n<p class=\"wp-block-paragraph\">\u201cN\u00e3o vai ter aut\u00f3dromo em Deodoro. \u00c9 meu compromisso com os ambientalistas, com o Partido Verde, que me apoiou nas elei\u00e7\u00f5es, \u00e9 de identificar uma nova \u00e1rea para esse aut\u00f3dromo, um novo local\u201d, disse Paes em entrevista concedida para a R\u00e1dio Bandeirantes.<\/p>\n\n\n\n<p class=\"wp-block-paragraph\">Uma das \u00e1reas aventadas \u00e9 em Guaratiba, tamb\u00e9m na zona oeste. H\u00e1 que se levar em considera\u00e7\u00f5es tamb\u00e9m as alternativas locacionais inclu\u00eddas no Estudo de Impacto Ambiental do aut\u00f3dromo. Estas est\u00e3o no Gericin\u00f3, em Realengo, Santa Cruz e Campo Grande.<\/p>\n\n\n\n<p class=\"wp-block-paragraph\"><a href=\"https:\/\/www.grandepremio.com\/br\/f1\/noticias\/sao-paulo-anuncia-renovacao-com-formula-1-e-mantem-gp-do-brasil-em-interlagos\/\" target=\"_blank\" rel=\"noreferrer noopener\">Antes de acertar a perman\u00eancia da F\u00f3rmula 1 em S\u00e3o Paulo<\/a>, o agora ex-diretor-executivo do Liberty Media, <a href=\"https:\/\/www.grandepremio.com\/br\/f1\/noticias\/de-volta-a-prefeitura-do-rio-paes-diz-que-nao-vai-ter-autodromo-em-deodoro\/\" target=\"_blank\" rel=\"noreferrer noopener\">Chase Carey, tentou influenciar a acelera\u00e7\u00e3o das licen\u00e7as ambientais com uma carta enviada a Cl\u00e1udio Castro, governador em exerc\u00edcio do Rio de Janeiro<\/a>. A informa\u00e7\u00e3o foi revelada pelo site <strong>DI\u00c1RIO MOTORSPORT<\/strong>, parceiro do <strong>GRANDE PR\u00caMIO<\/strong>.<\/p>\n\n\n\n<p class=\"wp-block-paragraph\">Em outubro de 2019, a <a href=\"https:\/\/www.grandepremio.com\/br\/motogp\/noticias\/motogp-anuncia-corrida-no-brasil-em-2022-em-autodromo-do-rj-que-nao-existe\/\" target=\"_blank\" rel=\"noreferrer noopener\">Dorna anunciou um contrato de cinco anos com a promotora Rio Motorsport para trazer a MotoGP de volta ao Brasil em 2022<\/a>.<\/p>\n\n\n\n<figure class=\"wp-block-image size-large\"><img decoding=\"async\" src=\"https:\/\/www.grandepremio.com\/br\/wp-content\/uploads\/2020\/05\/20195221113159_AreaDeodoro_DMa.jpg\" alt=\"\" class=\"wp-image-375122\"\/><figcaption>A \u00e1rea em Deodoro (Foto: Divulga\u00e7\u00e3o)<\/figcaption><\/figure>\n\n\n\n<h3 class=\"wp-block-heading\"><strong>INEA tem parecer t\u00e9cnico contra aut\u00f3dromo<\/strong><\/h3>\n\n\n\n<p class=\"wp-block-paragraph\">Em outubro de 2020, <a href=\"https:\/\/www.grandepremio.com\/br\/f1\/noticias\/inea-divulga-parecer-tecnico-que-breca-licenca-ambiental-de-autodromo-do-rio\/\">o INEA divulgou parecer t\u00e9cnico de 192 p\u00e1ginas e com 47 pontos levantados nas considera\u00e7\u00f5es finais<\/a> nos quais afirma n\u00e3o ver garantias na preserva\u00e7\u00e3o da floresta do Camboat\u00e1 e, assim, buscou manter o impedimento para que o aut\u00f3dromo na regi\u00e3o de Deodoro tenha licen\u00e7a para realizar suas obras.<\/p>\n\n\n\n<p class=\"wp-block-paragraph\">A conclus\u00e3o do parecer foi assinada por cinco representantes do instituto &#8211; um engenheiro ambiental, uma arquiteta e urbanista, uma ge\u00f3grafa, uma bi\u00f3loga e uma engenheira florestal.<\/p>\n\n\n\n<p class=\"wp-block-paragraph\">O longo relat\u00f3rio apresentou avalia\u00e7\u00f5es incisivas sobre as irregularidades do EIA &#8211; alinhados com o interesse da Rio Motorsports. Um dos pontos referiu-se \u00e0 conclus\u00e3o de que a \u00e1rea do Camboat\u00e1 \u00e9 a menos indicada para receber o empreendimento, dentre cinco op\u00e7\u00f5es.<\/p>\n\n\n\n<p class=\"wp-block-paragraph\">No relat\u00f3rio, \u00e9 destacado que as medidas propostas para atenuar os impactos sobre a fauna e a flora foram consideradas insatisfat\u00f3rias para a prote\u00e7\u00e3o das esp\u00e9cies amea\u00e7adas em extin\u00e7\u00e3o, al\u00e9m da obra n\u00e3o ser definida como de utilidade p\u00fablica.<\/p>\n\n\n\n<h3 class=\"wp-block-heading\"><strong>Projeto de Aut\u00f3dromo em Deodoro \u00e9 cercado de pol\u00eamicas<\/strong><\/h3>\n\n\n\n<p class=\"wp-block-paragraph\">O processo de constru\u00e7\u00e3o do aut\u00f3dromo na regi\u00e3o militar \u00e9 alvo de suspeitas pelo envolvimento da Rio Motorsports, de Jos\u00e9 Antonio Soares Pereira J\u00fanior, que virou JR Pereira para evitar expor os problemas judiciais que enfrenta desde que uma de suas empresas, a Crown Processamento de Dados, acumulou d\u00edvidas superiores a R$ 25 milh\u00f5es \u00e0 Uni\u00e3o.<\/p>\n\n\n\n<p class=\"wp-block-paragraph\">A Rio Motorsports, por meio do pr\u00f3prio JR Pereira e de uma das companhias vertentes da Crown, participou da regula\u00e7\u00e3o do processo de licita\u00e7\u00e3o da obra, algo que qualquer ente p\u00fablico pro\u00edbe. Ainda, nunca houve comprova\u00e7\u00e3o, por parte da Rio Motorsports, da origem dos mais de R$ 800 milh\u00f5es inicialmente previstos para a obra \u2014 na regi\u00e3o da floresta do Camboat\u00e1, \u00e1rea de Mata Atl\u00e2ntica.<\/p>\n\n\n\n<p class=\"wp-block-paragraph\">A promessa da Rio Motorsports era tirar o GP do Brasil de Interlagos j\u00e1 a partir de 2021 para correr em Deodoro. A proposta ganhou apoio do presidente Jair Bolsonaro, que, em 24 de junho do ano passado, disse que era \u201c99% certo\u201d que a corrida passaria a ser realizada no RJ. O projeto do novo aut\u00f3dromo de Deodoro segue parado e, em novembro, sofreu novo baque: o GP do Brasil segue em Interlagos, conforme confirmado pela pr\u00f3pria F1.<\/p>\n\n\n\n<figure class=\"wp-block-embed is-type-video is-provider-youtube wp-block-embed-youtube wp-embed-aspect-16-9 wp-has-aspect-ratio\"><div class=\"wp-block-embed__wrapper\">\n<iframe loading=\"lazy\" title=\"MERCEDES W12 AO N\u00cdVEL DE 2019: HAVER\u00c1 LUTA NA F\u00d3RMULA 1 EM 2021? | GP \u00e0s 10\" width=\"500\" height=\"281\" src=\"https:\/\/www.youtube.com\/embed\/hbrJZgyPdcA?feature=oembed\" frameborder=\"0\" allow=\"accelerometer; autoplay; clipboard-write; encrypted-media; gyroscope; picture-in-picture; web-share\" referrerpolicy=\"strict-origin-when-cross-origin\" allowfullscreen><\/iframe>\n<\/div><\/figure>\n\n\n","protected":false},"excerpt":{"rendered":"<p>De acordo com o jornalista Lauro Jardim, do jornal O Globo, a gest\u00e3o Eduardo Paes deu in\u00edcio a estudos para iniciar no local uma unidade de conserva\u00e7\u00e3o ambiental<\/p>\n","protected":false},"author":0,"featured_media":1000436859,"comment_status":"closed","ping_status":"closed","sticky":false,"template":"","format":"standard","meta":{"42wp_featured_image_caption":"","42wp_featured_image_credits":"","42wp_featured_video":"","42wp_featured_image_hidden":false,"42wp_authors_list":[],"footnotes":""},"categories":[2],"tags":[1749,147,156,24837,25536,26868,78],"42wp_author":[47113],"class_list":["post-123677","post","type-post","status-publish","format-standard","has-post-thumbnail","hentry","category-f1","tag-deodoro","tag-f1","tag-f1-2021","tag-formula-1-2","tag-formula-1-2021-2","tag-formula-1-classificacao-2020","tag-motogp","42wp_author-juliana-tesser"],"_links":{"self":[{"href":"https:\/\/grandepremio.com\/br\/wp-json\/wp\/v2\/posts\/123677","targetHints":{"allow":["GET"]}}],"collection":[{"href":"https:\/\/grandepremio.com\/br\/wp-json\/wp\/v2\/posts"}],"about":[{"href":"https:\/\/grandepremio.com\/br\/wp-json\/wp\/v2\/types\/post"}],"replies":[{"embeddable":true,"href":"https:\/\/grandepremio.com\/br\/wp-json\/wp\/v2\/comments?post=123677"}],"version-history":[{"count":0,"href":"https:\/\/grandepremio.com\/br\/wp-json\/wp\/v2\/posts\/123677\/revisions"}],"wp:featuredmedia":[{"embeddable":true,"href":"https:\/\/grandepremio.com\/br\/wp-json\/wp\/v2\/media\/1000436859"}],"wp:attachment":[{"href":"https:\/\/grandepremio.com\/br\/wp-json\/wp\/v2\/media?parent=123677"}],"wp:term":[{"taxonomy":"category","embeddable":true,"href":"https:\/\/grandepremio.com\/br\/wp-json\/wp\/v2\/categories?post=123677"},{"taxonomy":"post_tag","embeddable":true,"href":"https:\/\/grandepremio.com\/br\/wp-json\/wp\/v2\/tags?post=123677"},{"taxonomy":"42wp_author","embeddable":true,"href":"https:\/\/grandepremio.com\/br\/wp-json\/wp\/v2\/42wp_author?post=123677"}],"curies":[{"name":"wp","href":"https:\/\/api.w.org\/{rel}","templated":true}]}}