{"id":123688,"date":"2021-01-30T10:28:00","date_gmt":"2021-01-30T13:28:00","guid":{"rendered":"https:\/\/grandepremio.com\/br\/noticias\/band-confirma-luc-monteiro-como-parceiro-de-reginaldo-leme-nas-transmissoes-da-stock-car\/"},"modified":"2021-01-30T10:31:14","modified_gmt":"2021-01-30T13:31:14","slug":"band-confirma-luc-monteiro-como-parceiro-de-reginaldo-leme-nas-transmissoes-da-stock-car","status":"publish","type":"post","link":"https:\/\/grandepremio.com\/br\/stock-car\/band-confirma-luc-monteiro-como-parceiro-de-reginaldo-leme-nas-transmissoes-da-stock-car\/","title":{"rendered":"Band confirma Luc Monteiro como parceiro de Reginaldo Leme nas transmiss\u00f5es da Stock Car"},"content":{"rendered":"\n<figure class=\"wp-block-embed is-type-video is-provider-youtube wp-block-embed-youtube wp-embed-aspect-16-9 wp-has-aspect-ratio\"><div class=\"wp-block-embed__wrapper\">\n<iframe loading=\"lazy\" title=\"N\u00e3o \u00e9 a F1: a STOCK CAR faz bem ao trocar GLOBO pela BAND? | GP \u00e0s 10\" width=\"500\" height=\"281\" src=\"https:\/\/www.youtube.com\/embed\/SnJddBq87C4?start=3&amp;feature=oembed\" frameborder=\"0\" allow=\"accelerometer; autoplay; clipboard-write; encrypted-media; gyroscope; picture-in-picture; web-share\" referrerpolicy=\"strict-origin-when-cross-origin\" allowfullscreen><\/iframe>\n<\/div><\/figure>\n\n\n\n<p class=\"wp-block-paragraph\">A partir desta temporada, <strong><a href=\"https:\/\/www.grandepremio.com\/br\/stock-car\/noticias\/chefe-revela-que-band-procurou-stock-car-por-acordo-e-quer-continuar-com-sportv\/\">a Band tem contrato de transmiss\u00e3o<\/a><\/strong> da Stock Car por cinco anos &#8211; e, na \u00faltima sexta-feira (29), confirmou quem ser\u00e1 o narrador das corridas no canal, ao menos por 2021: Luc Monteiro.<\/p>\n\n\n\n<p class=\"wp-block-paragraph\"><strong><a href=\"https:\/\/www.grandepremio.com\/br\/stock-car\/noticias\/reginaldo-leme-assina-com-bandeirantes-e-volta-a-ser-comentarista-da-stock-car\/\">Ele ser\u00e1 o parceiro de Reginaldo Leme<\/a><\/strong>, comentarista contratado pela Band em 2020, nas transmiss\u00f5es da categoria, tal como j\u00e1 havia sido na final da temporada passada, <strong><a href=\"https:\/\/www.grandepremio.com\/br\/stock-car\/noticias\/com-reginaldo-leme-e-podio-band-entrega-material-digno-em-estreia-na-stock-car\/\">quando o canal se adiantou e mostrou ao vivo o t\u00edtulo de Ricardo Maur\u00edcio<\/a><\/strong>. <\/p>\n\n\n\n<p class=\"wp-block-paragraph\"><strong>Conhe\u00e7a o canal do Grande Pr\u00eamio no YouTube! Clique\u00a0<a rel=\"noreferrer noopener\" href=\"https:\/\/youtube.com\/GrandePremioTV\" target=\"_blank\">aqui<\/a>.<br>Siga o Grande Pr\u00eamio no\u00a0<a rel=\"noreferrer noopener\" href=\"https:\/\/twitter.com\/grandepremio\" target=\"_blank\">Twitter\u00a0<\/a>e no\u00a0<a rel=\"noreferrer noopener\" href=\"https:\/\/instagram.com\/grandepremio\" target=\"_blank\">Instagram<\/a>!<\/strong><\/p>\n\n\n\n<figure class=\"wp-block-image size-large\"><img decoding=\"async\" src=\"https:\/\/www.grandepremio.com\/br\/wp-content\/uploads\/2021\/01\/50716121657_9e740c4f56_o-1024x684.jpg\" alt=\"\" class=\"wp-image-447773\"\/><figcaption>As c\u00e2meras da Band j\u00e1 acompanharam o t\u00edtulo de Ricardo Maur\u00edcio em 2020 (Foto: Lu\u00eds Fran\u00e7a\/Vicar)<\/figcaption><\/figure>\n\n\n\n<p class=\"wp-block-paragraph\">A Band se junta ao SporTV 2 como respons\u00e1vel por levar a Stock Car \u00e0s televis\u00f5es no Brasil. No canal fechado, usualmente o narrador \u00e9 S\u00e9rgio Maur\u00edcio. O contrato da categoria com o Grupo Globo, para canais pagos, tamb\u00e9m foi renovado &#8211; <strong><a href=\"https:\/\/www.grandepremio.com\/br\/stock-car\/noticias\/apos-band-na-tv-aberta-stock-car-confirma-renovacao-com-sportv-por-dois-anos\/\">neste caso, por dois anos<\/a><\/strong>.<\/p>\n\n\n\n<p class=\"wp-block-paragraph\">Monteiro n\u00e3o vai narrar s\u00f3 a Stock Car: ele tamb\u00e9m far\u00e1 as transmiss\u00f5es da Copa Truck na Band, <strong><a href=\"https:\/\/www.grandepremio.com\/br\/truck\/noticias\/apos-stock-car-copa-truck-anuncia-acordo-com-band-e-estreia-na-tv-aberta-em-2021\/\">na estreia da categoria, sob este nome, na tv aberta<\/a><\/strong>.<\/p>\n\n\n\n<p class=\"wp-block-paragraph\"><strong><a href=\"https:\/\/www.grandepremio.com\/br\/stock-car\/noticias\/stock-car-confirma-palcos-de-temporada-2021-mas-deixa-sede-da-final-em-aberto\/\">A Stock Car tem in\u00edcio previsto para o dia 28 de mar\u00e7o, no Velopark<\/a><\/strong>. Ser\u00e1 a primeira de 12 etapas, divididas em 10 eventos, no ano. J\u00e1 a Copa Truck <strong><a href=\"https:\/\/www.grandepremio.com\/br\/truck\/noticias\/sem-nordeste-e-com-taruma-e-juiz-de-fora-copa-truck-anuncia-calendario-de-2021\/\">deve come\u00e7ar no dia 11 de abril, em Curitiba<\/a><\/strong>.<\/p>\n\n\n\n<figure class=\"wp-block-embed is-type-video is-provider-youtube wp-block-embed-youtube wp-embed-aspect-16-9 wp-has-aspect-ratio\"><div class=\"wp-block-embed__wrapper\">\n<iframe loading=\"lazy\" title=\"ESPERAN\u00c7A BRASILEIRA: Drugovich se CONSOLIDA no caminho para F1 | GP \u00e0s 10\" width=\"500\" height=\"281\" src=\"https:\/\/www.youtube.com\/embed\/8FZHp9hGP5w?start=15&amp;feature=oembed\" frameborder=\"0\" allow=\"accelerometer; autoplay; clipboard-write; encrypted-media; gyroscope; picture-in-picture; web-share\" referrerpolicy=\"strict-origin-when-cross-origin\" allowfullscreen><\/iframe>\n<\/div><\/figure>\n","protected":false},"excerpt":{"rendered":"<p>Reginaldo Leme comenta, enquanto Luc Monteiro narra a Stock Car na Band durante a volta da categoria \u00e0 TV aberta, em 2021<\/p>\n","protected":false},"author":0,"featured_media":1000447774,"comment_status":"closed","ping_status":"closed","sticky":false,"template":"","format":"standard","meta":{"42wp_featured_image_caption":"","42wp_featured_image_credits":"","42wp_featured_video":"","42wp_featured_image_hidden":false,"42wp_authors_list":[],"footnotes":""},"categories":[11],"tags":[1280,2005,69,1170],"42wp_author":[47129],"class_list":["post-123688","post","type-post","status-publish","format-standard","has-post-thumbnail","hentry","category-stock-car","tag-band","tag-reginaldo-leme","tag-stock-car","tag-stock-car-2021","42wp_author-felipe-noronha"],"_links":{"self":[{"href":"https:\/\/grandepremio.com\/br\/wp-json\/wp\/v2\/posts\/123688","targetHints":{"allow":["GET"]}}],"collection":[{"href":"https:\/\/grandepremio.com\/br\/wp-json\/wp\/v2\/posts"}],"about":[{"href":"https:\/\/grandepremio.com\/br\/wp-json\/wp\/v2\/types\/post"}],"replies":[{"embeddable":true,"href":"https:\/\/grandepremio.com\/br\/wp-json\/wp\/v2\/comments?post=123688"}],"version-history":[{"count":0,"href":"https:\/\/grandepremio.com\/br\/wp-json\/wp\/v2\/posts\/123688\/revisions"}],"wp:featuredmedia":[{"embeddable":true,"href":"https:\/\/grandepremio.com\/br\/wp-json\/wp\/v2\/media\/1000447774"}],"wp:attachment":[{"href":"https:\/\/grandepremio.com\/br\/wp-json\/wp\/v2\/media?parent=123688"}],"wp:term":[{"taxonomy":"category","embeddable":true,"href":"https:\/\/grandepremio.com\/br\/wp-json\/wp\/v2\/categories?post=123688"},{"taxonomy":"post_tag","embeddable":true,"href":"https:\/\/grandepremio.com\/br\/wp-json\/wp\/v2\/tags?post=123688"},{"taxonomy":"42wp_author","embeddable":true,"href":"https:\/\/grandepremio.com\/br\/wp-json\/wp\/v2\/42wp_author?post=123688"}],"curies":[{"name":"wp","href":"https:\/\/api.w.org\/{rel}","templated":true}]}}