{"id":123719,"date":"2021-01-28T10:23:49","date_gmt":"2021-01-28T13:23:49","guid":{"rendered":"https:\/\/grandepremio.com\/br\/noticias\/formula-e-inclui-valencia-e-marca-rodada-dupla-em-santiago-para-junho\/"},"modified":"2021-01-28T10:33:03","modified_gmt":"2021-01-28T13:33:03","slug":"formula-e-inclui-valencia-e-marca-rodada-dupla-em-santiago-para-junho","status":"publish","type":"post","link":"https:\/\/grandepremio.com\/br\/formula-e\/formula-e-inclui-valencia-e-marca-rodada-dupla-em-santiago-para-junho\/","title":{"rendered":"F\u00f3rmula E revisa calend\u00e1rio, inclui Val\u00eancia e marca rodada dupla em Santiago para junho"},"content":{"rendered":"\n<figure class=\"wp-block-embed is-type-video is-provider-youtube wp-block-embed-youtube wp-embed-aspect-16-9 wp-has-aspect-ratio\"><div class=\"wp-block-embed__wrapper\">\n<iframe loading=\"lazy\" title=\"O QUE SERIA DA F1 SE HAMILTON N\u00c3O TIVESSE IDO PARA MERCEDES | GP \u00e0s 10\" width=\"500\" height=\"281\" src=\"https:\/\/www.youtube.com\/embed\/ESQaaHD9GnI?feature=oembed\" frameborder=\"0\" allow=\"accelerometer; autoplay; clipboard-write; encrypted-media; gyroscope; picture-in-picture; web-share\" referrerpolicy=\"strict-origin-when-cross-origin\" allowfullscreen><\/iframe>\n<\/div><\/figure>\n\n\n\n<p class=\"wp-block-paragraph\">Tal qual a F\u00f3rmula 1 fez na temporada 2020, marcada pela pandemia, a F\u00f3rmula E tem lan\u00e7ado em blocos as etapas do seu s\u00e9timo ciclo, em 2021. O campeonato mant\u00e9m no seu calend\u00e1rio a rodada dupla de abertura, at\u00e9 ent\u00e3o as duas \u00fanicas provas oficialmente confirmadas, para Diryah, na Ar\u00e1bia Saudita, nos dias 26 e 27 de fevereiro. As novidades s\u00e3o as provas que v\u00e3o completar ao menos a primeira parte do cronograma, tornada p\u00fablica pela FIA (Federa\u00e7\u00e3o Internacional de Automobilismo) nesta manh\u00e3 de quinta-feira (28).<\/p>\n\n\n\n<p class=\"wp-block-paragraph\">Dentre as novidades est\u00e1 a inclus\u00e3o de Roma, na It\u00e1lia, como palco da terceira etapa do campeonato no dia 10 de abril. Nos \u00faltimos dias, chegou a ser especulado o circuito de Vallelunga, pr\u00f3ximo \u00e0 capital italiana, como destino da prova, mas n\u00e3o h\u00e1 men\u00e7\u00e3o ao tra\u00e7ado, o que presume que a corrida vai acontecer no tra\u00e7ado urbano, como \u00e9 habitual.<\/p>\n\n\n\n<figure class=\"wp-block-image size-large\"><img decoding=\"async\" src=\"https:\/\/www.grandepremio.com\/br\/wp-content\/uploads\/2020\/02\/20202291150901_GPF1_DMa.jpg\" alt=\"\" class=\"wp-image-351996\"\/><figcaption>A F\u00f3rmula E vai voltar a Marrakech, no Marrocos, na temporada 2021 (Foto: DS Techeetah)<\/figcaption><\/figure>\n\n\n\n<p class=\"wp-block-paragraph\"><strong>Conhe\u00e7a o canal do Grande Pr\u00eamio no YouTube! Clique\u00a0<a rel=\"noreferrer noopener\" href=\"https:\/\/youtube.com\/GrandePremioTV\" target=\"_blank\">aqui<\/a>.<br>Siga o Grande Pr\u00eamio no\u00a0<a rel=\"noreferrer noopener\" href=\"https:\/\/twitter.com\/grandepremio\" target=\"_blank\">Twitter\u00a0<\/a>e no\u00a0<a rel=\"noreferrer noopener\" href=\"https:\/\/instagram.com\/grandepremio\" target=\"_blank\">Instagram<\/a>!<\/strong><\/p>\n\n\n\n<p class=\"wp-block-paragraph\">A principal novidade mesmo \u00e9 a inclus\u00e3o de Val\u00eancia, palco da quarta etapa, no aut\u00f3dromo Ricardo Tormo. Tradicional local dos testes de pr\u00e9-temporada, o tra\u00e7ado espanhol ter\u00e1 uma vers\u00e3o exclusiva para a corrida agendada para 24 de abril. Contudo, n\u00e3o ser\u00e1 a primeira vez que a F\u00f3rmula E vai acelerar no circuito permanente, uma vez que a categoria j\u00e1 correu no  Aut\u00f3dromo Hermanos Rodr\u00edguez, na Cidade do M\u00e9xico.<\/p>\n\n\n\n<p class=\"wp-block-paragraph\">Uma outra novidade \u00e9 a inclus\u00e3o da etapa de M\u00f4naco, que volta ao calend\u00e1rio como local da quinta etapa, seguindo a tradi\u00e7\u00e3o de corridas bianuais na F\u00f3rmula E. Marcada para 8 de maio, a prova no Principado d\u00e1 uma indica\u00e7\u00e3o de que a corrida da F\u00f3rmula 1, marcada para o fim do quinto m\u00eas, tamb\u00e9m seja realizada conforme previsto.<\/p>\n\n\n\n<p class=\"wp-block-paragraph\">Marrakech, no Marrocos, norte da \u00c1frica, tamb\u00e9m volta ao calend\u00e1rio da F\u00f3rmula E neste ano para a sexta etapa do campeonato, marcada para 22 de maio. E <a href=\"https:\/\/www.grandepremio.com\/br\/formula-e\/noticias\/santiago-confirma-intencao-de-reagendar-rodada-dupla-da-formula-e-para-junho\/\">Santiago, capital do Chile, que estava alocada no cronograma para receber a etapa de abertura nos dias 16 e 17 de janeiro, foi remanejada na programa\u00e7\u00e3o para sediar a rodada dupla nos dias 5 e 6 de junho<\/a>.<\/p>\n\n\n\n<p class=\"wp-block-paragraph\">A organiza\u00e7\u00e3o informa tamb\u00e9m que Paris n\u00e3o vai receber uma etapa da F\u00f3rmula E em 2021, voltando ao calend\u00e1rio para a oitava temporada da categoria dos carros el\u00e9tricos. Da mesma forma, as etapas de Seul e Sanya, na Coreia do Sul e China, respectivamente, n\u00e3o v\u00e3o acontecer em maio, como outrora estava previsto, mas n\u00e3o constam como canceladas oficialmente, com a F\u00f3rmula E trazendo a informa\u00e7\u00e3o de que as provas est\u00e3o, no momento, adiadas, com a decis\u00e3o sobre tais eventos a ser definida na primavera europeia, ou seja, at\u00e9 junho.<\/p>\n\n\n\n<p class=\"wp-block-paragraph\">\u201cEstamos comprometidos em entregar um calend\u00e1rio global que beneficie nossa primeira temporada como campeonato mundial\u201d, disse Jamie Reigle, diretor-executivo da F\u00f3rmula E. <\/p>\n\n\n\n<p class=\"wp-block-paragraph\">\u201cEstamos trabalhando pr\u00f3ximos de todos os nossos parceiros nas equipes, fabricantes, patrocinadores, emissoras de TV e cidades-sede para nos adaptarmos \u00e0s circunst\u00e2ncias externas e garantir a sa\u00fade e a seguran\u00e7a de todos os envolvidos\u201d, continuou o dirigente.<\/p>\n\n\n\n<p class=\"wp-block-paragraph\">\u201cFaremos isso ao mesmo tempo em que vamos manter o que os f\u00e3s mais amam na F\u00f3rmula E: corridas imprevis\u00edveis, loca\u00e7\u00f5es ic\u00f4nicas e a mistura entre os mundos real e virtual, tudo isso sustentado por nossa corrida por um futuro melhor\u201d, encerrou.<\/p>\n\n\n\n<p class=\"wp-block-paragraph\"><strong>F\u00f3rmula E 2021, calend\u00e1rio revisado at\u00e9 o momento:<\/strong><\/p>\n\n\n\n<figure class=\"wp-block-table\"><table><tbody><tr><td>&nbsp;<\/td><td>DATA<\/td><td>CIDADE<\/td><td>PA\u00cdS<\/td><\/tr><tr><td>1<\/td><td>26\/2<\/td><td>DIRIYAH<\/td><td>AR\u00c1BIA SAUDITA<\/td><\/tr><tr><td>2<\/td><td>27\/2<\/td><td>DIRIYAH<\/td><td>AR\u00c1BIA SAUDITA<\/td><\/tr><tr><td>3<\/td><td>10\/4<\/td><td>ROMA<\/td><td>IT\u00c1LIA<\/td><\/tr><tr><td>4<\/td><td>24\/4<\/td><td>VAL\u00caNCIA<\/td><td>ESPANHA<\/td><\/tr><tr><td>5<\/td><td>8\/5<\/td><td>M\u00d4NACO<\/td><td>M\u00d4NACO<\/td><\/tr><tr><td>6<\/td><td>22\/5<\/td><td>MARRAKECH<\/td><td>MARROCOS<\/td><\/tr><tr><td>7<\/td><td>5\/6<\/td><td>SANTIAGO<\/td><td>CHILE<\/td><\/tr><tr><td>8<\/td><td>6\/6<\/td><td>SANTIAGO<\/td><td>CHILE<\/td><\/tr><\/tbody><\/table><\/figure>\n\n\n\n<figure class=\"wp-block-embed is-type-video is-provider-youtube wp-block-embed-youtube wp-embed-aspect-16-9 wp-has-aspect-ratio\"><div class=\"wp-block-embed__wrapper\">\n<iframe loading=\"lazy\" title=\"COMO HONDA D\u00c1 CARTADA FINAL PARA VENCER COM RED BULL NA F1 | GP \u00e0s 10\" width=\"500\" height=\"281\" src=\"https:\/\/www.youtube.com\/embed\/S6EE252EndQ?feature=oembed\" frameborder=\"0\" allow=\"accelerometer; autoplay; clipboard-write; encrypted-media; gyroscope; picture-in-picture; web-share\" referrerpolicy=\"strict-origin-when-cross-origin\" allowfullscreen><\/iframe>\n<\/div><\/figure>\n\n\n\n<p class=\"wp-block-paragraph\"><\/p>\n","protected":false},"excerpt":{"rendered":"<p>A FIA publicou, na manh\u00e3 desta quinta-feira (28), o calend\u00e1rio revisado com as oito primeiras etapas da temporada 2021 da categoria dos carros el\u00e9tricos. Uma das novidades ser\u00e1 a inclus\u00e3o de um tra\u00e7ado no circuito Ricardo Tormo, em Val\u00eancia, palco dos testes de pr\u00e9-temporada, e da volta de Marrakech ao calend\u00e1rio. Santiago, que tinha a previs\u00e3o de abrir o calend\u00e1rio em janeiro, foi remanejado para o come\u00e7o de junho<\/p>\n","protected":false},"author":0,"featured_media":1000439018,"comment_status":"closed","ping_status":"closed","sticky":false,"template":"","format":"standard","meta":{"42wp_featured_image_caption":"","42wp_featured_image_credits":"","42wp_featured_video":"","42wp_featured_image_hidden":false,"42wp_authors_list":[],"footnotes":""},"categories":[19],"tags":[24893,842,25000,25158,24836],"42wp_author":[47110],"class_list":["post-123719","post","type-post","status-publish","format-standard","has-post-thumbnail","hentry","category-formula-e","tag-calendario","tag-chile","tag-formula-e-2","tag-formula-e-2021","tag-grande-premio-2","42wp_author-fernando-silva"],"_links":{"self":[{"href":"https:\/\/grandepremio.com\/br\/wp-json\/wp\/v2\/posts\/123719","targetHints":{"allow":["GET"]}}],"collection":[{"href":"https:\/\/grandepremio.com\/br\/wp-json\/wp\/v2\/posts"}],"about":[{"href":"https:\/\/grandepremio.com\/br\/wp-json\/wp\/v2\/types\/post"}],"replies":[{"embeddable":true,"href":"https:\/\/grandepremio.com\/br\/wp-json\/wp\/v2\/comments?post=123719"}],"version-history":[{"count":0,"href":"https:\/\/grandepremio.com\/br\/wp-json\/wp\/v2\/posts\/123719\/revisions"}],"wp:featuredmedia":[{"embeddable":true,"href":"https:\/\/grandepremio.com\/br\/wp-json\/wp\/v2\/media\/1000439018"}],"wp:attachment":[{"href":"https:\/\/grandepremio.com\/br\/wp-json\/wp\/v2\/media?parent=123719"}],"wp:term":[{"taxonomy":"category","embeddable":true,"href":"https:\/\/grandepremio.com\/br\/wp-json\/wp\/v2\/categories?post=123719"},{"taxonomy":"post_tag","embeddable":true,"href":"https:\/\/grandepremio.com\/br\/wp-json\/wp\/v2\/tags?post=123719"},{"taxonomy":"42wp_author","embeddable":true,"href":"https:\/\/grandepremio.com\/br\/wp-json\/wp\/v2\/42wp_author?post=123719"}],"curies":[{"name":"wp","href":"https:\/\/api.w.org\/{rel}","templated":true}]}}