{"id":123747,"date":"2021-01-27T07:42:38","date_gmt":"2021-01-27T10:42:38","guid":{"rendered":"https:\/\/grandepremio.com\/br\/noticias\/com-stefano-domenicali-ross-brawn-renova-parceria-e-segue-como-diretor-esportivo-da-formula-1\/"},"modified":"2021-01-27T07:42:42","modified_gmt":"2021-01-27T10:42:42","slug":"com-stefano-domenicali-ross-brawn-renova-parceria-e-segue-como-diretor-esportivo-da-formula-1","status":"publish","type":"post","link":"https:\/\/grandepremio.com\/br\/f1\/com-stefano-domenicali-ross-brawn-renova-parceria-e-segue-como-diretor-esportivo-da-formula-1\/","title":{"rendered":"Com Domenicali, Brawn \u201crenova parceria\u201d e permanece como diretor-esportivo da F1"},"content":{"rendered":"\n<figure class=\"wp-block-embed is-type-video is-provider-youtube wp-block-embed-youtube wp-embed-aspect-16-9 wp-has-aspect-ratio\"><div class=\"wp-block-embed__wrapper\">\n<iframe loading=\"lazy\" title=\"DEMORA EM RENOVA\u00c7\u00c3O N\u00c3O VAI ATRAPALHAR HAMILTON NA F1 2021 | GP \u00e0s 10\" width=\"500\" height=\"281\" src=\"https:\/\/www.youtube.com\/embed\/tlyOXhl7ptU?feature=oembed\" frameborder=\"0\" allow=\"accelerometer; autoplay; clipboard-write; encrypted-media; gyroscope; picture-in-picture; web-share\" referrerpolicy=\"strict-origin-when-cross-origin\" allowfullscreen><\/iframe>\n<\/div><\/figure>\n\n\n\n<p class=\"wp-block-paragraph\">H\u00e1 quatro anos, quando o Liberty Media assumiu em definitivo o comando da F\u00f3rmula 1, <a href=\"https:\/\/www.grandepremio.com\/br\/f1\/noticias\/brawn-regressa-a-f1-em-papel-chave-e-destaca-chance-quase-sem-precedentes-de-trabalhar-com-equipes-e-promotores\/\">tr\u00eas dirigentes representaram os grandes pilares da nova gest\u00e3o<\/a>. Chase Carey assumiu como presidente da F1, enquanto Sean Bratches foi contratado como diretor comercial. Ross Brawn, nome mais conhecido do trio no meio, voltou ao Mundial como diretor-esportivo. De todos os nomes, o engenheiro brit\u00e2nico, dono de passagens de sucesso por Benetton e Ferrari, al\u00e9m de levar a equipe que teve seu sobrenome ao t\u00edtulo mundial em 2009 antes de vend\u00ea-la \u00e0 Mercedes, \u00e9 o \u00fanico que continua na fun\u00e7\u00e3o, agora sob os comandos de Stefano Domenicali.<\/p>\n\n\n\n<p class=\"wp-block-paragraph\">Em entrevista concedida ao site brit\u00e2nico RaceFans, Brawn, hoje com 66 anos, se disse motivado a seguir na fun\u00e7\u00e3o diante dos desafios que est\u00e3o na mesa, como realizar um novo campeonato com o mundo vivendo os efeitos da pandemia e tamb\u00e9m a transi\u00e7\u00e3o para a revolu\u00e7\u00e3o nos regulamentos t\u00e9cnico e desportivo que a F\u00f3rmula 1 prepara para 2021.<\/p>\n\n\n\n<figure class=\"wp-block-image size-large\"><img decoding=\"async\" src=\"https:\/\/www.grandepremio.com\/br\/wp-content\/uploads\/2019\/03\/20181192016180_IMG_6765_DMa.jpg\" alt=\"\" class=\"wp-image-369920\"\/><figcaption>Ross Brawn continua como diretor-esportivo da F1, agora sob a gest\u00e3o de Stefano Domenicali (Foto: Rodrigo Berton\/Grande Pr\u00eamio)<\/figcaption><\/figure>\n\n\n\n<p class=\"wp-block-paragraph\"><strong>Conhe\u00e7a o canal do Grande Pr\u00eamio no YouTube! Clique\u00a0<a rel=\"noreferrer noopener\" href=\"https:\/\/youtube.com\/GrandePremioTV\" target=\"_blank\">aqui<\/a>.<br>Siga o Grande Pr\u00eamio no\u00a0<a rel=\"noreferrer noopener\" href=\"https:\/\/twitter.com\/grandepremio\" target=\"_blank\">Twitter\u00a0<\/a>e no\u00a0<a rel=\"noreferrer noopener\" href=\"https:\/\/instagram.com\/grandepremio\" target=\"_blank\">Instagram<\/a>!<\/strong><\/p>\n\n\n\n<p class=\"wp-block-paragraph\">\u201cEstou muito animado com os desafios que enfrentamos neste momento\u201d, destacou. \u201cCom a entrada de Stefano, obviamente renovamos a parceria. Acho tamb\u00e9m que o desafio da Covid, todas essas coisas, tudo isso me mant\u00e9m motivado e com vontade de seguir em frente\u201d, disse o engenheiro.<\/p>\n\n\n\n<p class=\"wp-block-paragraph\">Ainda que tenha em mente que a aposentadoria ser\u00e1 inevit\u00e1vel, Brawn entende que ainda tem muito a contribuir com a F\u00f3rmula 1 neste momento.<\/p>\n\n\n\n<p class=\"wp-block-paragraph\">\u201cVou ter de parar em algum momento no futuro, todos n\u00f3s, mas n\u00e3o estou planejando isso nesse momento. Acho que, com Chase dando um passo atr\u00e1s, foi \u00fatil ou importante ter alguma continuidade e estou feliz em continuar. \u00c9 um momento empolgante\u201d, explicou.<\/p>\n\n\n\n<p class=\"wp-block-paragraph\">Brawn revelou que tem sido a principal refer\u00eancia do novo chef\u00e3o da F\u00f3rmula 1. Os dois trabalharam juntos na Ferrari at\u00e9 o fim de 2006, ano que marcou a sa\u00edda do brit\u00e2nico. Na temporada seguinte, Domenicali assumiu como chefe de equipe da Ferrari, fun\u00e7\u00e3o que ocupou at\u00e9 2014.<\/p>\n\n\n\n<p class=\"wp-block-paragraph\">\u201cMeu mandato \u00e9 muito flex\u00edvel. Stefano chegou, e provavelmente sou a pessoa que ele melhor conhece em nossa organiza\u00e7\u00e3o. Ent\u00e3o, tenho sido uma refer\u00eancia para ele em uma s\u00e9rie de coisas\u201d, afirmou.<\/p>\n\n\n\n<p class=\"wp-block-paragraph\">\u201cMas, ao passo em que ele vai conhecendo todas as pessoas da nossa equipe, sem d\u00favida que ele vai trabalhar mais pr\u00f3ximo a elas tamb\u00e9m\u201d, concluiu o diretor-esportivo da F\u00f3rmula 1.<\/p>\n\n\n\n<figure class=\"wp-block-embed is-type-video is-provider-youtube wp-block-embed-youtube wp-embed-aspect-16-9 wp-has-aspect-ratio\"><div class=\"wp-block-embed__wrapper\">\n<iframe loading=\"lazy\" title=\"LECLERC - SAINZ: COMO FERRARI VAI LIDAR COM DUPLA NA F1 2021 | GP \u00e0s 10\" width=\"500\" height=\"281\" src=\"https:\/\/www.youtube.com\/embed\/HQM-HO3__yI?feature=oembed\" frameborder=\"0\" allow=\"accelerometer; autoplay; clipboard-write; encrypted-media; gyroscope; picture-in-picture; web-share\" referrerpolicy=\"strict-origin-when-cross-origin\" allowfullscreen><\/iframe>\n<\/div><\/figure>\n","protected":false},"excerpt":{"rendered":"<p>Ross Brawn vai seguir na fun\u00e7\u00e3o que assumiu desde 2017. \u00danico remanescente de um trio de dirigentes que marcou a entrada do Liberty Media no comando da F\u00f3rmula 1, o engenheiro brit\u00e2nico vai voltar a trabalhar ao lado de Stefano Domenicali, novo chef\u00e3o da categoria<\/p>\n","protected":false},"author":0,"featured_media":0,"comment_status":"closed","ping_status":"closed","sticky":false,"template":"","format":"standard","meta":{"42wp_featured_image_caption":"","42wp_featured_image_credits":"","42wp_featured_video":"","42wp_featured_image_hidden":false,"42wp_authors_list":[],"footnotes":""},"categories":[2],"tags":[771,147,156,24837,25536,24836,145,907],"42wp_author":[47110],"class_list":["post-123747","post","type-post","status-publish","format-standard","hentry","category-f1","tag-chase-carey","tag-f1","tag-f1-2021","tag-formula-1-2","tag-formula-1-2021-2","tag-grande-premio-2","tag-ross-brawn","tag-stefano-domenicali","42wp_author-fernando-silva"],"_links":{"self":[{"href":"https:\/\/grandepremio.com\/br\/wp-json\/wp\/v2\/posts\/123747","targetHints":{"allow":["GET"]}}],"collection":[{"href":"https:\/\/grandepremio.com\/br\/wp-json\/wp\/v2\/posts"}],"about":[{"href":"https:\/\/grandepremio.com\/br\/wp-json\/wp\/v2\/types\/post"}],"replies":[{"embeddable":true,"href":"https:\/\/grandepremio.com\/br\/wp-json\/wp\/v2\/comments?post=123747"}],"version-history":[{"count":0,"href":"https:\/\/grandepremio.com\/br\/wp-json\/wp\/v2\/posts\/123747\/revisions"}],"wp:attachment":[{"href":"https:\/\/grandepremio.com\/br\/wp-json\/wp\/v2\/media?parent=123747"}],"wp:term":[{"taxonomy":"category","embeddable":true,"href":"https:\/\/grandepremio.com\/br\/wp-json\/wp\/v2\/categories?post=123747"},{"taxonomy":"post_tag","embeddable":true,"href":"https:\/\/grandepremio.com\/br\/wp-json\/wp\/v2\/tags?post=123747"},{"taxonomy":"42wp_author","embeddable":true,"href":"https:\/\/grandepremio.com\/br\/wp-json\/wp\/v2\/42wp_author?post=123747"}],"curies":[{"name":"wp","href":"https:\/\/api.w.org\/{rel}","templated":true}]}}