{"id":123760,"date":"2021-01-26T11:25:23","date_gmt":"2021-01-26T14:25:23","guid":{"rendered":"https:\/\/grandepremio.com\/br\/noticias\/chefe-da-haas-diz-que-schumacher-e-mazepin-devem-encarar-como-privilegio-estarem-na-f1\/"},"modified":"2021-01-26T11:29:35","modified_gmt":"2021-01-26T14:29:35","slug":"chefe-da-haas-diz-que-schumacher-e-mazepin-devem-encarar-como-privilegio-estarem-na-f1","status":"publish","type":"post","link":"https:\/\/grandepremio.com\/br\/f1\/chefe-da-haas-diz-que-schumacher-e-mazepin-devem-encarar-como-privilegio-estarem-na-f1\/","title":{"rendered":"Chefe da Haas diz que Schumacher e Mazepin devem &#8220;encarar como privil\u00e9gio estarem na F1&#8221;"},"content":{"rendered":"\n<p class=\"wp-block-paragraph\">G\u00fcnther Steiner tem uma opini\u00e3o bastante formada sobre a chance de Mick Schumacher e Nikita Mazepin na F\u00f3rmula 1. O chefe afirmou que apesar da Haas n\u00e3o ser uma equipe de ponta, a dupla tem de se dar por satisfeita em estrear na categoria.<\/p>\n\n\n\n<p class=\"wp-block-paragraph\">Para 2021, a equipe de Gene Haas passou por uma reformula\u00e7\u00e3o completa. Com as sa\u00eddas de Romain Grosjean e Kevin Magnussen, vai contar com pilotos estreantes \u2013 <a href=\"https:\/\/www.grandepremio.com\/br\/f1\/noticias\/mick-schumacher-nega-incomodo-por-comparacoes-com-pai-na-formula-1-ele-e-o-melhor\/\">o alem\u00e3o filho do sete vezes campe\u00e3o Michael<\/a> e o russo, <a href=\"https:\/\/www.grandepremio.com\/br\/f1\/noticias\/nikita-mazepin-sabe-que-cometeu-erro-claro-e-vamos-educa-lo-para-seu-futuro-diz-chefe-da-haas\/\">que chega j\u00e1 em meio a pol\u00eamica<\/a>.<\/p>\n\n\n\n<p class=\"wp-block-paragraph\">Na F1 desde 2016, a melhor temporada do time baseado em Kannapolis e Banbury foi 2018, quando somou 93 pontos e terminou na quinta coloca\u00e7\u00e3o da classifica\u00e7\u00e3o. J\u00e1 em 2020, teve a pior campanha com apenas tr\u00eas tentos, \u00e0 frente apenas da zerada Williams.<\/p>\n\n\n\n<figure class=\"wp-block-image size-large\"><img decoding=\"async\" src=\"https:\/\/www.grandepremio.com\/br\/wp-content\/uploads\/2020\/12\/Mazepin-2-828-scaled-e1607541427597-1024x938.jpg\" alt=\"\" class=\"wp-image-441246\"\/><figcaption>Schumacher e Mazepin estreiam na F1 pela Haas (Foto: Haas)<\/figcaption><\/figure>\n\n\n\n<p class=\"wp-block-paragraph\"><strong>Conhe\u00e7a o canal do Grande Pr\u00eamio no YouTube! Clique\u00a0<a rel=\"noreferrer noopener\" href=\"https:\/\/youtube.com\/GrandePremioTV\" target=\"_blank\">aqui<\/a>.<br>Siga o Grande Pr\u00eamio no\u00a0<a rel=\"noreferrer noopener\" href=\"https:\/\/twitter.com\/grandepremio\" target=\"_blank\">Twitter\u00a0<\/a>e no\u00a0<a rel=\"noreferrer noopener\" href=\"https:\/\/instagram.com\/grandepremio\" target=\"_blank\">Instagram<\/a>!<\/strong><\/p>\n\n\n\n<p class=\"wp-block-paragraph\">\u201cAcho que sabem que n\u00e3o est\u00e3o em um carro de ponta, mas tamb\u00e9m sabem que estar na F\u00f3rmula 1 \u00e9 um privil\u00e9gio, para come\u00e7ar. Se encararem de forma sabia, v\u00e3o usar o ano para aprendizado, pois \u00e9 um ano de posicionamento para n\u00f3s\u201d, disse em entrevista ao site GPFans.<\/p>\n\n\n\n<p class=\"wp-block-paragraph\">\u201cEspero que em 2022 n\u00e3o estejamos mais no fundo. Essa \u00e9 minha opini\u00e3o, mas Schumacher e Mazepin devem encarar como um privil\u00e9gio estarem na F1\u201d, concluiu o dirigente da equipe norte-americana.<\/p>\n\n\n\n<p class=\"wp-block-paragraph\">Schumacher sobe \u00e0 F1 como o atual campe\u00e3o da F\u00f3rmula 2 ap\u00f3s conseguir duas vit\u00f3rias e dez p\u00f3dios. J\u00e1 Mazepin, ap\u00f3s dois anos na categoria, chega ap\u00f3s ter sido o quinto colocado em 2020 com dois triunfos e seis top-3.<\/p>\n\n\n\n<figure class=\"wp-block-embed is-type-video is-provider-youtube wp-block-embed-youtube wp-embed-aspect-16-9 wp-has-aspect-ratio\"><div class=\"wp-block-embed__wrapper\">\n<iframe loading=\"lazy\" title=\"DEMORA EM RENOVA\u00c7\u00c3O N\u00c3O VAI ATRAPALHAR HAMILTON NA F1 2021 | GP \u00e0s 10\" width=\"500\" height=\"281\" src=\"https:\/\/www.youtube.com\/embed\/tlyOXhl7ptU?feature=oembed\" frameborder=\"0\" allow=\"accelerometer; autoplay; clipboard-write; encrypted-media; gyroscope; picture-in-picture; web-share\" referrerpolicy=\"strict-origin-when-cross-origin\" allowfullscreen><\/iframe>\n<\/div><\/figure>\n","protected":false},"excerpt":{"rendered":"<p>G\u00fcnther Steiner pontuou que a Haas n\u00e3o \u00e9 uma equipe de ponta no momento, mas a dupla deve abra\u00e7ar a oportunidade e se focar em aprender ao longo de 2021<\/p>\n","protected":false},"author":0,"featured_media":1000441663,"comment_status":"closed","ping_status":"closed","sticky":false,"template":"","format":"standard","meta":{"42wp_featured_image_caption":"","42wp_featured_image_credits":"","42wp_featured_video":"","42wp_featured_image_hidden":false,"42wp_authors_list":[],"footnotes":""},"categories":[2],"tags":[147,156,24837,25536,119,27004,27003,1294,116],"42wp_author":[47123],"class_list":["post-123760","post","type-post","status-publish","format-standard","has-post-thumbnail","hentry","category-f1","tag-f1","tag-f1-2021","tag-formula-1-2","tag-formula-1-2021-2","tag-haas","tag-horario-f1-2021","tag-horario-formula-1-2021","tag-mick-schumacher","tag-nikita-mazepin","42wp_author-nathalia-de-vivo"],"_links":{"self":[{"href":"https:\/\/grandepremio.com\/br\/wp-json\/wp\/v2\/posts\/123760","targetHints":{"allow":["GET"]}}],"collection":[{"href":"https:\/\/grandepremio.com\/br\/wp-json\/wp\/v2\/posts"}],"about":[{"href":"https:\/\/grandepremio.com\/br\/wp-json\/wp\/v2\/types\/post"}],"replies":[{"embeddable":true,"href":"https:\/\/grandepremio.com\/br\/wp-json\/wp\/v2\/comments?post=123760"}],"version-history":[{"count":0,"href":"https:\/\/grandepremio.com\/br\/wp-json\/wp\/v2\/posts\/123760\/revisions"}],"wp:featuredmedia":[{"embeddable":true,"href":"https:\/\/grandepremio.com\/br\/wp-json\/wp\/v2\/media\/1000441663"}],"wp:attachment":[{"href":"https:\/\/grandepremio.com\/br\/wp-json\/wp\/v2\/media?parent=123760"}],"wp:term":[{"taxonomy":"category","embeddable":true,"href":"https:\/\/grandepremio.com\/br\/wp-json\/wp\/v2\/categories?post=123760"},{"taxonomy":"post_tag","embeddable":true,"href":"https:\/\/grandepremio.com\/br\/wp-json\/wp\/v2\/tags?post=123760"},{"taxonomy":"42wp_author","embeddable":true,"href":"https:\/\/grandepremio.com\/br\/wp-json\/wp\/v2\/42wp_author?post=123760"}],"curies":[{"name":"wp","href":"https:\/\/api.w.org\/{rel}","templated":true}]}}