{"id":123778,"date":"2021-01-25T10:29:00","date_gmt":"2021-01-25T13:29:00","guid":{"rendered":"https:\/\/grandepremio.com\/br\/noticias\/vogel-faz-parceria-com-a-mattheis-e-anuncia-casagrande-como-piloto-para-2021\/"},"modified":"2021-01-25T10:30:08","modified_gmt":"2021-01-25T13:30:08","slug":"vogel-faz-parceria-com-a-mattheis-e-anuncia-casagrande-como-piloto-para-2021","status":"publish","type":"post","link":"https:\/\/grandepremio.com\/br\/stock-car\/vogel-faz-parceria-com-a-mattheis-e-anuncia-casagrande-como-piloto-para-2021\/","title":{"rendered":"Vogel faz parceria com A. Mattheis e anuncia Casagrande como piloto para 2021"},"content":{"rendered":"\n<figure class=\"wp-block-embed is-type-video is-provider-youtube wp-block-embed-youtube wp-embed-aspect-16-9 wp-has-aspect-ratio\"><div class=\"wp-block-embed__wrapper\">\n<iframe loading=\"lazy\" title=\"LECLERC - SAINZ: COMO FERRARI VAI LIDAR COM DUPLA NA F1 2021 | GP \u00e0s 10\" width=\"500\" height=\"281\" src=\"https:\/\/www.youtube.com\/embed\/HQM-HO3__yI?feature=oembed\" frameborder=\"0\" allow=\"accelerometer; autoplay; clipboard-write; encrypted-media; gyroscope; picture-in-picture; web-share\" referrerpolicy=\"strict-origin-when-cross-origin\" allowfullscreen><\/iframe>\n<\/div><\/figure>\n\n\n\n<p class=\"wp-block-paragraph\">Ap\u00f3s duas temporadas longe, Gabriel Casagrande est\u00e1 de volta para a Vogel. \u00c9 l\u00e1 que o piloto, que chegou \u00e0 decis\u00e3o da Stock Car na temporada passada com chances de t\u00edtulo (<strong><a href=\"https:\/\/www.grandepremio.com\/br\/stock-car\/noticias\/casagrande-fica-fora-de-decisao-da-stock-car-por-teste-inconclusivo-de-covid-19\/\">mas ficou fora da prova final ap\u00f3s testar positivo para Covid-19<\/a><\/strong>), vai disputar o campeonato de 2021.<\/p>\n\n\n\n<p class=\"wp-block-paragraph\">Com a Vogel, Casagrande pilotou o carro #83 em 2017 e 2018, antes de mudan\u00e7a para a Crown, em 2019, e mais recentemente para a R. Mattheis. Com esta equipe, em 2020, ele terminou a categoria em oitavo.<\/p>\n\n\n\n<p class=\"wp-block-paragraph\"><strong>Conhe\u00e7a o canal do Grande Pr\u00eamio no YouTube! Clique\u00a0<a rel=\"noreferrer noopener\" href=\"https:\/\/youtube.com\/GrandePremioTV\" target=\"_blank\">aqui<\/a>.<br>Siga o Grande Pr\u00eamio no\u00a0<a rel=\"noreferrer noopener\" href=\"https:\/\/twitter.com\/grandepremio\" target=\"_blank\">Twitter\u00a0<\/a>e no\u00a0<a rel=\"noreferrer noopener\" href=\"https:\/\/instagram.com\/grandepremio\" target=\"_blank\">Instagram<\/a>!<\/strong><\/p>\n\n\n\n<figure class=\"wp-block-image size-large\"><img decoding=\"async\" src=\"https:\/\/www.grandepremio.com\/br\/wp-content\/uploads\/2021\/01\/mattheis-casagrande-vogel-1024x787.jpg\" alt=\"\" class=\"wp-image-447191\"\/><figcaption>Gabriel Casagrande junto a Andreas Mattheis e Mauro Vogel (Foto: Divulga\u00e7\u00e3o\/Vogel)<\/figcaption><\/figure>\n\n\n\n<p class=\"wp-block-paragraph\">&#8220;Estou muito feliz, muito animado com o que a gente pode conquistar em 2021. Tomara que nada atrapalhe como no fim do ano passado&#8221;, comentou o piloto.<\/p>\n\n\n\n<p class=\"wp-block-paragraph\">Mas sua ida para a Vogel n\u00e3o \u00e9 a \u00fanica novidade da equipe: agora, ela ter\u00e1 estrutura da A. Mattheis, <strong><a href=\"https:\/\/www.grandepremio.com\/br\/stock-car\/noticias\/ipiranga-racing-mantem-dupla-e-anuncia-renovacao-de-thiago-camilo-e-cesar-ramos-para-2021\/\">que em seu time principal conta com Thiago Camilo e Cesar Ramos<\/a><\/strong>. Os mec\u00e2nicos e engenheiros comandados por Andreas Mattheis v\u00e3o ajudar Mauro Vogel.<\/p>\n\n\n\n<p class=\"wp-block-paragraph\">&#8220;Conhe\u00e7o a estrutura da Mattheis, \u00e9 uma estrutura de ponta, e sempre escutei no paddock que o Vogel em uma estrutura de ponta ia ser dif\u00edcil de segurar. Essa \u00e9 a combina\u00e7\u00e3o que temos esse ano, ent\u00e3o 2021 tem tudo para ser um ano maravilhoso&#8221;, continuou Casagrande.<\/p>\n\n\n\n<p class=\"wp-block-paragraph\">&#8220;Estou vendo por parte de todos um \u00e2nimo muito grande, ent\u00e3o isso me deixa com mais gana ainda pra entrar na pista e acelerar. Agrade\u00e7o aos meus patrocinadores por mais um ano de confian\u00e7a e tenho certeza de que esse projeto ser\u00e1 vencedor&#8221;, finalizou.<\/p>\n\n\n\n<p class=\"wp-block-paragraph\">A estreia de Casagrande na Vogel ocorre no dia 28 de mar\u00e7o, no Velopark, palco da primeira etapa da temporada 2021 da Stock Car &#8211; <strong><a href=\"https:\/\/www.grandepremio.com\/br\/stock-car\/noticias\/stock-car-confirma-palcos-de-temporada-2021-mas-deixa-sede-da-final-em-aberto\/\">que ter\u00e1 12 etapas divididas em 10 eventos<\/a><\/strong>.<\/p>\n\n\n\n<figure class=\"wp-block-embed is-type-video is-provider-youtube wp-block-embed-youtube wp-embed-aspect-16-9 wp-has-aspect-ratio\"><div class=\"wp-block-embed__wrapper\">\n<iframe loading=\"lazy\" title=\"WILLIAMS &amp;apos;EST\u00c1 CONSERTANDO AS COISAS&amp;apos; na F1, diz CHEFE. O que esperar? | GP \u00e0s 10\" width=\"500\" height=\"281\" src=\"https:\/\/www.youtube.com\/embed\/1_ctItIdP54?feature=oembed\" frameborder=\"0\" allow=\"accelerometer; autoplay; clipboard-write; encrypted-media; gyroscope; picture-in-picture; web-share\" referrerpolicy=\"strict-origin-when-cross-origin\" allowfullscreen><\/iframe>\n<\/div><\/figure>\n","protected":false},"excerpt":{"rendered":"<p>Gabriel Casagrande retorna \u00e0 Vogel ap\u00f3s dois anos: em 2021, ele disputa a Stock Car pela equipe, que ter\u00e1 outra novidade nos boxes<\/p>\n","protected":false},"author":0,"featured_media":1000434025,"comment_status":"closed","ping_status":"closed","sticky":false,"template":"","format":"standard","meta":{"42wp_featured_image_caption":"","42wp_featured_image_credits":"","42wp_featured_video":"","42wp_featured_image_hidden":false,"42wp_authors_list":[],"footnotes":""},"categories":[11],"tags":[1686,69,1170,1662],"42wp_author":[47129],"class_list":["post-123778","post","type-post","status-publish","format-standard","has-post-thumbnail","hentry","category-stock-car","tag-a-mattheis","tag-stock-car","tag-stock-car-2021","tag-vogel","42wp_author-felipe-noronha"],"_links":{"self":[{"href":"https:\/\/grandepremio.com\/br\/wp-json\/wp\/v2\/posts\/123778","targetHints":{"allow":["GET"]}}],"collection":[{"href":"https:\/\/grandepremio.com\/br\/wp-json\/wp\/v2\/posts"}],"about":[{"href":"https:\/\/grandepremio.com\/br\/wp-json\/wp\/v2\/types\/post"}],"replies":[{"embeddable":true,"href":"https:\/\/grandepremio.com\/br\/wp-json\/wp\/v2\/comments?post=123778"}],"version-history":[{"count":0,"href":"https:\/\/grandepremio.com\/br\/wp-json\/wp\/v2\/posts\/123778\/revisions"}],"wp:featuredmedia":[{"embeddable":true,"href":"https:\/\/grandepremio.com\/br\/wp-json\/wp\/v2\/media\/1000434025"}],"wp:attachment":[{"href":"https:\/\/grandepremio.com\/br\/wp-json\/wp\/v2\/media?parent=123778"}],"wp:term":[{"taxonomy":"category","embeddable":true,"href":"https:\/\/grandepremio.com\/br\/wp-json\/wp\/v2\/categories?post=123778"},{"taxonomy":"post_tag","embeddable":true,"href":"https:\/\/grandepremio.com\/br\/wp-json\/wp\/v2\/tags?post=123778"},{"taxonomy":"42wp_author","embeddable":true,"href":"https:\/\/grandepremio.com\/br\/wp-json\/wp\/v2\/42wp_author?post=123778"}],"curies":[{"name":"wp","href":"https:\/\/api.w.org\/{rel}","templated":true}]}}