{"id":123813,"date":"2021-01-23T09:11:12","date_gmt":"2021-01-23T12:11:12","guid":{"rendered":"https:\/\/grandepremio.com\/br\/noticias\/esteban-ocon-se-impressiona-com-estreia-no-rali-e-exalta-pilotos-do-wrc-eles-tem-bolas-de-aco\/"},"modified":"2021-01-23T09:14:05","modified_gmt":"2021-01-23T12:14:05","slug":"esteban-ocon-se-impressiona-com-estreia-no-rali-e-exalta-pilotos-do-wrc-eles-tem-bolas-de-aco","status":"publish","type":"post","link":"https:\/\/grandepremio.com\/br\/rally\/esteban-ocon-se-impressiona-com-estreia-no-rali-e-exalta-pilotos-do-wrc-eles-tem-bolas-de-aco\/","title":{"rendered":"Ocon se impressiona com estreia no rali e exalta pilotos do WRC: &#8220;Eles t\u00eam bolas de a\u00e7o&#8221;"},"content":{"rendered":"\n<figure class=\"wp-block-embed is-type-video is-provider-youtube wp-block-embed-youtube wp-embed-aspect-16-9 wp-has-aspect-ratio\"><div class=\"wp-block-embed__wrapper\">\n<iframe loading=\"lazy\" title=\"O QUE SERGIO PEREZ PODE ALCAN\u00c7AR COMO PILOTO DA RED BULL NA F1 | GP \u00e0s 10\" width=\"500\" height=\"281\" src=\"https:\/\/www.youtube.com\/embed\/wKEdBUh23io?feature=oembed\" frameborder=\"0\" allow=\"accelerometer; autoplay; clipboard-write; encrypted-media; gyroscope; picture-in-picture; web-share\" referrerpolicy=\"strict-origin-when-cross-origin\" allowfullscreen><\/iframe>\n<\/div><\/figure>\n\n\n\n<p class=\"wp-block-paragraph\">Esteban Ocon foi convidado pela Alpine <a href=\"https:\/\/www.grandepremio.com\/br\/rali\/noticias\/com-alpine-esteban-ocon-recebe-convite-e-participa-de-especiais-do-rali-de-monte-carlo\/\">para guiar em duas etapas especiais do Rali de Monte Carlo<\/a>, a bordo de um A110S. A\u00e7\u00e3o da marca francesa busca aproximar F\u00f3rmula 1 de outras categorias do esporte a motor. Ap\u00f3s o evento, o piloto comentou sobre a sensa\u00e7\u00e3o de dirigir em um carro completamente diferente do habitual.<\/p>\n\n\n\n<p class=\"wp-block-paragraph\">Em entrevista \u00e0 Autosport, Ocon comentou que dirigir um carro em vias escorregadias, enquanto \u00e9 informado por um co-piloto, foi dif\u00edcil de se acostumar. A \u00fanica experi\u00eancia pr\u00e9via do franc\u00eas com o ve\u00edculo da Alpine foi em uma exibi\u00e7\u00e3o no Nordschleife no fim de semana do GP de Eifel de 2020.<\/p>\n\n\n\n<p class=\"wp-block-paragraph\">&#8220;Foi divertido, incr\u00edvel. Eu realmente curti o momento nessas estradas. Para uma primeira experi\u00eancia em ralis, n\u00e3o foi o come\u00e7o mais tranquilo. Mas, sim, eu detonei. Fui me sentindo mais e mais confot\u00e1vel durante o caminho&#8221;, afirmou.<\/p>\n\n\n\n<figure class=\"wp-block-image size-large\"><img decoding=\"async\" src=\"https:\/\/www.grandepremio.com\/br\/wp-content\/uploads\/2021\/01\/Ocon_Alpine-1024x683.jpg\" alt=\"\" class=\"wp-image-446718\"\/><figcaption>O Alpine A110S de Esteban Ocon usado no Rali de Monte Carlo (Foto: Alpine)<\/figcaption><\/figure>\n\n\n\n<p class=\"wp-block-paragraph\"><strong>Conhe\u00e7a o canal do Grande Pr\u00eamio no YouTube! Clique&nbsp;<a rel=\"noreferrer noopener\" href=\"https:\/\/youtube.com\/GrandePremioTV\" target=\"_blank\">aqui<\/a>.<br>Siga o Grande Pr\u00eamio no&nbsp;<a rel=\"noreferrer noopener\" href=\"https:\/\/twitter.com\/grandepremio\" target=\"_blank\">Twitter&nbsp;<\/a>e no&nbsp;<a rel=\"noreferrer noopener\" href=\"https:\/\/instagram.com\/grandepremio\" target=\"_blank\">Instagram<\/a>!<\/strong><\/p>\n\n\n\n<p class=\"wp-block-paragraph\">&#8220;Existem sempre v\u00e1rias partes trai\u00e7oeiras, com mudan\u00e7as de ader\u00eancia e tudo mais, ent\u00e3o \u00e9 bem diferente do que estou acostumado. Voc\u00ea precisa ouvir o co-piloto tamb\u00e9m, o que n\u00e3o \u00e9 algo f\u00e1cil. Fazer as coisas no tempo certo e, quando voc\u00ea est\u00e1 focado em uma curva, j\u00e1 come\u00e7a a ouvir o que fazer na pr\u00f3xima&#8221;, seguiu Ocon.<\/p>\n\n\n\n<p class=\"wp-block-paragraph\">Questionado sobre o que pensa dos pilotos que disputam o Mundial de Rali, o franc\u00eas exaltou os competidores e afirmou que os respeita pela disciplina durante as etapas.<\/p>\n\n\n\n<p class=\"wp-block-paragraph\">&#8220;S\u00e3o her\u00f3is. O que mais posso dizer? Eu estava assistindo v\u00eddeos onboard e parece muito r\u00e1pido. Parece tudo bem controlado quando voc\u00ea assiste. Mas quando voc\u00ea pilota de verdade, parece tudo mais estreito e muito mais dif\u00edcil. Vou te dizer, \u00e9 complicado. Meus parab\u00e9ns, eles t\u00eam bolas de a\u00e7o&#8221;, finalizou.<\/p>\n\n\n\n\n","protected":false},"excerpt":{"rendered":"<p>Esteban Ocon fez sua primeira participa\u00e7\u00e3o em um rali, em Monte Carlo, nesta semana. Depois de participar de duas etapas, o franc\u00eas comparou as diferen\u00e7as com a F\u00f3rmula 1 e elogiou os colegas de profiss\u00e3o pelos riscos que correm durante os eventos<\/p>\n","protected":false},"author":0,"featured_media":1000436163,"comment_status":"closed","ping_status":"closed","sticky":false,"template":"","format":"standard","meta":{"42wp_featured_image_caption":"","42wp_featured_image_credits":"","42wp_featured_video":"","42wp_featured_image_hidden":false,"42wp_authors_list":[],"footnotes":""},"categories":[5],"tags":[20491,302,147,156,24837,25536,233,27086,229],"42wp_author":[47135],"class_list":["post-123813","post","type-post","status-publish","format-standard","has-post-thumbnail","hentry","category-rally","tag-alpine","tag-esteban-ocon","tag-f1","tag-f1-2021","tag-formula-1-2","tag-formula-1-2021-2","tag-rali","tag-rali-de-monte-carlo","tag-renault","42wp_author-pedro-luis-cuenca"],"_links":{"self":[{"href":"https:\/\/grandepremio.com\/br\/wp-json\/wp\/v2\/posts\/123813","targetHints":{"allow":["GET"]}}],"collection":[{"href":"https:\/\/grandepremio.com\/br\/wp-json\/wp\/v2\/posts"}],"about":[{"href":"https:\/\/grandepremio.com\/br\/wp-json\/wp\/v2\/types\/post"}],"replies":[{"embeddable":true,"href":"https:\/\/grandepremio.com\/br\/wp-json\/wp\/v2\/comments?post=123813"}],"version-history":[{"count":0,"href":"https:\/\/grandepremio.com\/br\/wp-json\/wp\/v2\/posts\/123813\/revisions"}],"wp:featuredmedia":[{"embeddable":true,"href":"https:\/\/grandepremio.com\/br\/wp-json\/wp\/v2\/media\/1000436163"}],"wp:attachment":[{"href":"https:\/\/grandepremio.com\/br\/wp-json\/wp\/v2\/media?parent=123813"}],"wp:term":[{"taxonomy":"category","embeddable":true,"href":"https:\/\/grandepremio.com\/br\/wp-json\/wp\/v2\/categories?post=123813"},{"taxonomy":"post_tag","embeddable":true,"href":"https:\/\/grandepremio.com\/br\/wp-json\/wp\/v2\/tags?post=123813"},{"taxonomy":"42wp_author","embeddable":true,"href":"https:\/\/grandepremio.com\/br\/wp-json\/wp\/v2\/42wp_author?post=123813"}],"curies":[{"name":"wp","href":"https:\/\/api.w.org\/{rel}","templated":true}]}}