{"id":123827,"date":"2021-01-22T10:00:00","date_gmt":"2021-01-22T13:00:00","guid":{"rendered":"https:\/\/grandepremio.com\/br\/noticias\/gp-as-10-o-que-sergio-perez-pode-alcancar-como-piloto-red-bull\/"},"modified":"2021-01-20T19:25:15","modified_gmt":"2021-01-20T22:25:15","slug":"gp-as-10-o-que-sergio-perez-pode-alcancar-como-piloto-red-bull","status":"publish","type":"post","link":"https:\/\/grandepremio.com\/br\/f1\/gp-as-10-o-que-sergio-perez-pode-alcancar-como-piloto-red-bull\/","title":{"rendered":"GP \u00e0s 10: O que P\u00e9rez pode alcan\u00e7ar como piloto da Red Bull?"},"content":{"rendered":"\n<figure class=\"wp-block-embed is-type-rich is-provider-incorporar-manipulador wp-block-embed-incorporar-manipulador wp-embed-aspect-16-9 wp-has-aspect-ratio\"><div class=\"wp-block-embed__wrapper\">\n<iframe loading=\"lazy\" title=\"O QUE SERGIO PEREZ PODE ALCAN\u00c7AR COMO PILOTO DA RED BULL NA F1 | GP \u00e0s 10\" width=\"500\" height=\"281\" src=\"https:\/\/www.youtube.com\/embed\/wKEdBUh23io?feature=oembed\" frameborder=\"0\" allow=\"accelerometer; autoplay; clipboard-write; encrypted-media; gyroscope; picture-in-picture; web-share\" referrerpolicy=\"strict-origin-when-cross-origin\" allowfullscreen><\/iframe>\n<\/div><\/figure>\n\n\n\n<p class=\"wp-block-paragraph\">O que Sergio P\u00e9rez Mendoza vai poder fazer como piloto da Red Bull na F\u00f3rmula 1 em 2021? O mexicano foi salvo da fila do desemprego no fim da temporada passada ao ser anunciado como novo piloto da equipe dos energ\u00e9ticos, ocupando o lugar deixado por Alexander Albon.<\/p>\n\n\n\n<p class=\"wp-block-paragraph\"><strong>Conhe\u00e7a o canal do Grande Pr\u00eamio no YouTube! Clique\u00a0<a rel=\"noreferrer noopener\" href=\"https:\/\/youtube.com\/GrandePremioTV\" target=\"_blank\">aqui<\/a>.<br>Siga o Grande Pr\u00eamio no\u00a0<a rel=\"noreferrer noopener\" href=\"https:\/\/twitter.com\/grandepremio\" target=\"_blank\">Twitter\u00a0<\/a>e no\u00a0<a rel=\"noreferrer noopener\" href=\"https:\/\/instagram.com\/grandepremio\" target=\"_blank\">Instagram<\/a>!<\/strong><br><strong>P\u00e9rez visita f\u00e1brica e <a href=\"https:\/\/www.grandepremio.com\/br\/f1\/noticias\/sergio-perez-visita-fabrica-entra-carro-red-bull-primeira-vez\/\">entra no carro da Red Bull<\/a> pela primeira vez<\/strong><\/p>\n\n\n\n<p class=\"wp-block-paragraph\">P\u00e9rez conheceu na \u00faltima ter\u00e7a-feira as instala\u00e7\u00f5es da sua nova casa, em Milton Keynes. O piloto de 30 anos (vai completar 31 em 26 de janeiro) se mostrou maravilhado com a estrutura que agora lhe \u00e9 oferecida e entende que tem totais condi\u00e7\u00f5es de dar um passo al\u00e9m na sua carreira.<\/p>\n\n\n\n<p class=\"wp-block-paragraph\">\u2018Checo\u2019 chamou a aten\u00e7\u00e3o por uma frase curiosa: \u201cNingu\u00e9m antes me deu a chance de estar numa grande equipe\u201d. P\u00e9rez, embora tenha defendido a McLaren, em 2013, chegou num momento em que a equipe brit\u00e2nica vivia um per\u00edodo de entressafra e n\u00e3o era mais t\u00e3o competitiva como at\u00e9 um ano atr\u00e1s.<\/p>\n\n\n\n<p class=\"wp-block-paragraph\">Dessa vez, \u00e9 diferente. Sem a perspectiva de grandes mudan\u00e7as na ordem de for\u00e7as da F\u00f3rmula 1 em raz\u00e3o das poucas altera\u00e7\u00f5es nos carros para 2021, \u00e9 correto afirmar que a Red Bull segue sendo a segunda melhor equipe do grid. Sendo assim, o que P\u00e9rez vai poder alcan\u00e7ar na nova casa? P\u00f3dios com frequ\u00eancia? Voltar a vencer na F\u00f3rmula 1? Superar Max Verstappen e desafiar a Mercedes?<\/p>\n\n\n\n<p class=\"wp-block-paragraph\">Eis uma das grandes quest\u00f5es que a temporada 2021 da F\u00f3rmula 1 vai responder.<\/p>\n","protected":false},"excerpt":{"rendered":"<p>A quest\u00e3o sobre o que \u00e9 que Sergio P\u00e9rez conseguir\u00e1 fazer na Red Bull \u00e9 uma das mais relevantes da F\u00f3rmula 1 2021. No GP \u00e0s 10, Fernando Silva e Pedro Henrique Marum debatem<\/p>\n","protected":false},"author":0,"featured_media":1000446695,"comment_status":"closed","ping_status":"closed","sticky":false,"template":"","format":"standard","meta":{"42wp_featured_image_caption":"","42wp_featured_image_credits":"","42wp_featured_video":"","42wp_featured_image_hidden":false,"42wp_authors_list":[],"footnotes":""},"categories":[2],"tags":[156,390,25536,24840,213,25081,25214,570,204,24863],"42wp_author":[47120],"class_list":["post-123827","post","type-post","status-publish","format-standard","has-post-thumbnail","hentry","category-f1","tag-f1-2021","tag-fernando-silva","tag-formula-1-2021-2","tag-gp-as-10-2","tag-gp-as-10","tag-horarios-da-f1-2","tag-horarios-da-formula-1-2","tag-pedro-henrique-marum","tag-red-bull","tag-sergio-perez-2","42wp_author-pedro-henrique-marum"],"_links":{"self":[{"href":"https:\/\/grandepremio.com\/br\/wp-json\/wp\/v2\/posts\/123827","targetHints":{"allow":["GET"]}}],"collection":[{"href":"https:\/\/grandepremio.com\/br\/wp-json\/wp\/v2\/posts"}],"about":[{"href":"https:\/\/grandepremio.com\/br\/wp-json\/wp\/v2\/types\/post"}],"replies":[{"embeddable":true,"href":"https:\/\/grandepremio.com\/br\/wp-json\/wp\/v2\/comments?post=123827"}],"version-history":[{"count":0,"href":"https:\/\/grandepremio.com\/br\/wp-json\/wp\/v2\/posts\/123827\/revisions"}],"wp:featuredmedia":[{"embeddable":true,"href":"https:\/\/grandepremio.com\/br\/wp-json\/wp\/v2\/media\/1000446695"}],"wp:attachment":[{"href":"https:\/\/grandepremio.com\/br\/wp-json\/wp\/v2\/media?parent=123827"}],"wp:term":[{"taxonomy":"category","embeddable":true,"href":"https:\/\/grandepremio.com\/br\/wp-json\/wp\/v2\/categories?post=123827"},{"taxonomy":"post_tag","embeddable":true,"href":"https:\/\/grandepremio.com\/br\/wp-json\/wp\/v2\/tags?post=123827"},{"taxonomy":"42wp_author","embeddable":true,"href":"https:\/\/grandepremio.com\/br\/wp-json\/wp\/v2\/42wp_author?post=123827"}],"curies":[{"name":"wp","href":"https:\/\/api.w.org\/{rel}","templated":true}]}}