{"id":123834,"date":"2021-01-21T17:19:52","date_gmt":"2021-01-21T20:19:52","guid":{"rendered":"https:\/\/grandepremio.com\/br\/noticias\/sem-nordeste-e-com-taruma-e-juiz-de-fora-copa-truck-anuncia-calendario-de-2021\/"},"modified":"2021-01-21T17:19:57","modified_gmt":"2021-01-21T20:19:57","slug":"sem-nordeste-e-com-taruma-e-juiz-de-fora-copa-truck-anuncia-calendario-de-2021","status":"publish","type":"post","link":"https:\/\/grandepremio.com\/br\/truck\/sem-nordeste-e-com-taruma-e-juiz-de-fora-copa-truck-anuncia-calendario-de-2021\/","title":{"rendered":"Sem Nordeste e com Tarum\u00e3 e Juiz de Fora, Copa Truck anuncia calend\u00e1rio de 2021"},"content":{"rendered":"\n<figure class=\"wp-block-embed is-type-video is-provider-youtube wp-block-embed-youtube wp-embed-aspect-16-9 wp-has-aspect-ratio\"><div class=\"wp-block-embed__wrapper\">\n<iframe loading=\"lazy\" title=\"FLAVIO GOMES VOLTOU! TEM ELOGIO A ALONSO E VETTEL NA F1. MAS TEM P\u00c9 NA PORTA  | GP \u00e0s 10\" width=\"500\" height=\"281\" src=\"https:\/\/www.youtube.com\/embed\/A3hSU7gX6i0?feature=oembed\" frameborder=\"0\" allow=\"accelerometer; autoplay; clipboard-write; encrypted-media; gyroscope; picture-in-picture; web-share\" referrerpolicy=\"strict-origin-when-cross-origin\" allowfullscreen><\/iframe>\n<\/div><\/figure>\n\n\n\n<p class=\"wp-block-paragraph\">A Copa Truck anunciou, na tarde desta quinta-feira (21), o calend\u00e1rio para a temporada 2021, a quinta da hist\u00f3ria da competi\u00e7\u00e3o. O campeonato conta com sete datas divididos entre 11 de abril e 5 de dezembro, ambas as etapas marcadas para Curitiba.<\/p>\n\n\n\n<p class=\"wp-block-paragraph\"><strong>Conhe\u00e7a o canal do Grande Pr\u00eamio no YouTube! Clique\u00a0<a rel=\"noreferrer noopener\" href=\"https:\/\/youtube.com\/GrandePremioTV\" target=\"_blank\">aqui<\/a>.<br>Siga o Grande Pr\u00eamio no\u00a0<a rel=\"noreferrer noopener\" href=\"https:\/\/twitter.com\/grandepremio\" target=\"_blank\">Twitter\u00a0<\/a>e no\u00a0<a rel=\"noreferrer noopener\" href=\"https:\/\/instagram.com\/grandepremio\" target=\"_blank\">Instagram<\/a>!<\/strong><\/p>\n\n\n\n<p class=\"wp-block-paragraph\">Al\u00e9m de Curitiba, as pra\u00e7as selecionadas s\u00e3o Goi\u00e2nia, Interlagos, Cascavel, Tarum\u00e3 e Juiz de Fora, no Aut\u00f3dromo de Potenza que, oficialmente, fica na cidade mineira de Lima Duarte. Desta maneira, al\u00e9m de Juiz de Fora, Tarum\u00e3 tamb\u00e9m \u00e9 novidade no calend\u00e1rio de 2021 comparado ao de 2020.<\/p>\n\n\n\n<p class=\"wp-block-paragraph\">Entretanto, Mato Grosso do Sul e o Nordeste, que tinham sido indicadas como pra\u00e7as buscadas pela Copa Truck em <a href=\"https:\/\/www.grandepremio.com\/br\/truck\/noticias\/apos-stock-car-copa-truck-anuncia-acordo-com-band-e-estreia-na-tv-aberta-em-2021\/\">comunicado divulgado em dezembro de 2020<\/a>, n\u00e3o aparecem no calend\u00e1rio. De acordo com o comunicado da categoria, o motivo da aus\u00eancia do nordeste \u00e9 que &#8220;n\u00e3o est\u00e3o confirmadas as obras necess\u00e1rias homologa\u00e7\u00e3o dos aut\u00f3dromos junto \u00e0 CBA&#8221;.<\/p>\n\n\n\n<figure class=\"wp-block-image size-large\"><img decoding=\"async\" src=\"https:\/\/www.grandepremio.com\/br\/wp-content\/uploads\/2018\/08\/2018826218203_CopaTruck_RodrigoRuiz-4800_DMa.jpg\" alt=\"\" class=\"wp-image-384453\"\/><figcaption>A Truck volta em abril (Foto: Rodrigo Ruiz)<\/figcaption><\/figure>\n\n\n\n<p class=\"wp-block-paragraph\">A categoria ainda afirmou que, embora esteja &#8220;conversando constantemente com as autoridades e prefeituras das pra\u00e7as&#8221; para entender a situa\u00e7\u00e3o sanit\u00e1ria de cada uma delas tendo em vista a pandemia do novo coronav\u00edrus, seguir\u00e1 os mesmos protocolos que a temporada passada. Sem p\u00fablico e imprensa, pois.<\/p>\n\n\n\n<p class=\"wp-block-paragraph\">Por fim, n\u00e3o haver\u00e1 mais que uma etapa por m\u00eas. A Truck corre em abril, maio, junho, julho, agosto, outubro e dezembro, enquanto fica ausente das pistas em setembro e novembro.<\/p>\n\n\n\n<p class=\"wp-block-paragraph\">Em 2021, a Truck ter\u00e1 transmiss\u00e3o por TV aberta e fechada, respectivamente com Band e SporTV.<\/p>\n\n\n\n<p class=\"wp-block-paragraph\"><strong>Calend\u00e1rio, Copa Truck 2021:<\/strong><\/p>\n\n\n\n<figure class=\"wp-block-table\"><table><tbody><tr><td>1<\/td><td>11\/4<\/td><td>Curitiba (PR)<\/td><\/tr><tr><td>2<\/td><td>23\/5<\/td><td>Goi\u00e2nia (GO)<\/td><\/tr><tr><td>3<\/td><td>27\/6<\/td><td>Interlagos (SP)<\/td><\/tr><tr><td>4<\/td><td>18\/7<\/td><td>Casc\u00e1vel (PR)<\/td><\/tr><tr><td>5<\/td><td>15\/8<\/td><td>Tarum\u00e3 (RS)<\/td><\/tr><tr><td>6<\/td><td>3\/10<\/td><td>Potenza (MG)<\/td><\/tr><tr><td>7<\/td><td>5\/12<\/td><td>Curitiba (PR)<\/td><\/tr><\/tbody><\/table><\/figure>\n\n\n\n<figure class=\"wp-block-embed is-type-video is-provider-youtube wp-block-embed-youtube wp-embed-aspect-16-9 wp-has-aspect-ratio\"><div class=\"wp-block-embed__wrapper\">\n<iframe loading=\"lazy\" title=\"AFINAL, COMO VAI FICAR O CALEND\u00c1RIO DA F1 2021? | GP \u00e0s 10\" width=\"500\" height=\"281\" src=\"https:\/\/www.youtube.com\/embed\/K4E0Qu8GdRo?feature=oembed\" frameborder=\"0\" allow=\"accelerometer; autoplay; clipboard-write; encrypted-media; gyroscope; picture-in-picture; web-share\" referrerpolicy=\"strict-origin-when-cross-origin\" allowfullscreen><\/iframe>\n<\/div><\/figure>\n","protected":false},"excerpt":{"rendered":"<p>A Copa Truck apresentou os planos para a temporada 2021 com sete etapas em seis pra\u00e7as diferentes. Segundo comunicado, categoria est\u00e1 pronta para mais um, campeonato com restri\u00e7\u00f5es causadas pela pandemia<\/p>\n","protected":false},"author":0,"featured_media":1000391193,"comment_status":"closed","ping_status":"closed","sticky":false,"template":"","format":"standard","meta":{"42wp_featured_image_caption":"","42wp_featured_image_credits":"","42wp_featured_video":"","42wp_featured_image_hidden":false,"42wp_authors_list":[],"footnotes":""},"categories":[23],"tags":[2505,827,25513,26428],"42wp_author":[47120],"class_list":["post-123834","post","type-post","status-publish","format-standard","has-post-thumbnail","hentry","category-truck","tag-cascavel","tag-curitiba","tag-goiania-2","tag-taruma","42wp_author-pedro-henrique-marum"],"_links":{"self":[{"href":"https:\/\/grandepremio.com\/br\/wp-json\/wp\/v2\/posts\/123834","targetHints":{"allow":["GET"]}}],"collection":[{"href":"https:\/\/grandepremio.com\/br\/wp-json\/wp\/v2\/posts"}],"about":[{"href":"https:\/\/grandepremio.com\/br\/wp-json\/wp\/v2\/types\/post"}],"replies":[{"embeddable":true,"href":"https:\/\/grandepremio.com\/br\/wp-json\/wp\/v2\/comments?post=123834"}],"version-history":[{"count":0,"href":"https:\/\/grandepremio.com\/br\/wp-json\/wp\/v2\/posts\/123834\/revisions"}],"wp:featuredmedia":[{"embeddable":true,"href":"https:\/\/grandepremio.com\/br\/wp-json\/wp\/v2\/media\/1000391193"}],"wp:attachment":[{"href":"https:\/\/grandepremio.com\/br\/wp-json\/wp\/v2\/media?parent=123834"}],"wp:term":[{"taxonomy":"category","embeddable":true,"href":"https:\/\/grandepremio.com\/br\/wp-json\/wp\/v2\/categories?post=123834"},{"taxonomy":"post_tag","embeddable":true,"href":"https:\/\/grandepremio.com\/br\/wp-json\/wp\/v2\/tags?post=123834"},{"taxonomy":"42wp_author","embeddable":true,"href":"https:\/\/grandepremio.com\/br\/wp-json\/wp\/v2\/42wp_author?post=123834"}],"curies":[{"name":"wp","href":"https:\/\/api.w.org\/{rel}","templated":true}]}}