{"id":123854,"date":"2021-01-20T16:46:30","date_gmt":"2021-01-20T19:46:30","guid":{"rendered":"https:\/\/grandepremio.com\/br\/noticias\/ferrari-aponta-elemento-chave-contratacao-carlos-sainz-mensagens-de-radio\/"},"modified":"2021-01-20T16:46:36","modified_gmt":"2021-01-20T19:46:36","slug":"ferrari-aponta-elemento-chave-contratacao-carlos-sainz-mensagens-de-radio","status":"publish","type":"post","link":"https:\/\/grandepremio.com\/br\/f1\/ferrari-aponta-elemento-chave-contratacao-carlos-sainz-mensagens-de-radio\/","title":{"rendered":"Ferrari aponta elemento-chave na contrata\u00e7\u00e3o de Sainz: as mensagens de r\u00e1dio"},"content":{"rendered":"\n<figure class=\"wp-block-embed is-type-video is-provider-youtube wp-block-embed-youtube wp-embed-aspect-16-9 wp-has-aspect-ratio\"><div class=\"wp-block-embed__wrapper\">\n<iframe loading=\"lazy\" title=\"AFINAL, COMO VAI FICAR O CALEND\u00c1RIO DA F1 2021? | GP \u00e0s 10\" width=\"500\" height=\"281\" src=\"https:\/\/www.youtube.com\/embed\/K4E0Qu8GdRo?feature=oembed\" frameborder=\"0\" allow=\"accelerometer; autoplay; clipboard-write; encrypted-media; gyroscope; picture-in-picture; web-share\" referrerpolicy=\"strict-origin-when-cross-origin\" allowfullscreen><\/iframe>\n<\/div><\/figure>\n\n\n\n<p class=\"wp-block-paragraph\">A Ferrari sabia que, entrando na temporada 2020, tinha uma decis\u00e3o a tomar: renovaria ou n\u00e3o o contrato de Sebastian Vettel? Quando resolveu que n\u00e3o, passou a decidir o substituto. Como todos j\u00e1 sabem, o escolhido foi Carlos Sainz. Uma decis\u00e3o que passou por escutar cada uma das mensagens trocadas entre Sainz e McLaren pelo r\u00e1dio da equipe nas corridas de 2019.<\/p>\n\n\n\n<p class=\"wp-block-paragraph\"><strong>Conhe\u00e7a o canal do Grande Pr\u00eamio no YouTube! Clique\u00a0<a rel=\"noreferrer noopener\" href=\"https:\/\/youtube.com\/GrandePremioTV\" target=\"_blank\">aqui<\/a>.<br>Siga o Grande Pr\u00eamio no\u00a0<a rel=\"noreferrer noopener\" href=\"https:\/\/twitter.com\/grandepremio\" target=\"_blank\">Twitter\u00a0<\/a>e no\u00a0<a rel=\"noreferrer noopener\" href=\"https:\/\/instagram.com\/grandepremio\" target=\"_blank\">Instagram<\/a>!<\/strong><\/p>\n\n\n\n<p class=\"wp-block-paragraph\">Quem fez a revela\u00e7\u00e3o foi o pr\u00f3prio chefe da Ferrari, Mattia Binotto, em entrevista ao podcast oficial da F\u00f3rmula 1. Segundo ele, era fundamental entender como o espanhol abordava as corridas.<\/p>\n\n\n\n<p class=\"wp-block-paragraph\">&#8220;Antes de fazer proposta, escutamos todas as mensagens de r\u00e1dio dele para ver como se comunicava, porque a forma de se comunicar, de alguma maneira, diz muito sobre o jeito que voc\u00ea encara as corridas. Foi bastante preciso&#8221;, contou.<\/p>\n\n\n\n<p class=\"wp-block-paragraph\">&#8220;\u00c9 um grande trabalhador: met\u00f3dico, s\u00f3lido, todos os componentes que eram importantes para a Ferrari&#8221;, seguiu.<\/p>\n\n\n\n<figure class=\"wp-block-image size-large\"><img decoding=\"async\" src=\"https:\/\/www.grandepremio.com\/br\/wp-content\/uploads\/2020\/09\/ferrari-mattiabinotto-01-1024x683.jpg\" alt=\"\" class=\"wp-image-422724\"\/><figcaption>As conversas de Sainz com a McLaren foram m\u00fasica para os ouvidos de Binotto (Foto: Ferrari)<\/figcaption><\/figure>\n\n\n\n<p class=\"wp-block-paragraph\">Ainda aos 26 anos, mas j\u00e1 na F\u00f3rmula 1 desde 2015, Sainz vai defender a quarta equipe diferente ap\u00f3s Toro Rosso, Renault e McLaren. \u00c9 claro, por\u00e9m, que as avalia\u00e7\u00f5es da Ferrari foram mais longe que apenas um servi\u00e7o radiof\u00f4nico.<\/p>\n\n\n\n<p class=\"wp-block-paragraph\">&#8220;Ele \u00e9 constante nas corridas, \u00e9 r\u00e1pido, consegue se defender e atacar, mas sempre est\u00e1 levando o carro \u00e0 linha de chegada de maneira consistente. \u00c9 um bom piloto e que permitir\u00e1 construir boa temporada em rela\u00e7\u00e3o aos pontos para o Campeonato de Construtores&#8221;, avaliou.<\/p>\n\n\n\n<p class=\"wp-block-paragraph\">&#8220;Analisamos a velocidade tamb\u00e9m: \u00e9 r\u00e1pido e mostrou nessa \u00faltima temporada, na compara\u00e7\u00e3o com Norris. Se miramos Carlos em 2020, podemos dizer que, na compara\u00e7\u00e3o, ele foi muito forte&#8221;, disse, apesar da contrata\u00e7\u00e3o de Sainz ter sido feita muito antes da temporada 2020 come\u00e7ar, ap\u00f3s o adiamento causado pelo novo coronav\u00edrus, e, assim, n\u00e3o ter levado em considera\u00e7\u00e3o qualquer compara\u00e7\u00e3o com Lando Norris no ano passado. Em 2019, Norris era novato.<\/p>\n\n\n\n<p class=\"wp-block-paragraph\">&#8220;E acredito que melhorou na classifica\u00e7\u00e3o em compara\u00e7\u00e3o ao que fazia antes, al\u00e9m de seguir muito forte nas corridas. \u00c9 um grande piloto. E \u00e9 jovem, j\u00e1 tem muitos anos de experi\u00eancia enquanto que ainda pode se desenvolver. N\u00e3o est\u00e1 no fim de carreira&#8221;, finalizou.<\/p>\n\n\n\n<p class=\"wp-block-paragraph\">Sainz j\u00e1 disse que come\u00e7ar\u00e1 a temporada <a href=\"https:\/\/www.grandepremio.com\/br\/f1\/noticias\/carlos-sainz-diz-que-vai-brincar-de-pega-pega-com-charles-leclerc-em-comeco-na-ferrari\/\">numa esp\u00e9cie de pique-pega<\/a> com Charles Leclerc, o novo companheiro. Isso, porque o monegasco conhece bem o carro, enquanto ele pr\u00f3prio ter\u00e1 somente um dia e meio de testes antes do primeiro fim de semana competitivo do ano, entre 26 e 28 de mar\u00e7o, no Bahrein.<\/p>\n\n\n\n<figure class=\"wp-block-embed is-type-video is-provider-youtube wp-block-embed-youtube wp-embed-aspect-16-9 wp-has-aspect-ratio\"><div class=\"wp-block-embed__wrapper\">\n<iframe loading=\"lazy\" title=\"VERSTAPPEN quer DESTRUIR P\u00c9REZ na F1 2021. Max sentiu? | GP \u00e0s 10\" width=\"500\" height=\"281\" src=\"https:\/\/www.youtube.com\/embed\/1mKsH_c1Lnk?feature=oembed\" frameborder=\"0\" allow=\"accelerometer; autoplay; clipboard-write; encrypted-media; gyroscope; picture-in-picture; web-share\" referrerpolicy=\"strict-origin-when-cross-origin\" allowfullscreen><\/iframe>\n<\/div><\/figure>\n","protected":false},"excerpt":{"rendered":"<p>Como Carlos Sainz conversa com seu time via r\u00e1dio ao longo dos GPs da F\u00f3rmula 1? Foi um elemento protagonista na decis\u00e3o da Ferrari de contrat\u00e1-lo para 2021<\/p>\n","protected":false},"author":0,"featured_media":1000443474,"comment_status":"closed","ping_status":"closed","sticky":false,"template":"","format":"standard","meta":{"42wp_featured_image_caption":"","42wp_featured_image_credits":"","42wp_featured_video":"","42wp_featured_image_hidden":false,"42wp_authors_list":[],"footnotes":""},"categories":[2],"tags":[546,156,207,25536,25081,25214,442],"42wp_author":[47120],"class_list":["post-123854","post","type-post","status-publish","format-standard","has-post-thumbnail","hentry","category-f1","tag-carlos-sainz","tag-f1-2021","tag-ferrari","tag-formula-1-2021-2","tag-horarios-da-f1-2","tag-horarios-da-formula-1-2","tag-mattia-binotto","42wp_author-pedro-henrique-marum"],"_links":{"self":[{"href":"https:\/\/grandepremio.com\/br\/wp-json\/wp\/v2\/posts\/123854","targetHints":{"allow":["GET"]}}],"collection":[{"href":"https:\/\/grandepremio.com\/br\/wp-json\/wp\/v2\/posts"}],"about":[{"href":"https:\/\/grandepremio.com\/br\/wp-json\/wp\/v2\/types\/post"}],"replies":[{"embeddable":true,"href":"https:\/\/grandepremio.com\/br\/wp-json\/wp\/v2\/comments?post=123854"}],"version-history":[{"count":0,"href":"https:\/\/grandepremio.com\/br\/wp-json\/wp\/v2\/posts\/123854\/revisions"}],"wp:featuredmedia":[{"embeddable":true,"href":"https:\/\/grandepremio.com\/br\/wp-json\/wp\/v2\/media\/1000443474"}],"wp:attachment":[{"href":"https:\/\/grandepremio.com\/br\/wp-json\/wp\/v2\/media?parent=123854"}],"wp:term":[{"taxonomy":"category","embeddable":true,"href":"https:\/\/grandepremio.com\/br\/wp-json\/wp\/v2\/categories?post=123854"},{"taxonomy":"post_tag","embeddable":true,"href":"https:\/\/grandepremio.com\/br\/wp-json\/wp\/v2\/tags?post=123854"},{"taxonomy":"42wp_author","embeddable":true,"href":"https:\/\/grandepremio.com\/br\/wp-json\/wp\/v2\/42wp_author?post=123854"}],"curies":[{"name":"wp","href":"https:\/\/api.w.org\/{rel}","templated":true}]}}