{"id":123855,"date":"2021-01-20T14:18:11","date_gmt":"2021-01-20T17:18:11","guid":{"rendered":"https:\/\/grandepremio.com\/br\/noticias\/trio-feminino-da-richard-mille-disputa-temporada-completa-do-mundial-de-endurance\/"},"modified":"2021-01-20T14:20:27","modified_gmt":"2021-01-20T17:20:27","slug":"trio-feminino-da-richard-mille-disputa-temporada-completa-do-mundial-de-endurance","status":"publish","type":"post","link":"https:\/\/grandepremio.com\/br\/endurance\/trio-feminino-da-richard-mille-disputa-temporada-completa-do-mundial-de-endurance\/","title":{"rendered":"Trio feminino da Richard Mille disputa temporada completa do Mundial de Endurance"},"content":{"rendered":"\n<figure class=\"wp-block-embed is-type-video is-provider-youtube wp-block-embed-youtube wp-embed-aspect-16-9 wp-has-aspect-ratio\"><div class=\"wp-block-embed__wrapper\">\n<iframe loading=\"lazy\" title=\"AFINAL, COMO VAI FICAR O CALEND\u00c1RIO DA F1 2021? | GP \u00e0s 10\" width=\"500\" height=\"281\" src=\"https:\/\/www.youtube.com\/embed\/K4E0Qu8GdRo?start=3&amp;feature=oembed\" frameborder=\"0\" allow=\"accelerometer; autoplay; clipboard-write; encrypted-media; gyroscope; picture-in-picture; web-share\" referrerpolicy=\"strict-origin-when-cross-origin\" allowfullscreen><\/iframe>\n<\/div><\/figure>\n\n\n\n<p class=\"wp-block-paragraph\">O trio feminino de endurance formado por Tatiana Calder\u00f3n, Sophia Fl\u00f6rsch e Beitske Visser dar\u00e1 um importante passo em 2021. Agora, as pilotas que formam a Richard Mille Racing Team v\u00e3o competir na temporada completa do WEC<\/p>\n\n\n\n<p class=\"wp-block-paragraph\">A equipe feminina formada com apoio da Richard Mille, fabricante su\u00ed\u00e7a de rel\u00f3gios, competir\u00e1 na classe LMP2, <a href=\"https:\/\/www.grandepremio.com\/br\/endurance\/noticias\/incrivel-surreal-e-top-10-inesperado-calderon-fala-da-estreia-nas-24-horas-de-le-mans\/\">a mesma em que disputaram as 24 Horas de Le Mans de 2020<\/a> e completaram na nona posi\u00e7\u00e3o.<\/p>\n\n\n\n<figure class=\"wp-block-image\"><img decoding=\"async\" src=\"https:\/\/pbs.twimg.com\/media\/EsMEmaSXUAY5taN?format=jpg&amp;name=4096x4096\" alt=\"Imagem\"\/><figcaption>O carro LMP2 da Richard Mille Racing (Foto: Reprodu\u00e7\u00e3o\/Richard Mille Racing)<\/figcaption><\/figure>\n\n\n\n<p class=\"wp-block-paragraph\"><strong>Conhe\u00e7a o canal do Grande Pr\u00eamio no YouTube! Clique&nbsp;<a rel=\"noreferrer noopener\" href=\"https:\/\/youtube.com\/GrandePremioTV\" target=\"_blank\">aqui<\/a>.<br>Siga o Grande Pr\u00eamio no&nbsp;<a rel=\"noreferrer noopener\" href=\"https:\/\/twitter.com\/grandepremio\" target=\"_blank\">Twitter&nbsp;<\/a>e no&nbsp;<a rel=\"noreferrer noopener\" href=\"https:\/\/instagram.com\/grandepremio\" target=\"_blank\">Instagram<\/a>!<\/strong><\/p>\n\n\n\n<p class=\"wp-block-paragraph\">&#8220;Estamos felizes em continuar na aventura da Richard Mille Racing Team. \u00c9 um projeto extremamente motivador e que transcende a dimens\u00e3o do esporte gerando muita emo\u00e7\u00e3o e entusiasmo. Estamos dando um passo \u00e0 frente ao entrar no WEC, mas estamos confiantes pelas habilidades e a curva de aprendizado de nossas tr\u00eas pilotos&#8221;, comentou Philippe Sinault, chefe da Signatech Automobiles, que opera a equipe.<\/p>\n\n\n\n<p class=\"wp-block-paragraph\">Na temporada passada, Calder\u00f3n, Fl\u00f6rsch e Visser competiram na  European Le Mans Series, e fecharam o campeonato na d\u00e9cima coloca\u00e7\u00e3o. O melhor resultado foi o quinto lugar nas 4 Horas de Le Castellet.<\/p>\n\n\n\n<p class=\"wp-block-paragraph\">O trio da Richard Mille ser\u00e1 uma das duas equipes inteiramente femininas do WEC em 2021. A Iron Lynx Ferrari ter\u00e1 Rahel Frey, Michelle Gatting e Manuela Gostner, outro time que tamb\u00e9m era parte do European Le Mans Series e vai competir no WEC, mas na classe LMGTE-Pro.<\/p>\n\n\n\n<figure class=\"wp-block-embed is-type-video is-provider-youtube wp-block-embed-youtube wp-embed-aspect-16-9 wp-has-aspect-ratio\"><div class=\"wp-block-embed__wrapper\">\n<iframe loading=\"lazy\" title=\"VERSTAPPEN quer DESTRUIR P\u00c9REZ na F1 2021. Max sentiu? | GP \u00e0s 10\" width=\"500\" height=\"281\" src=\"https:\/\/www.youtube.com\/embed\/1mKsH_c1Lnk?start=549&amp;feature=oembed\" frameborder=\"0\" allow=\"accelerometer; autoplay; clipboard-write; encrypted-media; gyroscope; picture-in-picture; web-share\" referrerpolicy=\"strict-origin-when-cross-origin\" allowfullscreen><\/iframe>\n<\/div><\/figure>\n\n\n\n<p class=\"wp-block-paragraph\"><\/p>\n","protected":false},"excerpt":{"rendered":"<p>Tatiana Calder\u00f3n, Beitske Visser e Sophia Fl\u00f6rsch disputaram juntas a temporada 2020 da European Le Mans Series. Agora, o desafio da Richard Mille Racing ser\u00e1 no WEC<\/p>\n","protected":false},"author":0,"featured_media":1000446744,"comment_status":"closed","ping_status":"closed","sticky":false,"template":"","format":"standard","meta":{"42wp_featured_image_caption":"","42wp_featured_image_credits":"","42wp_featured_video":"","42wp_featured_image_hidden":false,"42wp_authors_list":[],"footnotes":""},"categories":[18],"tags":[357,27138,25517,356,6915],"42wp_author":[47119],"class_list":["post-123855","post","type-post","status-publish","format-standard","has-post-thumbnail","hentry","category-endurance","tag-mundial-de-endurance","tag-sophia-florsch","tag-tatiana-calderon","tag-wec","tag-wec-2021","42wp_author-gabriel-carvalho"],"_links":{"self":[{"href":"https:\/\/grandepremio.com\/br\/wp-json\/wp\/v2\/posts\/123855","targetHints":{"allow":["GET"]}}],"collection":[{"href":"https:\/\/grandepremio.com\/br\/wp-json\/wp\/v2\/posts"}],"about":[{"href":"https:\/\/grandepremio.com\/br\/wp-json\/wp\/v2\/types\/post"}],"replies":[{"embeddable":true,"href":"https:\/\/grandepremio.com\/br\/wp-json\/wp\/v2\/comments?post=123855"}],"version-history":[{"count":0,"href":"https:\/\/grandepremio.com\/br\/wp-json\/wp\/v2\/posts\/123855\/revisions"}],"wp:featuredmedia":[{"embeddable":true,"href":"https:\/\/grandepremio.com\/br\/wp-json\/wp\/v2\/media\/1000446744"}],"wp:attachment":[{"href":"https:\/\/grandepremio.com\/br\/wp-json\/wp\/v2\/media?parent=123855"}],"wp:term":[{"taxonomy":"category","embeddable":true,"href":"https:\/\/grandepremio.com\/br\/wp-json\/wp\/v2\/categories?post=123855"},{"taxonomy":"post_tag","embeddable":true,"href":"https:\/\/grandepremio.com\/br\/wp-json\/wp\/v2\/tags?post=123855"},{"taxonomy":"42wp_author","embeddable":true,"href":"https:\/\/grandepremio.com\/br\/wp-json\/wp\/v2\/42wp_author?post=123855"}],"curies":[{"name":"wp","href":"https:\/\/api.w.org\/{rel}","templated":true}]}}