{"id":123861,"date":"2021-01-20T10:00:00","date_gmt":"2021-01-20T13:00:00","guid":{"rendered":"https:\/\/grandepremio.com\/br\/noticias\/gp-as-10-formula-1-ja-se-preocupa-e-mexe-com-calendario-o-que-sera-de-2021\/"},"modified":"2021-01-20T07:54:09","modified_gmt":"2021-01-20T10:54:09","slug":"gp-as-10-formula-1-ja-se-preocupa-e-mexe-com-calendario-o-que-sera-de-2021","status":"publish","type":"post","link":"https:\/\/grandepremio.com\/br\/f1\/gp-as-10-formula-1-ja-se-preocupa-e-mexe-com-calendario-o-que-sera-de-2021\/","title":{"rendered":"GP \u00e0s 10: F\u00f3rmula 1 j\u00e1 se preocupa e mexe com calend\u00e1rio: o que ser\u00e1 de 2021?"},"content":{"rendered":"\n<figure class=\"wp-block-embed is-type-rich is-provider-incorporar-manipulador wp-block-embed-incorporar-manipulador wp-embed-aspect-16-9 wp-has-aspect-ratio\"><div class=\"wp-block-embed__wrapper\">\n<iframe loading=\"lazy\" title=\"AFINAL, COMO VAI FICAR O CALEND\u00c1RIO DA F1 2021? | GP \u00e0s 10\" width=\"500\" height=\"281\" src=\"https:\/\/www.youtube.com\/embed\/K4E0Qu8GdRo?feature=oembed\" frameborder=\"0\" allow=\"accelerometer; autoplay; clipboard-write; encrypted-media; gyroscope; picture-in-picture; web-share\" referrerpolicy=\"strict-origin-when-cross-origin\" allowfullscreen><\/iframe>\n<\/div><\/figure>\n\n\n\n<p class=\"wp-block-paragraph\">Depois da transfer\u00eancia do GP da <a href=\"https:\/\/www.grandepremio.com\/br\/f1\/noticias\/f1-confirma-adiamento-do-gp-da-australia-bahrein-abre-temporada-e-imola-volta\/\">Austr\u00e1lia, de 21 de mar\u00e7o para 21 de novembro, e a incerteza sobre o GP da China, ainda sem data no calend\u00e1rio e com muito mais chances de ser novamente cancelado<\/a>, a sequ\u00eancia de 2021 \u00e9 muito mais de d\u00favidas do que certezas sobre o calend\u00e1rio da F\u00f3rmula 1 e do esporte a motor como um todo. Um d\u00e9j\u00e0 vu de 2020.<\/p>\n\n\n\n<p class=\"wp-block-paragraph\">Sobre a F\u00f3rmula 1, agora <a href=\"https:\/\/www.grandepremio.com\/br\/f1\/noticias\/ainda-afetada-pela-pandemia-f1-estuda-cancelar-gps-de-monaco-azerbaijao-e-canada\/\">pairam d\u00favidas sobre as corridas de rua como o GP de M\u00f4naco e do Azerbaij\u00e3o, al\u00e9m do GP do Canad\u00e1<\/a>, disputado no Circuito Gilles Villeneuve, no Parque da \u00cele de Notre Dame, segundo informa a revista holandesa Formule1.<\/p>\n\n\n\n<p class=\"wp-block-paragraph\">As restri\u00e7\u00f5es sanit\u00e1rias, somadas ao tempo de anteced\u00eancia necess\u00e1rio para a montagem das estruturas dos circuitos urbanos, tornam novamente uma inc\u00f3gnita a realiza\u00e7\u00e3o das provas em quest\u00e3o, que foram canceladas no ano passado. De acordo com a publica\u00e7\u00e3o, os GPs da Turquia, Toscana e Eifel entrariam como substitutos.<\/p>\n\n\n\n<p class=\"wp-block-paragraph\">Mas a d\u00favida n\u00e3o diz respeito somente aos GPs citados, em que pese a vacina\u00e7\u00e3o estar em curso em boa parte do mundo. Os casos e \u00f3bitos em raz\u00e3o da Covid-19 seguem altos no planeta. Segundo cientistas e especialistas em imuniza\u00e7\u00e3o, a tend\u00eancia \u00e9 que a pandemia comece a arrefecer, j\u00e1 na esteira dos efeitos da vacina\u00e7\u00e3o, no segundo semestre.<\/p>\n\n\n\n<p class=\"wp-block-paragraph\">Jean Todt, presidente da FIA, disse que n\u00e3o espera um calend\u00e1rio normal, ideia, por exemplo, vendida por Chase Carey, agora o ex-homem-forte da F\u00f3rmula 1. O franc\u00eas acredita que boa parte do cronograma tra\u00e7ado para o primeiro semestre vai ser alterada.<\/p>\n\n\n\n<p class=\"wp-block-paragraph\">O GP do Brasil est\u00e1 marcado para 7 de novembro. Uma vez que a vacina\u00e7\u00e3o no Brasil finalmente come\u00e7ou no \u00faltimo domingo, \u00e9 poss\u00edvel que o quadro atual em rela\u00e7\u00e3o \u00e0 pandemia esteja melhor no fim do ano, mas tudo ainda \u00e9 muito incerto.<\/p>\n\n\n\n<p class=\"wp-block-paragraph\">Com contrato assinado at\u00e9 2025, <a href=\"https:\/\/www.grandepremio.com\/br\/f1\/noticias\/justica-suspende-contrato-da-prefeitura-com-empresa-promotora-do-gp-de-sao-paulo-de-f1\/\">ainda que esteja suspenso pela justi\u00e7a at\u00e9 que a prefeitura de S\u00e3o Paulo esclare\u00e7a a falta de licita\u00e7\u00e3o e o sigilo para os dados a respeito<\/a>, o GP de S\u00e3o Paulo s\u00f3 tende a acontecer mesmo com um maior arrefecimento da pandemia, assim como em outros pa\u00edses do mundo, como Jap\u00e3o, M\u00e9xico e, principalmente, Estados Unidos, epicentro mundial da pandemia.<\/p>\n\n\n\n<p class=\"wp-block-paragraph\">Fernando Silva e Pedro Henrique Marum debatem tudo no GP \u00e0s 10 desta quarta-feira (20).<\/p>\n\n\n\n<p class=\"wp-block-paragraph\"><strong>Conhe\u00e7a o canal do Grande Pr\u00eamio no YouTube! Clique\u00a0<a rel=\"noreferrer noopener\" href=\"https:\/\/youtube.com\/GrandePremioTV\" target=\"_blank\">aqui<\/a>.<br>Siga o Grande Pr\u00eamio no\u00a0<a rel=\"noreferrer noopener\" href=\"https:\/\/twitter.com\/grandepremio\" target=\"_blank\">Twitter\u00a0<\/a>e no\u00a0<a rel=\"noreferrer noopener\" href=\"https:\/\/instagram.com\/grandepremio\" target=\"_blank\">Instagram<\/a>!<\/strong><\/p>\n","protected":false},"excerpt":{"rendered":"<p>O cronograma original tra\u00e7ado pela F\u00f3rmula 1 para 2021 representava uma volta \u00e0 realidade, mas o mundo atravessa seu pior momento desde a eclos\u00e3o da pandemia e imp\u00f5e muitas incertezas. Mudan\u00e7as j\u00e1 aconteceram e outras tantas parecem estar por vir. O cen\u00e1rio atual, portanto, \u00e9 de absoluta interroga\u00e7\u00e3o, analisam Fernando Silva e Pedro Henrique Marum no GP \u00e0s 10 desta quarta-feira (20)<\/p>\n","protected":false},"author":0,"featured_media":1000446659,"comment_status":"closed","ping_status":"closed","sticky":false,"template":"","format":"standard","meta":{"42wp_featured_image_caption":"","42wp_featured_image_credits":"","42wp_featured_video":"","42wp_featured_image_hidden":false,"42wp_authors_list":[],"footnotes":""},"categories":[2],"tags":[24893,147,156,24837,25536,25260,222,26680,1754,502,24836,24830],"42wp_author":[47110],"class_list":["post-123861","post","type-post","status-publish","format-standard","has-post-thumbnail","hentry","category-f1","tag-calendario","tag-f1","tag-f1-2021","tag-formula-1-2","tag-formula-1-2021-2","tag-gp-da-australia-2","tag-gp-da-china","tag-gp-de-sao-paulo","tag-gp-do-bahrein","tag-gp-do-brasil","tag-grande-premio-2","tag-pandemia","42wp_author-fernando-silva"],"_links":{"self":[{"href":"https:\/\/grandepremio.com\/br\/wp-json\/wp\/v2\/posts\/123861","targetHints":{"allow":["GET"]}}],"collection":[{"href":"https:\/\/grandepremio.com\/br\/wp-json\/wp\/v2\/posts"}],"about":[{"href":"https:\/\/grandepremio.com\/br\/wp-json\/wp\/v2\/types\/post"}],"replies":[{"embeddable":true,"href":"https:\/\/grandepremio.com\/br\/wp-json\/wp\/v2\/comments?post=123861"}],"version-history":[{"count":0,"href":"https:\/\/grandepremio.com\/br\/wp-json\/wp\/v2\/posts\/123861\/revisions"}],"wp:featuredmedia":[{"embeddable":true,"href":"https:\/\/grandepremio.com\/br\/wp-json\/wp\/v2\/media\/1000446659"}],"wp:attachment":[{"href":"https:\/\/grandepremio.com\/br\/wp-json\/wp\/v2\/media?parent=123861"}],"wp:term":[{"taxonomy":"category","embeddable":true,"href":"https:\/\/grandepremio.com\/br\/wp-json\/wp\/v2\/categories?post=123861"},{"taxonomy":"post_tag","embeddable":true,"href":"https:\/\/grandepremio.com\/br\/wp-json\/wp\/v2\/tags?post=123861"},{"taxonomy":"42wp_author","embeddable":true,"href":"https:\/\/grandepremio.com\/br\/wp-json\/wp\/v2\/42wp_author?post=123861"}],"curies":[{"name":"wp","href":"https:\/\/api.w.org\/{rel}","templated":true}]}}