{"id":123909,"date":"2021-01-16T13:29:36","date_gmt":"2021-01-16T16:29:36","guid":{"rendered":"https:\/\/grandepremio.com\/br\/noticias\/com-30-anos-entre-primeira-e-14a-vitorias-no-dakar-stephane-peterhansel-se-ve-privilegiado\/"},"modified":"2021-01-16T14:10:33","modified_gmt":"2021-01-16T17:10:33","slug":"com-30-anos-entre-primeira-e-14a-vitorias-no-dakar-stephane-peterhansel-se-ve-privilegiado","status":"publish","type":"post","link":"https:\/\/grandepremio.com\/br\/rally\/com-30-anos-entre-primeira-e-14a-vitorias-no-dakar-stephane-peterhansel-se-ve-privilegiado\/","title":{"rendered":"Com 30 anos entre primeira e 14\u00aa vit\u00f3rias no Dakar, Peterhansel se v\u00ea privilegiado"},"content":{"rendered":"\n<figure class=\"wp-block-embed is-type-video is-provider-youtube wp-block-embed-youtube wp-embed-aspect-16-9 wp-has-aspect-ratio\"><div class=\"wp-block-embed__wrapper\">\n<iframe loading=\"lazy\" title=\"Retorno de ALONSO \u00e9 &amp;apos;ALL IN&amp;apos; em situa\u00e7\u00e3o nova na CARREIRA | GP \u00e0s 10\" width=\"500\" height=\"281\" src=\"https:\/\/www.youtube.com\/embed\/HyjvFsR_CVI?feature=oembed\" frameborder=\"0\" allow=\"accelerometer; autoplay; clipboard-write; encrypted-media; gyroscope; picture-in-picture; web-share\" referrerpolicy=\"strict-origin-when-cross-origin\" allowfullscreen><\/iframe>\n<\/div><\/figure>\n\n\n\n<p class=\"wp-block-paragraph\">14 vit\u00f3rias no Rali Dakar. Pode at\u00e9 parecer um n\u00famero totalmente incr\u00edvel se jogado ao ar sem contexto, mas n\u00e3o \u00e9 t\u00e3o irreal assim para quem acompanha o hist\u00f3rico de St\u00e9phane Peterhansel. O &#8216;Monsieur Dakar&#8217; <a href=\"https:\/\/www.grandepremio.com\/br\/rali\/noticias\/stephane-peterhansel-campeao-rali-dakar-14-vez-sainz-vence-ultima-etapa\/\">confirmou o trof\u00e9u de n\u00famero 14<\/a> na \u00faltima sexta-feira, na chegada a Jed\u00e1, na Ar\u00e1bia Saudita. E tr\u00eas d\u00e9cadas ap\u00f3s vencer a primeira ainda se enxerga como privilegiado.<\/p>\n\n\n\n<p class=\"wp-block-paragraph\"><strong>Conhe\u00e7a o canal do Grande Pr\u00eamio no YouTube! Clique&nbsp;<a rel=\"noreferrer noopener\" href=\"https:\/\/youtube.com\/GrandePremioTV\" target=\"_blank\">aqui<\/a>.<br>Siga o Grande Pr\u00eamio no&nbsp;<a rel=\"noreferrer noopener\" href=\"https:\/\/twitter.com\/grandepremio\" target=\"_blank\">Twitter&nbsp;<\/a>e no&nbsp;<a rel=\"noreferrer noopener\" href=\"https:\/\/instagram.com\/grandepremio\" target=\"_blank\">Instagram<\/a>!<\/strong><\/p>\n\n\n\n<p class=\"wp-block-paragraph\">Realmente, os n\u00fameros s\u00e3o impressionantes. A primeira conquista de Peterhansel veio em 1991, ainda nas motos e, 30 anos depois, ainda est\u00e1 no topo. Ao longo dos anos, foram seis vit\u00f3rias nas motos &#8211; 1991, 1992, 1993, 1995, 1997 e 1998 &#8211; e oito nos carros &#8211; 2004, 2005, 2007, 2012, 2013, 2016, 2017 e 2021.<\/p>\n\n\n\n<p class=\"wp-block-paragraph\">&#8220;Sempre h\u00e1 muita press\u00e3o, \u00e9 por isso que eu sempre digo que todas as edi\u00e7\u00f5es s\u00e3o muito complicadas de ganhar. Voc\u00ea precisa dar tudo de si, ser completo, ter um bom time, um bom carro e, claro, um \u00f3timo copiloto&#8221;, afirmou \u00e0 revista inglesa Autosport.<\/p>\n\n\n\n<p class=\"wp-block-paragraph\">&#8220;Al\u00e9m disso tudo, o erro \u00e9 humano, n\u00f3s cometemos erros rapidamente. Vencer pela 14\u00aa vez foi importante, porque permitiu que colocar 30 anos entre essa vit\u00f3ria e a primeira, em 1991&#8221;, recordou.<\/p>\n\n\n\n<figure class=\"wp-block-image size-large\"><img decoding=\"async\" src=\"https:\/\/www.grandepremio.com\/br\/wp-content\/uploads\/2021\/01\/SI202101130107_hires_jpeg_24bit_rgb-1024x683.jpg\" alt=\"\" class=\"wp-image-445932\"\/><figcaption>14 vezes St\u00e9phane Peterhansel (Foto: Red Bull Content Pool)<\/figcaption><\/figure>\n\n\n\n<p class=\"wp-block-paragraph\">&#8220;E mais, acredito que eu sou o \u00fanico a ter vencido em todos os tr\u00eas continentes. Tendo vivido durante os anos de \u00c1frica, Am\u00e9rica do Sul e, agora, Ar\u00e1bia Saudita, ainda somos privilegiados&#8221;, avaliou.<\/p>\n\n\n\n<p class=\"wp-block-paragraph\">Por fim, ainda exaltou o navegador Edouard Boulanger e falou sobre a capacidade de se manter tranquilo em momentos dif\u00edceis.<\/p>\n\n\n\n<p class=\"wp-block-paragraph\">&#8220;N\u00e3o \u00e9 s\u00f3 a experi\u00eancia, porque quando voc\u00ea olhar para Edouard Boulanger, ele tem pouqu\u00edssima experi\u00eancia como copiloto. \u00c9 a capacidade de ver as coisas claramente, analisar o mapa na parte da navega\u00e7\u00e3o. Da minha parte, tentei n\u00e3o me deixar levar quando me senti mais lento&#8221;, encerrou.<\/p>\n\n\n\n<p class=\"wp-block-paragraph\">A vit\u00f3ria de Peterhansel em 2021 foi baseada na const\u00e2ncia. O franc\u00eas venceu somente uma das 12 especiais, ao passo que o rival Nasser Al-Attiyah levou cinco &#8211; e terminou mais de 13 minutos atr\u00e1s na classifica\u00e7\u00e3o geral. Os dois, inclusive, <a href=\"https:\/\/www.grandepremio.com\/br\/rali\/noticias\/nasser-al-attiyah-reclama-ameaca-desistir-dakar-stephane-peterhansel-rebate-coisa-de-ego\/\">trocaram farpas depois da chegada<\/a>.<\/p>\n\n\n\n<figure class=\"wp-block-embed is-type-video is-provider-youtube wp-block-embed-youtube wp-embed-aspect-16-9 wp-has-aspect-ratio\"><div class=\"wp-block-embed__wrapper\">\n<iframe loading=\"lazy\" title=\"RENAULT\/ALPINE tira Abiteboul da F1 e pega chefe da Suzuki: bom para ALONSO? | GP \u00e0s 10\" width=\"500\" height=\"281\" src=\"https:\/\/www.youtube.com\/embed\/sAPOzb7R0ds?feature=oembed\" frameborder=\"0\" allow=\"accelerometer; autoplay; clipboard-write; encrypted-media; gyroscope; picture-in-picture; web-share\" referrerpolicy=\"strict-origin-when-cross-origin\" allowfullscreen><\/iframe>\n<\/div><\/figure>\n","protected":false},"excerpt":{"rendered":"<p>14 vit\u00f3rias em 30 anos. Maior ganhador do Dakar, St\u00e9phane Peterhansel ainda se enxerga como um privilegiado por ser campe\u00e3o nas tr\u00eas fases do rali<\/p>\n","protected":false},"author":0,"featured_media":1000446151,"comment_status":"closed","ping_status":"closed","sticky":false,"template":"","format":"standard","meta":{"42wp_featured_image_caption":"","42wp_featured_image_credits":"","42wp_featured_video":"","42wp_featured_image_hidden":false,"42wp_authors_list":[],"footnotes":""},"categories":[5],"tags":[1004,618,1271],"42wp_author":[47120],"class_list":["post-123909","post","type-post","status-publish","format-standard","has-post-thumbnail","hentry","category-rally","tag-nasser-al-attiyah","tag-rali-dakar","tag-stephane-peterhansel","42wp_author-pedro-henrique-marum"],"_links":{"self":[{"href":"https:\/\/grandepremio.com\/br\/wp-json\/wp\/v2\/posts\/123909","targetHints":{"allow":["GET"]}}],"collection":[{"href":"https:\/\/grandepremio.com\/br\/wp-json\/wp\/v2\/posts"}],"about":[{"href":"https:\/\/grandepremio.com\/br\/wp-json\/wp\/v2\/types\/post"}],"replies":[{"embeddable":true,"href":"https:\/\/grandepremio.com\/br\/wp-json\/wp\/v2\/comments?post=123909"}],"version-history":[{"count":0,"href":"https:\/\/grandepremio.com\/br\/wp-json\/wp\/v2\/posts\/123909\/revisions"}],"wp:featuredmedia":[{"embeddable":true,"href":"https:\/\/grandepremio.com\/br\/wp-json\/wp\/v2\/media\/1000446151"}],"wp:attachment":[{"href":"https:\/\/grandepremio.com\/br\/wp-json\/wp\/v2\/media?parent=123909"}],"wp:term":[{"taxonomy":"category","embeddable":true,"href":"https:\/\/grandepremio.com\/br\/wp-json\/wp\/v2\/categories?post=123909"},{"taxonomy":"post_tag","embeddable":true,"href":"https:\/\/grandepremio.com\/br\/wp-json\/wp\/v2\/tags?post=123909"},{"taxonomy":"42wp_author","embeddable":true,"href":"https:\/\/grandepremio.com\/br\/wp-json\/wp\/v2\/42wp_author?post=123909"}],"curies":[{"name":"wp","href":"https:\/\/api.w.org\/{rel}","templated":true}]}}