{"id":123918,"date":"2021-01-15T18:22:00","date_gmt":"2021-01-15T21:22:00","guid":{"rendered":"https:\/\/grandepremio.com\/br\/noticias\/marco-andretti-diminui-participacao-na-indy-em-2021-e-se-diz-interessado-no-endurance\/"},"modified":"2021-01-15T18:22:58","modified_gmt":"2021-01-15T21:22:58","slug":"marco-andretti-diminui-participacao-na-indy-em-2021-e-se-diz-interessado-no-endurance","status":"publish","type":"post","link":"https:\/\/grandepremio.com\/br\/indy\/marco-andretti-diminui-participacao-na-indy-em-2021-e-se-diz-interessado-no-endurance\/","title":{"rendered":"Marco Andretti diminui participa\u00e7\u00e3o na Indy em 2021 e se diz interessado no endurance"},"content":{"rendered":"\n<figure class=\"wp-block-embed is-type-video is-provider-youtube wp-block-embed-youtube wp-embed-aspect-16-9 wp-has-aspect-ratio\"><div class=\"wp-block-embed__wrapper\">\n<iframe loading=\"lazy\" title=\"Brasil ganha respiro e tem nova chance na INDY com Kanaan e Castroneves | GP \u00e0s 10\" width=\"500\" height=\"281\" src=\"https:\/\/www.youtube.com\/embed\/vhWddgTrpQs?feature=oembed\" frameborder=\"0\" allow=\"accelerometer; autoplay; clipboard-write; encrypted-media; gyroscope; picture-in-picture; web-share\" referrerpolicy=\"strict-origin-when-cross-origin\" allowfullscreen><\/iframe>\n<\/div><\/figure>\n\n\n\n<p class=\"wp-block-paragraph\">\u00c9 o fim de uma era. Marco Andretti anunciou, na tarde desta sexta-feira (15), que ter\u00e1 participa\u00e7\u00e3o bem menor na temporada 2021 da Indy. Ser\u00e1 a primeira vez desde estrou na categoria, em 2006, que Marco n\u00e3o far\u00e1 o programa completo. Mais que isso: ser\u00e1 a primeira vez desde o come\u00e7o dos anos 1980 em que nenhum membro da fam\u00edlia Andretti estar\u00e1 na temporada de maneira integral.<\/p>\n\n\n\n<p class=\"wp-block-paragraph\"><strong>Conhe\u00e7a o canal do Grande Pr\u00eamio no YouTube! Clique\u00a0<a rel=\"noreferrer noopener\" href=\"https:\/\/youtube.com\/GrandePremioTV\" target=\"_blank\">aqui<\/a>.<br>Siga o Grande Pr\u00eamio no\u00a0<a rel=\"noreferrer noopener\" href=\"https:\/\/twitter.com\/grandepremio\" target=\"_blank\">Twitter\u00a0<\/a>e no\u00a0<a rel=\"noreferrer noopener\" href=\"https:\/\/instagram.com\/grandepremio\" target=\"_blank\">Instagram<\/a>!<\/strong><br><strong>Andretti <a href=\"https:\/\/www.grandepremio.com\/br\/indy\/noticias\/andretti-confirma-renovacao-de-ryan-hunter-reay-para-temporada-2021-da-indy\/\">confirma renova\u00e7\u00e3o<\/a> de Hunter-Reay para temporada 2021<\/strong><\/p>\n\n\n\n<p class=\"wp-block-paragraph\">O comunicado, publicado pelo pr\u00f3prio Marco em suas redes sociais, conta com a garantia de que participar\u00e1 das 500 Milhas de Indian\u00e1polis pela equipe da fam\u00edlia e que estar\u00e1 em outras provas ainda n\u00e3o definidas, al\u00e9m de testes coletivos.<\/p>\n\n\n\n<p class=\"wp-block-paragraph\">\u00c9 uma decis\u00e3o que, embora aparentemente tomada pelo pr\u00f3prio Marco Andretti, agradar\u00e1, sen\u00e3o ao chefe da equipe, o pai Michael Andretti, aos torcedores da equipe do mais famoso cl\u00e3 do esporte a motor dos Estados Unidos. Marco fez temporada 2020 bastante abaixo da cr\u00edtica e terminou apenas com o 20\u00ba lugar do campeonato, pior da carreira, apesar da pole na Indy 500.<\/p>\n\n\n\n<p class=\"wp-block-paragraph\">Dos \u00faltimos cinco anos, conseguiu terminar apenas um no top-10: o nono posto de 2018. O piloto n\u00e3o vai a um p\u00f3dio desde as 500 Milhas de Fontana de 2015 e tem como mais recente vit\u00f3ria a prova de Iowa 2011. Dez anos atr\u00e1s, portanto.<\/p>\n\n\n\n<figure class=\"wp-block-image size-large\"><img decoding=\"async\" src=\"https:\/\/www.grandepremio.com\/br\/wp-content\/uploads\/2020\/08\/Mario-1024x683.jpg\" alt=\"\" class=\"wp-image-408157\"\/><figcaption>Marco e o av\u00f4 Mario, lenda da velocidade (Foto: Indycar)<\/figcaption><\/figure>\n\n\n\n<p class=\"wp-block-paragraph\">&#8220;Ap\u00f3s considerar cuidadosamente durante os \u00faltimos dois meses, tomei a decis\u00e3o de fazer mudan\u00e7as em minhas atividades esportivas e focar em 2021. Recentemente, compartilhei esta decis\u00e3o e as mudan\u00e7as que quero fazer com meu pai e falamos bastante sobre isso. Agrade\u00e7o a ele por me permitir ter a flexibilidade para mapear meu pr\u00f3prio caminho daqui em diante&#8221;, disse.<\/p>\n\n\n\n<p class=\"wp-block-paragraph\">&#8220;Sou afortunado por estar numa posi\u00e7\u00e3o com a Andretti de fazer a temporada completa da Indy se eu quiser. Mas, ao inv\u00e9s disso, decidi mudar minha dire\u00e7\u00e3o um pouco &#8211; reiniciar &#8211; para fazer algo diferente. Olhar com mais frescor para tudo e ver onde me leva. Para mim, parece o momento apropriado para isso&#8221;, seguiu.<\/p>\n\n\n\n<p class=\"wp-block-paragraph\">Apesar de diminuir a participa\u00e7\u00e3o na Indy, o Andretti neto garante que segue apaixonado pelo of\u00edcio de piloto e segue confiante em vencer as 500 Milhas de Indian\u00e1polis. De fato, a prova mais tradicional dos monopostos estadunidenses \u00e9 aquela onde Andretti costuma ser mais frequentemente forte. Tem oito top-10, sendo cinco top-5, nas 15 participa\u00e7\u00f5es. Em 2006, ano de estreia, foi segundo colocado de maneira dram\u00e1tica, cruzando a linha de chegada no mesmo d\u00e9cimo que o vencedor Sam Hornish Jr.<\/p>\n\n\n\n<p class=\"wp-block-paragraph\">&#8220;Vou, definitivamente, continuar guiando. Ainda tenho enorme paix\u00e3o por isso e tenho neg\u00f3cios que n\u00e3o est\u00e3o terminados para cuidar e algumas coisas que preciso fazer antes de considerar me aposentar como piloto&#8221;, colocou.<\/p>\n\n\n\n\n\n<p class=\"wp-block-paragraph\">&#8220;Em primeiro lugar, sigo faminto para ganhar a Indy 500. \u00c9 nosso maior palco. Sinto que \u00e9 o lugar onde eu mais posso entregar como piloto. Cheguei perto de vencer e estou na batalha todos os anos. Conseguir a pole ano passado foi incr\u00edvel, mas n\u00e3o foi o bastante. Sei que uma vit\u00f3ria l\u00e1 est\u00e1 no meu futuro, ent\u00e3o tentaremos isso nos pr\u00f3ximos anos. Assim, estou comprometido com a Andretti para a Indy 500 deste ano&#8221;, garantiu.<\/p>\n\n\n\n<p class=\"wp-block-paragraph\">Al\u00e9m da Indy 500 e eventual outras participa\u00e7\u00f5es na categoria, Marco revelou planos de aparecer em corridas de endurance nos Estados Unidos e Europa. Ter\u00e1, ainda, abertura para correr por outras equipes.<\/p>\n\n\n\n<p class=\"wp-block-paragraph\">&#8220;Al\u00e9m de estar amplamente focado na Indy 500, quero fazer outras corridas da Indy conforme a temporada avan\u00e7ar para continuar me entendendo com o carro. Ofereci ajuda em alguns testes e outras atividades ao longo do caminho. Irei considerar, tamb\u00e9m, outras oportunidades no paddock da Indy e no esporte de maneira geral&#8221;, falou.<\/p>\n\n\n\n<p class=\"wp-block-paragraph\">&#8220;Meu envolvimento com a Andretti continua. Quero andar em prot\u00f3tipos, talvez correr no IMSA com meu primo Jarett, o que ser\u00e1 bem divertido. Vou avaliar outras oportunidades nos prot\u00f3tipos nos pr\u00f3ximos meses e gostaria de ter conversas neste sentido. Eventos especiais como as 24 Horas de Daytona, 12 Horas de Sebring e Le Mans est\u00e3o nesta lista&#8221;, afirmou.<\/p>\n\n\n\n<figure class=\"wp-block-image size-large\"><img decoding=\"async\" src=\"https:\/\/www.grandepremio.com\/br\/wp-content\/uploads\/2020\/08\/Marco-Andretti-2-1024x682.jpg\" alt=\"\" class=\"wp-image-406795\"\/><figcaption>Marco Andretti foi pole-position da Indy 500 de 2020 (Foto: IndyCar)<\/figcaption><\/figure>\n\n\n\n<p class=\"wp-block-paragraph\">&#8220;Estou animado pelo que o futuro guarda dentro e fora da pista e quero agradecer, de novo, ao meu pai e a toda a Andretti Autosport por permitir que eu tenha essa liberdade para mudar as coisas como achar melhor e que siga em frente de maneira um pouco diferente nesta temporada&#8221;, finalizou.<\/p>\n\n\n\n<p class=\"wp-block-paragraph\">O pai e chefe Michael tamb\u00e9m se manifestou. &#8220;Marco e eu discutimos bastante o assunto. Eu dou for\u00e7a e respeito a decis\u00e3o de focar em outras \u00e1reas da vida, talvez at\u00e9 do pr\u00f3prio esporte. Est\u00e1vamos trabalhando numa vaga em tempo integral para ele na Indy, mas ele decidiu que queria tomar outra dire\u00e7\u00e3o. Respeito-o por isso&#8221;, afirmou.<\/p>\n\n\n\n\n\n<p class=\"wp-block-paragraph\">&#8220;Creio que para qualquer atleta pode ser muito desafiador construir o pr\u00f3prio nome em cima do nome da sua fam\u00edlia. Marco sempre teve coragem de tomar o pr\u00f3prio caminho, e estou orgulhoso do que ele construiu para si pr\u00f3prio e da pessoa que se tornou. Sei que a decis\u00e3o n\u00e3o foi f\u00e1cil. Como ele disse, n\u00e3o \u00e9 aposentadoria. Ele tem grandes feitos na carreira e acho que ter\u00e1 mais. Ofereceu ajuda para alguns testes, tamb\u00e9m. Estou ansioso para t\u00ea-lo de volta na Indy 500 e, esperamos, algumas corridas mais nesta temporada&#8221;, encerrou.<\/p>\n\n\n\n<p class=\"wp-block-paragraph\">Apesar da longa carreira, Marco tem 33 anos, Ao longo das 236 provas que disputou na Indy, conquistou duas vit\u00f3rias, seis poles e 20 p\u00f3dios. Em 2013, terminou com o quinto lugar do campeonato de Pilotos, o melhor da carreira.<\/p>\n\n\n\n<figure class=\"wp-block-embed is-type-video is-provider-youtube wp-block-embed-youtube wp-embed-aspect-16-9 wp-has-aspect-ratio\"><div class=\"wp-block-embed__wrapper\">\n<iframe loading=\"lazy\" title=\"Retorno de ALONSO \u00e9 &amp;apos;ALL IN&amp;apos; em situa\u00e7\u00e3o nova na CARREIRA | GP \u00e0s 10\" width=\"500\" height=\"281\" src=\"https:\/\/www.youtube.com\/embed\/HyjvFsR_CVI?feature=oembed\" frameborder=\"0\" allow=\"accelerometer; autoplay; clipboard-write; encrypted-media; gyroscope; picture-in-picture; web-share\" referrerpolicy=\"strict-origin-when-cross-origin\" allowfullscreen><\/iframe>\n<\/div><\/figure>\n","protected":false},"excerpt":{"rendered":"<p>Ap\u00f3s 15 anos completos, Marco Andretti far\u00e1 apenas as 500 Milhas de Indian\u00e1polis e, caso consiga acertar para tanto, poucas provas pontuais da Indy 2021<\/p>\n","protected":false},"author":0,"featured_media":1000407919,"comment_status":"closed","ping_status":"closed","sticky":false,"template":"","format":"standard","meta":{"42wp_featured_image_caption":"","42wp_featured_image_credits":"","42wp_featured_video":"","42wp_featured_image_hidden":false,"42wp_authors_list":[],"footnotes":""},"categories":[3],"tags":[417,27035,5601,232,2422,1181],"42wp_author":[47120],"class_list":["post-123918","post","type-post","status-publish","format-standard","has-post-thumbnail","hentry","category-indy","tag-andretti","tag-formula-indy-2021","tag-indy-2021","tag-indy-500","tag-marco-andretti","tag-michael-andretti","42wp_author-pedro-henrique-marum"],"_links":{"self":[{"href":"https:\/\/grandepremio.com\/br\/wp-json\/wp\/v2\/posts\/123918","targetHints":{"allow":["GET"]}}],"collection":[{"href":"https:\/\/grandepremio.com\/br\/wp-json\/wp\/v2\/posts"}],"about":[{"href":"https:\/\/grandepremio.com\/br\/wp-json\/wp\/v2\/types\/post"}],"replies":[{"embeddable":true,"href":"https:\/\/grandepremio.com\/br\/wp-json\/wp\/v2\/comments?post=123918"}],"version-history":[{"count":0,"href":"https:\/\/grandepremio.com\/br\/wp-json\/wp\/v2\/posts\/123918\/revisions"}],"wp:featuredmedia":[{"embeddable":true,"href":"https:\/\/grandepremio.com\/br\/wp-json\/wp\/v2\/media\/1000407919"}],"wp:attachment":[{"href":"https:\/\/grandepremio.com\/br\/wp-json\/wp\/v2\/media?parent=123918"}],"wp:term":[{"taxonomy":"category","embeddable":true,"href":"https:\/\/grandepremio.com\/br\/wp-json\/wp\/v2\/categories?post=123918"},{"taxonomy":"post_tag","embeddable":true,"href":"https:\/\/grandepremio.com\/br\/wp-json\/wp\/v2\/tags?post=123918"},{"taxonomy":"42wp_author","embeddable":true,"href":"https:\/\/grandepremio.com\/br\/wp-json\/wp\/v2\/42wp_author?post=123918"}],"curies":[{"name":"wp","href":"https:\/\/api.w.org\/{rel}","templated":true}]}}