{"id":123923,"date":"2021-01-15T14:12:00","date_gmt":"2021-01-15T17:12:00","guid":{"rendered":"https:\/\/grandepremio.com\/br\/noticias\/dmitry-sotnikov-confirma-vitoria-dakar-2021-caminhoes-macik-ganha-especial\/"},"modified":"2021-01-15T14:12:05","modified_gmt":"2021-01-15T17:12:05","slug":"dmitry-sotnikov-confirma-vitoria-dakar-2021-caminhoes-macik-ganha-especial","status":"publish","type":"post","link":"https:\/\/grandepremio.com\/br\/rally\/dmitry-sotnikov-confirma-vitoria-dakar-2021-caminhoes-macik-ganha-especial\/","title":{"rendered":"Sotnikov confirma vit\u00f3ria do Dakar 2021 nos caminh\u00f5es. Macik ganha 12\u00aa especial"},"content":{"rendered":"\n<figure class=\"wp-block-embed is-type-video is-provider-youtube wp-block-embed-youtube wp-embed-aspect-16-9 wp-has-aspect-ratio\"><div class=\"wp-block-embed__wrapper\">\n<iframe loading=\"lazy\" title=\"Retorno de ALONSO \u00e9 &amp;apos;ALL IN&amp;apos; em situa\u00e7\u00e3o nova na CARREIRA | GP \u00e0s 10\" width=\"500\" height=\"281\" src=\"https:\/\/www.youtube.com\/embed\/HyjvFsR_CVI?feature=oembed\" frameborder=\"0\" allow=\"accelerometer; autoplay; clipboard-write; encrypted-media; gyroscope; picture-in-picture; web-share\" referrerpolicy=\"strict-origin-when-cross-origin\" allowfullscreen><\/iframe>\n<\/div><\/figure>\n\n\n\n<p class=\"wp-block-paragraph\"><strong>12\u00aa etapa \u2013 Yanbu \u2013 Jed\u00e1<br>Trecho de especial:<\/strong> 200 km<br><strong>Deslocamentos:<\/strong> 247 km<br><strong>Trecho total:<\/strong> 447 km<\/p>\n\n\n\n<p class=\"wp-block-paragraph\">A edi\u00e7\u00e3o 2021 do Dakar terminou na manh\u00e3 desta sexta-feira (15), em Jed\u00e1, com a 12\u00aa especial nos desertos da Ar\u00e1bia Saudita. Ap\u00f3s 200 km de est\u00e1gio cronometrado, Martin Macik, da Tch\u00e9quia, cruzou a linha de chegada proverbial com 2h32min27. Mas a vit\u00f3ria geral nos caminh\u00f5es foi, por mais uma vez, da Kamaz: Dmitry Sotnikov \u00e9 o dono da gl\u00f3ria.<\/p>\n\n\n\n<p class=\"wp-block-paragraph\"><strong>Conhe\u00e7a o canal do Grande Pr\u00eamio no YouTube! Clique\u00a0<a rel=\"noreferrer noopener\" href=\"https:\/\/youtube.com\/GrandePremioTV\" target=\"_blank\">aqui<\/a>.<br>Siga o Grande Pr\u00eamio no\u00a0<a rel=\"noreferrer noopener\" href=\"https:\/\/twitter.com\/grandepremio\" target=\"_blank\">Twitter\u00a0<\/a>e no\u00a0<a rel=\"noreferrer noopener\" href=\"https:\/\/instagram.com\/grandepremio\" target=\"_blank\">Instagram<\/a>!<br>Confira todas as informa\u00e7\u00f5es do Dakar 2021. \u00c9\u00a0<a href=\"https:\/\/www.grandepremio.com\/br\/rali\/ultimas-noticias\/\">aqui<\/a>.<\/strong><\/p>\n\n\n\n<p class=\"wp-block-paragraph\">Sotnikov conta com os tamb\u00e9m russos Ruslan Akhmadeev e Ilgiz Akhmetzianov ao lado e venceu o Dakar pela primeira vez. Foi, contudo, a a quinta vit\u00f3ria consecutiva da Kamaz. Mais que isso: \u00e9 a oitava vit\u00f3ria nos \u00faltimos dez anos e a 16\u00aa desde a virada do s\u00e9culo. Dom\u00ednio completo.<\/p>\n\n\n\n<p class=\"wp-block-paragraph\">N\u00e3o custa lembrar, entretanto, que a Iveco, \u00fanica f\u00e1brica capaz de superar a Kamaz desde 2007, abdicou de disputar o Dakar 2021. A justificativa foi a pandemia do novo coronav\u00edrus.<\/p>\n\n\n\n<figure class=\"wp-block-image size-large\"><img decoding=\"async\" src=\"https:\/\/www.grandepremio.com\/br\/wp-content\/uploads\/2021\/01\/20210102DAK0117-A.S.O._F.Gooden_DPPI-1024x683.jpg\" alt=\"\" class=\"wp-image-446201\"\/><figcaption>\u00c9 a primeira vit\u00f3ria do russo no Dakar (Foto: Florent Gooden\/Dakar)<\/figcaption><\/figure>\n\n\n\n<p class=\"wp-block-paragraph\">E foi de maneira retumbante: Sotnikov completou todo o Dakar em 48h23min21s e colocou 39min38s de vantagem para o segundo colocado, Anton Shibalov. Airat Mardeev foi o terceiro, fechando uma tripleta da Kamaz.<\/p>\n\n\n\n<p class=\"wp-block-paragraph\">J\u00e1 Macik venceu o \u00faltimo est\u00e1gio e ficou na quarta coloca\u00e7\u00e3o geral. O triunfo derradeiro foi apertado, com somente 1min de frente para Shibalov e 2min04s para Sotnikov.<\/p>\n\n\n\n<p class=\"wp-block-paragraph\"><strong>Dakar 2021, Caminh\u00f5es, Classifica\u00e7\u00e3o Final:<\/strong><\/p>\n\n\n\n<figure class=\"wp-block-table\"><table><tbody><tr><td>1<\/td><td>D SOTNIKOV<br>R AKHMADEEV\u00a0\u00a0\u00a0\u00a0\u00a0\u00a0\u00a0\u00a0\u00a0\u00a0\u00a0\u00a0\u00a0\u00a0\u00a0\u00a0\u00a0\u00a0\u00a0<br> I AKHMETZIANOV<\/td><td>KAMAZ<\/td><td>&nbsp;<\/td><td>48:23:21<\/td><td>&nbsp;<\/td><\/tr><tr><\/tr><tr><td>2<\/td><td>A SHIBALOV<br>D NIKITIN\u00a0\u00a0\u00a0\u00a0\u00a0\u00a0\u00a0\u00a0\u00a0\u00a0\u00a0\u00a0\u00a0\u00a0\u00a0\u00a0\u00a0\u00a0\u00a0 <br>I TATARINOV<\/td><td>KAMAZ<\/td><td>&nbsp;<\/td><td>49:02:59<\/td><td>0:39:38<\/td><\/tr><tr><\/tr><tr><td>3<\/td><td>A MARDEEV<br>D SVISTUNOV\u00a0\u00a0\u00a0\u00a0\u00a0\u00a0\u00a0\u00a0\u00a0\u00a0\u00a0\u00a0\u00a0\u00a0\u00a0\u00a0\u00a0\u00a0\u00a0<br>A GALIAUTDINOV<\/td><td>KAMAZ<\/td><td>&nbsp;<\/td><td>49:37:56<\/td><td>1:14:35<\/td><\/tr><tr><\/tr><tr><td>4<\/td><td>M MACIK<br>F TOMASEK\u00a0\u00a0\u00a0\u00a0\u00a0\u00a0\u00a0\u00a0\u00a0\u00a0\u00a0\u00a0\u00a0\u00a0\u00a0\u00a0\u00a0\u00a0\u00a0 <br>D SVANDA<\/td><td>BIG SHOCK<\/td><td>&nbsp;<\/td><td>50:09:12<\/td><td>1:45:51<\/td><\/tr><tr><\/tr><tr><td>5<\/td><td>A LOPRAIS<br>P POKORA\u00a0\u00a0\u00a0\u00a0\u00a0\u00a0\u00a0\u00a0\u00a0\u00a0\u00a0\u00a0\u00a0\u00a0\u00a0\u00a0\u00a0\u00a0\u00a0 <br>K ALKENDI<\/td><td>INSTAFOREX LOPRAIS<\/td><td>&nbsp;<\/td><td>50:23:52<\/td><td>2:00:31<\/td><\/tr><tr><\/tr><tr><td>6<\/td><td>A VISHNEUSKI<br>M NOVIKAU\u00a0\u00a0\u00a0\u00a0\u00a0\u00a0\u00a0\u00a0\u00a0\u00a0\u00a0\u00a0\u00a0\u00a0\u00a0\u00a0\u00a0\u00a0 <br>S SACHUK<\/td><td>MAS-SPORTAUTO<\/td><td>&nbsp;<\/td><td>50:39:53<\/td><td>2:16:32<\/td><\/tr><tr><\/tr><tr><td>7<\/td><td>A KARGINOV<br>A MOKEEV\u00a0\u00a0\u00a0\u00a0\u00a0\u00a0\u00a0\u00a0\u00a0\u00a0\u00a0\u00a0\u00a0\u00a0\u00a0\u00a0\u00a0 <br>I LEONOV<\/td><td>KAMAZ<\/td><td>&nbsp;<\/td><td>51:12:22<\/td><td>2:49:01<\/td><\/tr><tr><\/tr><tr><td>8<\/td><td>M VAN DEN BRINK<br>W DE GRAAF\u00a0\u00a0\u00a0\u00a0\u00a0\u00a0\u00a0\u00a0\u00a0\u00a0\u00a0\u00a0\u00a0\u00a0\u00a0\u00a0\u00a0\u00a0 <br>D KOZLOVSKY<\/td><td>MAMMOET<\/td><td>&nbsp;<\/td><td>52:46:42<\/td><td>4:23:21<\/td><\/tr><tr><\/tr><tr><td>9<\/td><td>I CASALE<br>A LEON\u00a0\u00a0\u00a0\u00a0\u00a0\u00a0\u00a0\u00a0\u00a0\u00a0\u00a0\u00a0\u00a0\u00a0\u00a0\u00a0\u00a0\u00a0\u00a0 <br>D HOFFMANN<\/td><td>TATRA BUGGYRA<\/td><td>&nbsp;<\/td><td>53:51:11<\/td><td>5:27:50<\/td><\/tr><tr><\/tr><tr><td>10<\/td><td>M SOLTYS<br>D SCHOVANEK\u00a0\u00a0\u00a0\u00a0\u00a0\u00a0\u00a0\u00a0\u00a0\u00a0\u00a0\u00a0\u00a0\u00a0\u00a0\u00a0\u00a0\u00a0\u00a0 <br>T IKOLA<\/td><td>TATRA BUGGYRA<\/td><td>&nbsp;<\/td><td>53:56:53<\/td><td>5:33:32<\/td><\/tr><tr><\/tr><\/tbody><\/table><\/figure>\n\n\n\n<figure class=\"wp-block-embed is-type-video is-provider-youtube wp-block-embed-youtube wp-embed-aspect-16-9 wp-has-aspect-ratio\"><div class=\"wp-block-embed__wrapper\">\n<iframe loading=\"lazy\" title=\"RENAULT\/ALPINE tira Abiteboul da F1 e pega chefe da Suzuki: bom para ALONSO? | GP \u00e0s 10\" width=\"500\" height=\"281\" src=\"https:\/\/www.youtube.com\/embed\/sAPOzb7R0ds?feature=oembed\" frameborder=\"0\" allow=\"accelerometer; autoplay; clipboard-write; encrypted-media; gyroscope; picture-in-picture; web-share\" referrerpolicy=\"strict-origin-when-cross-origin\" allowfullscreen><\/iframe>\n<\/div><\/figure>\n","protected":false},"excerpt":{"rendered":"<p>Dmitry Sotnikov colocou quase 40 minutos de dianteira para o segundo colocado. \u00c9 a quinta vit\u00f3ria seguida da Kamaz nos caminh\u00f5es<\/p>\n","protected":false},"author":0,"featured_media":1000446202,"comment_status":"closed","ping_status":"closed","sticky":false,"template":"","format":"standard","meta":{"42wp_featured_image_caption":"","42wp_featured_image_credits":"","42wp_featured_video":"","42wp_featured_image_hidden":false,"42wp_authors_list":[],"footnotes":""},"categories":[5],"tags":[25074,27007,26746,16527,26627,26987],"42wp_author":[47120],"class_list":["post-123923","post","type-post","status-publish","format-standard","has-post-thumbnail","hentry","category-rally","tag-arabia-saudita-2","tag-caminhoes-2","tag-dakar-2021","tag-dmitry-sotnikov","tag-jeda","tag-rali-dakar-2021","42wp_author-pedro-henrique-marum"],"_links":{"self":[{"href":"https:\/\/grandepremio.com\/br\/wp-json\/wp\/v2\/posts\/123923","targetHints":{"allow":["GET"]}}],"collection":[{"href":"https:\/\/grandepremio.com\/br\/wp-json\/wp\/v2\/posts"}],"about":[{"href":"https:\/\/grandepremio.com\/br\/wp-json\/wp\/v2\/types\/post"}],"replies":[{"embeddable":true,"href":"https:\/\/grandepremio.com\/br\/wp-json\/wp\/v2\/comments?post=123923"}],"version-history":[{"count":0,"href":"https:\/\/grandepremio.com\/br\/wp-json\/wp\/v2\/posts\/123923\/revisions"}],"wp:featuredmedia":[{"embeddable":true,"href":"https:\/\/grandepremio.com\/br\/wp-json\/wp\/v2\/media\/1000446202"}],"wp:attachment":[{"href":"https:\/\/grandepremio.com\/br\/wp-json\/wp\/v2\/media?parent=123923"}],"wp:term":[{"taxonomy":"category","embeddable":true,"href":"https:\/\/grandepremio.com\/br\/wp-json\/wp\/v2\/categories?post=123923"},{"taxonomy":"post_tag","embeddable":true,"href":"https:\/\/grandepremio.com\/br\/wp-json\/wp\/v2\/tags?post=123923"},{"taxonomy":"42wp_author","embeddable":true,"href":"https:\/\/grandepremio.com\/br\/wp-json\/wp\/v2\/42wp_author?post=123923"}],"curies":[{"name":"wp","href":"https:\/\/api.w.org\/{rel}","templated":true}]}}