{"id":123927,"date":"2021-01-15T11:46:44","date_gmt":"2021-01-15T14:46:44","guid":{"rendered":"https:\/\/grandepremio.com\/br\/noticias\/reinaldo-varela-maykel-justo-ultima-especial-francisco-lopez-contardo-vence-utvs\/"},"modified":"2021-01-15T15:09:56","modified_gmt":"2021-01-15T18:09:56","slug":"reinaldo-varela-maykel-justo-ultima-especial-francisco-lopez-contardo-vence-utvs","status":"publish","type":"post","link":"https:\/\/grandepremio.com\/br\/rally\/reinaldo-varela-maykel-justo-ultima-especial-francisco-lopez-contardo-vence-utvs\/","title":{"rendered":"Varela\/Justo leva \u00faltima especial nos UTVs, mas L\u00f3pez Contardo vence Dakar 2021"},"content":{"rendered":"\n<figure class=\"wp-block-embed is-type-video is-provider-youtube wp-block-embed-youtube wp-embed-aspect-16-9 wp-has-aspect-ratio\"><div class=\"wp-block-embed__wrapper\">\n<iframe loading=\"lazy\" title=\"Retorno de ALONSO \u00e9 &amp;apos;ALL IN&amp;apos; em situa\u00e7\u00e3o nova na CARREIRA | GP \u00e0s 10\" width=\"500\" height=\"281\" src=\"https:\/\/www.youtube.com\/embed\/HyjvFsR_CVI?feature=oembed\" frameborder=\"0\" allow=\"accelerometer; autoplay; clipboard-write; encrypted-media; gyroscope; picture-in-picture; web-share\" referrerpolicy=\"strict-origin-when-cross-origin\" allowfullscreen><\/iframe>\n<\/div><\/figure>\n\n\n\n<p class=\"wp-block-paragraph\"><strong>12\u00aa etapa \u2013 Yanbu \u2013 Jed\u00e1<\/strong><br><strong>Trecho de especial:<\/strong> 200 km<br><strong>Deslocamentos:<\/strong> 247 km<br><strong>Trecho total:<\/strong> 447 km<\/p>\n\n\n\n<p class=\"wp-block-paragraph\">O Dakar 2021 chegou ao fim na manh\u00e3 desta sexta-feira (15) com a 12\u00aa e \u00faltima especial, viagem entre Yanbu e Jed\u00e1. Francisco L\u00f3pez Contardo entrou no est\u00e1gio com vantagem de 18min24s para Austin Jones e administrou ao longo dos 200 km. Nem sequer ficou no top-10 da etapa, mas venceu confortavelmente.<\/p>\n\n\n\n<p class=\"wp-block-paragraph\"><strong>Conhe\u00e7a o canal do Grande Pr\u00eamio no YouTube! Clique&nbsp;<a rel=\"noreferrer noopener\" href=\"https:\/\/youtube.com\/GrandePremioTV\" target=\"_blank\">aqui<\/a>.<br>Siga o Grande Pr\u00eamio no&nbsp;<a rel=\"noreferrer noopener\" href=\"https:\/\/twitter.com\/grandepremio\" target=\"_blank\">Twitter&nbsp;<\/a>e no&nbsp;<a rel=\"noreferrer noopener\" href=\"https:\/\/instagram.com\/grandepremio\" target=\"_blank\">Instagram<\/a>!<br>Confira todas as informa\u00e7\u00f5es do Dakar 2021. \u00c9&nbsp;<a href=\"https:\/\/www.grandepremio.com\/br\/rali\/ultimas-noticias\/\">aqui<\/a>.<\/strong><\/p>\n\n\n\n<p class=\"wp-block-paragraph\">Quem controlou o est\u00e1gio final mais curto foi Kris Meeke. Estreante no Dakar, o ingl\u00eas \u00e9 veterano do WRC, onde j\u00e1 defendeu a Citro\u00ebn. Na frente nos dois \u00fanicos pontos de checagem do dia, completou o percurso em 2h41min11s.<\/p>\n\n\n\n<p class=\"wp-block-paragraph\">J\u00e1 a segunda coloca\u00e7\u00e3o foi da dupla Reinaldo Varela e Maykel Justo, somente 3min15s. Michal Goczal foi o terceiro. Como Meeke est\u00e1 num dos ve\u00edculos leves T3, Varela e Justo comemoram, assim, a vit\u00f3ria da \u00faltima especial.<\/p>\n\n\n\n<figure class=\"wp-block-image size-large\"><img decoding=\"async\" src=\"https:\/\/www.grandepremio.com\/br\/wp-content\/uploads\/2021\/01\/20210111DAK0142-A.S.O._F.Gooden_DPPI-1024x683.jpg\" alt=\"\" class=\"wp-image-446178\"\/><figcaption>\u00c9 a segunda conquista do chileno no maior off-road do mundo (Foto: Florent Gooden\/Dakar)<\/figcaption><\/figure>\n\n\n\n<p class=\"wp-block-paragraph\">O grande rival de &#8216;Chaleco&#8217; L\u00f3pez na batalha pela vit\u00f3ria, Austin Jones &#8211; que conta com o navegador brasileiro Gustavo Gugelmin &#8211; fechou somente na nona coloca\u00e7\u00e3o do est\u00e1gio ap\u00f3s 2h51min18s.<\/p>\n\n\n\n<p class=\"wp-block-paragraph\">O desempenho permitiu que &#8216;Chaleco&#8217; pudesse tocar o caminho rumo a vit\u00f3ria sem sobressaltos. Ap\u00f3s passar na sexta coloca\u00e7\u00e3o no \u00faltimo ponto de checagem, caiu para 11\u00ba. Como fechou em 2h53min41s, ficou com apenas 12min30s de defasagem para os l\u00edderes. O que quer dizer que, mesmo que fosse Jones o ponteiro, seria campe\u00e3o confortavelmente. \u00c9 a segunda vit\u00f3ria do chileno nos UTVs do Rali Dakar, seguindo 2019.<\/p>\n\n\n\n<p class=\"wp-block-paragraph\">Com a vit\u00f3ria na \u00faltima etapa, Varela e Justo terminaram o off-road em 55h08min07s e a quinta posi\u00e7\u00e3o geral. J\u00e1 o vencedor levados em considera\u00e7\u00e3o somente os participantes de ve\u00edculos T3, a vit\u00f3ria ficou com o checo Josef Machacek, que finalizou o Dakar em 59h39min01s.<\/p>\n\n\n\n<p class=\"wp-block-paragraph\"><strong>Dakar 2021, Ve\u00edculos leves, Classifica\u00e7\u00e3o Final:<\/strong><\/p>\n\n\n\n<figure class=\"wp-block-table\"><table><tbody><tr><td>1<\/td><td>F L\u00d3PEZ CONTARDO<br>J.P LATRACH VINAGRE<\/td><td>SOUTH RACING<\/td><td>&nbsp;<\/td><td>53:41:02<\/td><td>&nbsp;<\/td><\/tr><tr><\/tr><tr><td>2<\/td><td>A JONES<br>G GUGELMIN<\/td><td>CAN-AM<\/td><td>&nbsp;<\/td><td>53:58:25<\/td><td>0:17:23<\/td><\/tr><tr><\/tr><tr><td>3<\/td><td>A DOMZALA<br>M MARTON<\/td><td>CAN-AM<\/td><td>&nbsp;<\/td><td>54:32:55<\/td><td>0:51:53<\/td><\/tr><tr><\/tr><tr><td>4<\/td><td>M GOCZAL<br>S GOSPODARCZYK<\/td><td>ENERGYLANDIA<\/td><td>&nbsp;<\/td><td>54:55:00<\/td><td>1:13:58<\/td><\/tr><tr><\/tr><tr><td>5<\/td><td>R VARELA<br>M JUSTO<\/td><td>CAN-AM<\/td><td>&nbsp;<\/td><td>55:08:07<\/td><td>1:27:05<\/td><\/tr><tr><\/tr><tr><td>6<\/td><td>K KOOLEN<br>J VAN DER GOORBERGH<\/td><td>SOUTH RACING<\/td><td>&nbsp;<\/td><td>57:31:49<\/td><td>3:50:47<\/td><\/tr><tr><\/tr><tr><td>7<\/td><td>J.A HINOJO L\u00d3PEZ<br>D ORTEGA GIL<\/td><td>HIBOR PAID<\/td><td>&nbsp;<\/td><td>57:39:26<\/td><td>3:58:24<\/td><\/tr><tr><\/tr><tr><td>8<\/td><td>M GOCZAL<br>R MARTON<\/td><td>ENERGYLANDIA<\/td><td>&nbsp;<\/td><td>58:22:11<\/td><td>4:41:09<\/td><\/tr><tr><\/tr><tr><td>9<\/td><td>K AL ATTIYAH<br>P CECI<\/td><td>SOUTH RACING<\/td><td>&nbsp;<\/td><td>58:23:20<\/td><td>4:42:18<\/td><\/tr><tr><\/tr><tr><td>10<\/td><td>E ABEL<br>C MANEZ<\/td><td>BBR\/MERCIER<\/td><td>&nbsp;<\/td><td>59:24:57<\/td><td>5:43:55<\/td><\/tr><tr><\/tr><\/tbody><\/table><\/figure>\n\n\n\n<figure class=\"wp-block-embed is-type-video is-provider-youtube wp-block-embed-youtube wp-embed-aspect-16-9 wp-has-aspect-ratio\"><div class=\"wp-block-embed__wrapper\">\n<iframe loading=\"lazy\" title=\"RENAULT\/ALPINE tira Abiteboul da F1 e pega chefe da Suzuki: bom para ALONSO? | GP \u00e0s 10\" width=\"500\" height=\"281\" src=\"https:\/\/www.youtube.com\/embed\/sAPOzb7R0ds?feature=oembed\" frameborder=\"0\" allow=\"accelerometer; autoplay; clipboard-write; encrypted-media; gyroscope; picture-in-picture; web-share\" referrerpolicy=\"strict-origin-when-cross-origin\" allowfullscreen><\/iframe>\n<\/div><\/figure>\n","protected":false},"excerpt":{"rendered":"<p>A \u00faltima especial levou os competidores a Jed\u00e1 e terminou com Meeke vencendo entre os ve\u00edculos leves, Varela e Justo levando nos UTVs e Contardo campe\u00e3o<\/p>\n","protected":false},"author":0,"featured_media":1000446179,"comment_status":"closed","ping_status":"closed","sticky":false,"template":"","format":"standard","meta":{"42wp_featured_image_caption":"","42wp_featured_image_credits":"","42wp_featured_video":"","42wp_featured_image_hidden":false,"42wp_authors_list":[],"footnotes":""},"categories":[5],"tags":[25074,6938,26987,1062],"42wp_author":[47120],"class_list":["post-123927","post","type-post","status-publish","format-standard","has-post-thumbnail","hentry","category-rally","tag-arabia-saudita-2","tag-maykel-justo","tag-rali-dakar-2021","tag-utvs","42wp_author-pedro-henrique-marum"],"_links":{"self":[{"href":"https:\/\/grandepremio.com\/br\/wp-json\/wp\/v2\/posts\/123927","targetHints":{"allow":["GET"]}}],"collection":[{"href":"https:\/\/grandepremio.com\/br\/wp-json\/wp\/v2\/posts"}],"about":[{"href":"https:\/\/grandepremio.com\/br\/wp-json\/wp\/v2\/types\/post"}],"replies":[{"embeddable":true,"href":"https:\/\/grandepremio.com\/br\/wp-json\/wp\/v2\/comments?post=123927"}],"version-history":[{"count":0,"href":"https:\/\/grandepremio.com\/br\/wp-json\/wp\/v2\/posts\/123927\/revisions"}],"wp:featuredmedia":[{"embeddable":true,"href":"https:\/\/grandepremio.com\/br\/wp-json\/wp\/v2\/media\/1000446179"}],"wp:attachment":[{"href":"https:\/\/grandepremio.com\/br\/wp-json\/wp\/v2\/media?parent=123927"}],"wp:term":[{"taxonomy":"category","embeddable":true,"href":"https:\/\/grandepremio.com\/br\/wp-json\/wp\/v2\/categories?post=123927"},{"taxonomy":"post_tag","embeddable":true,"href":"https:\/\/grandepremio.com\/br\/wp-json\/wp\/v2\/tags?post=123927"},{"taxonomy":"42wp_author","embeddable":true,"href":"https:\/\/grandepremio.com\/br\/wp-json\/wp\/v2\/42wp_author?post=123927"}],"curies":[{"name":"wp","href":"https:\/\/api.w.org\/{rel}","templated":true}]}}