{"id":123944,"date":"2021-01-14T11:49:34","date_gmt":"2021-01-14T14:49:34","guid":{"rendered":"https:\/\/grandepremio.com\/br\/noticias\/joan-barreda-relaciona-erro-abandono-queda-terca-feira-cobrou-preco-hoje\/"},"modified":"2021-01-14T11:49:38","modified_gmt":"2021-01-14T14:49:38","slug":"joan-barreda-relaciona-erro-abandono-queda-terca-feira-cobrou-preco-hoje","status":"publish","type":"post","link":"https:\/\/grandepremio.com\/br\/rally\/joan-barreda-relaciona-erro-abandono-queda-terca-feira-cobrou-preco-hoje\/","title":{"rendered":"Barreda relaciona erro e abandono com queda de ter\u00e7a-feira: \u201cCobrou um pre\u00e7o hoje\u201d"},"content":{"rendered":"\n<p class=\"wp-block-paragraph\">Joan Barreda foi levado ao hospital nesta quinta-feira (14) ap\u00f3s sentir os efeitos de um acidente que sofreu ainda na ter\u00e7a-feira. O piloto da Honda contou que perdeu a consci\u00eancia por alguns minutos em uma queda na etapa disputada em Neom.<\/p>\n\n\n\n<p class=\"wp-block-paragraph\">Nesta pen\u00faltima etapa, <a href=\"https:\/\/www.grandepremio.com\/br\/rali\/noticias\/sam-sunderland-vence-11-especial-dakar-kevin-benavides-sustenta-lideranca-motos\/\" target=\"_blank\" rel=\"noreferrer noopener\">Barreda n\u00e3o parou para reabastecer, acabou sem combust\u00edvel e pediu socorro m\u00e9dico \u00e0 organiza\u00e7\u00e3o<\/a>, que o levou de helic\u00f3ptero de volta ao acampamento. Joan, ent\u00e3o, foi encaminhado ao Hospital Geral de Yanbu para passar por exames.<\/p>\n\n\n\n<figure class=\"wp-block-embed is-type-rich is-provider-instagram wp-block-embed-instagram\"><div class=\"wp-block-embed__wrapper\">\nhttps:\/\/www.instagram.com\/p\/CKBttEUnrlo\/\n<\/div><\/figure>\n\n\n\n<p class=\"wp-block-paragraph\"><strong>Conhe\u00e7a o canal do Grande Pr\u00eamio no YouTube! Clique\u00a0<a rel=\"noreferrer noopener\" href=\"https:\/\/youtube.com\/GrandePremioTV\" target=\"_blank\">aqui<\/a>.<br>Siga o Grande Pr\u00eamio no\u00a0<a rel=\"noreferrer noopener\" href=\"https:\/\/twitter.com\/grandepremio\" target=\"_blank\">Twitter\u00a0<\/a>e no\u00a0<a rel=\"noreferrer noopener\" href=\"https:\/\/instagram.com\/grandepremio\" target=\"_blank\">Instagram<\/a>!<\/strong><\/p>\n\n\n\n<p class=\"wp-block-paragraph\">Pelas redes sociais, Barreda contou que perdeu a consci\u00eancia no acidente que sofreu em Neom e disse ter sentido os efeitos desta queda na etapa de hoje.<\/p>\n\n\n\n<p class=\"wp-block-paragraph\">\u201cSinto muito, amigos\u201d, escreveu Barreda no Instagram. \u201cEstou no hospital para fazer um exame na cabe\u00e7a. A queda que sofri h\u00e1 dois dias, na qual perdi a consci\u00eancia durante alguns minutos, me cobrou um pre\u00e7o hoje\u201d, relatou.<\/p>\n\n\n\n<p class=\"wp-block-paragraph\">\u201cTinha muita vontade de continuar na corrida e acabar o melhor poss\u00edvel, mas n\u00e3o deu para ser\u201d, declarou. \u201cQuero agradecer a minha equipe Honda e a todos voc\u00eas por estarem sempre aqui\u201d, completou.<\/p>\n\n\n\n<h3 class=\"wp-block-heading\"><strong>Em dia de abandono de Barreda, Sunderland vence e Kevin Benavides sustenta lideran\u00e7a<\/strong><\/h3>\n\n\n\n<p class=\"wp-block-paragraph\">Campe\u00e3o do Dakar 2017, Sam Sunderland venceu pela primeira vez neste ano ao completar a especial em Al-Ula e Yanbu com 2min40s de vantagem para Pablo Quintanilla.<\/p>\n\n\n\n<p class=\"wp-block-paragraph\">Na classifica\u00e7\u00e3o geral das motos, por\u00e9m, a vantagem \u00e9 de Kevin Benavides, que vai para o est\u00e1gio final da maior e mais dura prova off-road do planeta com 4min12s de vantagem para Sunderland. Ricky Brabec tem o terceiro posto, 7min13s atr\u00e1s do companheiro de Honda.<\/p>\n\n\n\n<figure class=\"wp-block-embed is-type-video is-provider-youtube wp-block-embed-youtube wp-embed-aspect-16-9 wp-has-aspect-ratio\"><div class=\"wp-block-embed__wrapper\">\n<iframe loading=\"lazy\" title=\"Marc M\u00c1RQUEZ vive dilema com bra\u00e7o: a carreira na MotoGP acabou? | GP \u00e0s 10\" width=\"500\" height=\"281\" src=\"https:\/\/www.youtube.com\/embed\/JCBBJkuYv28?feature=oembed\" frameborder=\"0\" allow=\"accelerometer; autoplay; clipboard-write; encrypted-media; gyroscope; picture-in-picture; web-share\" referrerpolicy=\"strict-origin-when-cross-origin\" allowfullscreen><\/iframe>\n<\/div><\/figure>\n\n\n","protected":false},"excerpt":{"rendered":"<p>O piloto da Honda explicou que perdeu a consci\u00eancia no acidente sofrido na etapa de Neom. Espanhol foi levado ao hospital para exames<\/p>\n","protected":false},"author":0,"featured_media":1000446089,"comment_status":"closed","ping_status":"closed","sticky":false,"template":"","format":"standard","meta":{"42wp_featured_image_caption":"","42wp_featured_image_credits":"","42wp_featured_video":"","42wp_featured_image_hidden":false,"42wp_authors_list":[],"footnotes":""},"categories":[5],"tags":[25074,853,130,618,26987],"42wp_author":[47113],"class_list":["post-123944","post","type-post","status-publish","format-standard","has-post-thumbnail","hentry","category-rally","tag-arabia-saudita-2","tag-dakar","tag-honda","tag-rali-dakar","tag-rali-dakar-2021","42wp_author-juliana-tesser"],"_links":{"self":[{"href":"https:\/\/grandepremio.com\/br\/wp-json\/wp\/v2\/posts\/123944","targetHints":{"allow":["GET"]}}],"collection":[{"href":"https:\/\/grandepremio.com\/br\/wp-json\/wp\/v2\/posts"}],"about":[{"href":"https:\/\/grandepremio.com\/br\/wp-json\/wp\/v2\/types\/post"}],"replies":[{"embeddable":true,"href":"https:\/\/grandepremio.com\/br\/wp-json\/wp\/v2\/comments?post=123944"}],"version-history":[{"count":0,"href":"https:\/\/grandepremio.com\/br\/wp-json\/wp\/v2\/posts\/123944\/revisions"}],"wp:featuredmedia":[{"embeddable":true,"href":"https:\/\/grandepremio.com\/br\/wp-json\/wp\/v2\/media\/1000446089"}],"wp:attachment":[{"href":"https:\/\/grandepremio.com\/br\/wp-json\/wp\/v2\/media?parent=123944"}],"wp:term":[{"taxonomy":"category","embeddable":true,"href":"https:\/\/grandepremio.com\/br\/wp-json\/wp\/v2\/categories?post=123944"},{"taxonomy":"post_tag","embeddable":true,"href":"https:\/\/grandepremio.com\/br\/wp-json\/wp\/v2\/tags?post=123944"},{"taxonomy":"42wp_author","embeddable":true,"href":"https:\/\/grandepremio.com\/br\/wp-json\/wp\/v2\/42wp_author?post=123944"}],"curies":[{"name":"wp","href":"https:\/\/api.w.org\/{rel}","templated":true}]}}