{"id":123950,"date":"2021-01-14T08:07:56","date_gmt":"2021-01-14T11:07:56","guid":{"rendered":"https:\/\/grandepremio.com\/br\/noticias\/sebastian-vettel-minimiza-ter-so-um-dia-e-meio-de-teste-pela-aston-martin\/"},"modified":"2021-01-14T08:08:00","modified_gmt":"2021-01-14T11:08:00","slug":"sebastian-vettel-minimiza-ter-so-um-dia-e-meio-de-teste-pela-aston-martin","status":"publish","type":"post","link":"https:\/\/grandepremio.com\/br\/f1\/sebastian-vettel-minimiza-ter-so-um-dia-e-meio-de-teste-pela-aston-martin\/","title":{"rendered":"Vettel minimiza ter s\u00f3 um dia e meio de teste pela Aston Martin: \u201cN\u00e3o estou preocupado\u201d"},"content":{"rendered":"\n<figure class=\"wp-block-embed is-type-video is-provider-youtube wp-block-embed-youtube wp-embed-aspect-16-9 wp-has-aspect-ratio\"><div class=\"wp-block-embed__wrapper\">\n<iframe loading=\"lazy\" title=\"Com ASTON MARTIN, VETTEL tem chance de RENASCER na F1 em 2021 | GP \u00e0s 10\" width=\"500\" height=\"281\" src=\"https:\/\/www.youtube.com\/embed\/66njl6Sm20w?feature=oembed\" frameborder=\"0\" allow=\"accelerometer; autoplay; clipboard-write; encrypted-media; gyroscope; picture-in-picture; web-share\" referrerpolicy=\"strict-origin-when-cross-origin\" allowfullscreen><\/iframe>\n<\/div><\/figure>\n\n\n\n<p class=\"wp-block-paragraph\">Diante de uma F\u00f3rmula 1 com poucas mudan\u00e7as \u2014 principalmente no assoalho e na constru\u00e7\u00e3o dos pneus \u2014 para 2021, os carros como um todo v\u00e3o sofrer poucas mudan\u00e7as, o que motivou a categoria a reduzir ainda mais a programa\u00e7\u00e3o de pr\u00e9-temporada. Neste ano, v\u00e3o ser apenas tr\u00eas dias, entre 12 e 14 de mar\u00e7o, em Sakhir, no Bahrein. As equipes tendem a dividir o curto tempo em apenas um dia e meio para cada piloto, como vai ser o caso da Aston Martin. Mas Sebastian Vettel, novo nome da equipe de Silverstone, garante estar tranquilo com a situa\u00e7\u00e3o.<\/p>\n\n\n\n<p class=\"wp-block-paragraph\">Vettel e Daniel Ricciardo, na McLaren, v\u00e3o ter de lidar com o mesmo problema, j\u00e1 que a escuderia de Woking tamb\u00e9m n\u00e3o tem a previs\u00e3o de realizar uma sess\u00e3o privada com o australiano por n\u00e3o ter \u00e0 disposi\u00e7\u00e3o um carro tr\u00eas anos anteriores a 2020, como prev\u00ea o regulamento. <a href=\"https:\/\/www.grandepremio.com\/br\/f1\/noticias\/ferrari-preve-teste-com-carro-antigo-para-carlos-sainz-jr-agilizar-integracao-com-a-equipe\/\">J\u00e1 a Ferrari planeja colocar Carlos Sainz, nova contrata\u00e7\u00e3o da equipe de Maranello, na pista ainda em janeiro a bordo de um carro antigo para que o espanhol possa se adaptar de forma mais r\u00e1pida aos procedimentos do time<\/a>.<\/p>\n\n\n\n<figure class=\"wp-block-image size-large\"><img decoding=\"async\" src=\"https:\/\/www.grandepremio.com\/br\/wp-content\/uploads\/2020\/09\/389a2764-9765-4d13-9d51-a21719136aad-1024x725.jpg\" alt=\"Sebastian Vettel Racing Point\" class=\"wp-image-416315\"\/><figcaption>Sebastian Vettel minimizou o pouco tempo de pr\u00e9-temporada com a nova equipe (Foto: Racing Point)<\/figcaption><\/figure>\n\n\n\n<p class=\"wp-block-paragraph\"><strong>Conhe\u00e7a o canal do Grande Pr\u00eamio no YouTube! Clique\u00a0<a rel=\"noreferrer noopener\" href=\"https:\/\/youtube.com\/GrandePremioTV\" target=\"_blank\">aqui<\/a>.<br>Siga o Grande Pr\u00eamio no\u00a0<a rel=\"noreferrer noopener\" href=\"https:\/\/twitter.com\/grandepremio\" target=\"_blank\">Twitter\u00a0<\/a>e no\u00a0<a rel=\"noreferrer noopener\" href=\"https:\/\/instagram.com\/grandepremio\" target=\"_blank\">Instagram<\/a>!<\/strong><\/p>\n\n\n\n<p class=\"wp-block-paragraph\">Enquanto aguarda para acelerar o carro novo da Aston Martin, que tende a ser uma evolu\u00e7\u00e3o da chamada \u2018Mercedes rosa\u2019 que conquistou tr\u00eas p\u00f3dios em 2020 e uma vit\u00f3ria, com Sergio P\u00e9rez, Vettel acredita que n\u00e3o h\u00e1 muito a lamentar.<\/p>\n\n\n\n<p class=\"wp-block-paragraph\">\u201cPelo que ouvi, no momento vai haver um teste antes da temporada, e vai ser a primeira vez que estarei com o novo carro. Estou preocupado? N\u00e3o. Se acontecer de ser assim, \u00e9 isso. Ao longo dos anos, acho que voc\u00ea acaba se acostumando com muito pouco tempo de pista e assim voc\u00ea aproveita ao m\u00e1ximo\u201d, salientou o piloto em entrevista veiculada pelo site da F1.<\/p>\n\n\n\n<p class=\"wp-block-paragraph\">\u201cDe modo que mesmo que um dia e meio n\u00e3o pare\u00e7a muito, ainda assim voc\u00ea pode conseguir andar de forma decente. Acho que \u00e9 o mesmo para todos n\u00f3s, e voc\u00ea pode fazer muitas coisas com anteced\u00eancia hoje em dia. Acho que a chave vai ser a prepara\u00e7\u00e3o para o teste e, depois, para a primeira corrida\u201d, explicou o tetracampe\u00e3o.<\/p>\n\n\n\n<p class=\"wp-block-paragraph\">A mudan\u00e7a no cronograma da temporada, com a transfer\u00eancia do GP da Austr\u00e1lia de 21 de mar\u00e7o para 21 de novembro, vai fazer com que o campeonato comece no Bahrein entre 26 e 28 de mar\u00e7o. Somente no fim de semana de corrida \u00e9 que Vettel ter\u00e1 mais tempo para se ambientar ao novo carro.<\/p>\n\n\n\n<figure class=\"wp-block-embed is-type-video is-provider-youtube wp-block-embed-youtube wp-embed-aspect-16-9 wp-has-aspect-ratio\"><div class=\"wp-block-embed__wrapper\">\n<iframe loading=\"lazy\" title=\"F1: Por que MERCEDES n\u00e3o troca BOTTAS por RUSSELL j\u00e1 em 2021? | GP \u00e0s 10\" width=\"500\" height=\"281\" src=\"https:\/\/www.youtube.com\/embed\/Yoyh-Jf1d64?feature=oembed\" frameborder=\"0\" allow=\"accelerometer; autoplay; clipboard-write; encrypted-media; gyroscope; picture-in-picture; web-share\" referrerpolicy=\"strict-origin-when-cross-origin\" allowfullscreen><\/iframe>\n<\/div><\/figure>\n","protected":false},"excerpt":{"rendered":"<p>Com apenas tr\u00eas dias de pr\u00e9-temporada, entre 12 e 14 de mar\u00e7o no Bahrein, cada equipe tende a dividir o per\u00edodo de forma igual entre seus pilotos. Sebastian Vettel j\u00e1 sabe que ter\u00e1 somente um dia e meio para se acostumar com o carro da Aston Martin antes do come\u00e7o do campeonato, mas isso parece n\u00e3o ser um problema para o tetracampe\u00e3o<\/p>\n","protected":false},"author":0,"featured_media":1000416314,"comment_status":"closed","ping_status":"closed","sticky":false,"template":"","format":"standard","meta":{"42wp_featured_image_caption":"","42wp_featured_image_credits":"","42wp_featured_video":"","42wp_featured_image_hidden":false,"42wp_authors_list":[],"footnotes":""},"categories":[2],"tags":[309,147,156,24837,24836,485,25297,210,2588],"42wp_author":[47110],"class_list":["post-123950","post","type-post","status-publish","format-standard","has-post-thumbnail","hentry","category-f1","tag-aston-martin","tag-f1","tag-f1-2021","tag-formula-1-2","tag-grande-premio-2","tag-lance-stroll","tag-pre-temporada-2","tag-sebastian-vettel","tag-vettel","42wp_author-fernando-silva"],"_links":{"self":[{"href":"https:\/\/grandepremio.com\/br\/wp-json\/wp\/v2\/posts\/123950","targetHints":{"allow":["GET"]}}],"collection":[{"href":"https:\/\/grandepremio.com\/br\/wp-json\/wp\/v2\/posts"}],"about":[{"href":"https:\/\/grandepremio.com\/br\/wp-json\/wp\/v2\/types\/post"}],"replies":[{"embeddable":true,"href":"https:\/\/grandepremio.com\/br\/wp-json\/wp\/v2\/comments?post=123950"}],"version-history":[{"count":0,"href":"https:\/\/grandepremio.com\/br\/wp-json\/wp\/v2\/posts\/123950\/revisions"}],"wp:featuredmedia":[{"embeddable":true,"href":"https:\/\/grandepremio.com\/br\/wp-json\/wp\/v2\/media\/1000416314"}],"wp:attachment":[{"href":"https:\/\/grandepremio.com\/br\/wp-json\/wp\/v2\/media?parent=123950"}],"wp:term":[{"taxonomy":"category","embeddable":true,"href":"https:\/\/grandepremio.com\/br\/wp-json\/wp\/v2\/categories?post=123950"},{"taxonomy":"post_tag","embeddable":true,"href":"https:\/\/grandepremio.com\/br\/wp-json\/wp\/v2\/tags?post=123950"},{"taxonomy":"42wp_author","embeddable":true,"href":"https:\/\/grandepremio.com\/br\/wp-json\/wp\/v2\/42wp_author?post=123950"}],"curies":[{"name":"wp","href":"https:\/\/api.w.org\/{rel}","templated":true}]}}