{"id":123962,"date":"2021-01-13T11:29:23","date_gmt":"2021-01-13T14:29:23","guid":{"rendered":"https:\/\/grandepremio.com\/br\/noticias\/martin-macik-vence-decima-etapa-dos-caminhoes-no-dakar-dmitry-sotnikov-se-aproxima-do-titulo\/"},"modified":"2021-01-13T13:03:36","modified_gmt":"2021-01-13T16:03:36","slug":"martin-macik-vence-decima-etapa-dos-caminhoes-no-dakar-dmitry-sotnikov-se-aproxima-do-titulo","status":"publish","type":"post","link":"https:\/\/grandepremio.com\/br\/rally\/martin-macik-vence-decima-etapa-dos-caminhoes-no-dakar-dmitry-sotnikov-se-aproxima-do-titulo\/","title":{"rendered":"Mac\u00edk vence d\u00e9cima etapa dos caminh\u00f5es no Dakar 2021. Sotnikov se aproxima do t\u00edtulo"},"content":{"rendered":"\n<figure class=\"wp-block-embed is-type-video is-provider-youtube wp-block-embed-youtube wp-embed-aspect-16-9 wp-has-aspect-ratio\"><div class=\"wp-block-embed__wrapper\">\n<iframe loading=\"lazy\" title=\"Marc M\u00c1RQUEZ vive dilema com bra\u00e7o: a carreira na MotoGP acabou? | GP \u00e0s 10\" width=\"500\" height=\"281\" src=\"https:\/\/www.youtube.com\/embed\/JCBBJkuYv28?feature=oembed\" frameborder=\"0\" allow=\"accelerometer; autoplay; clipboard-write; encrypted-media; gyroscope; picture-in-picture; web-share\" referrerpolicy=\"strict-origin-when-cross-origin\" allowfullscreen><\/iframe>\n<\/div><\/figure>\n\n\n\n<p class=\"wp-block-paragraph\"><strong>10\u00aa etapa \u2013 Neom \u2013 Al-Ula<\/strong><br><strong>Trecho de especial:\u00a0<\/strong>342 km<br><strong>Deslocamentos:\u00a0<\/strong>241 km<br><strong>Trecho total:\u00a0<\/strong>583 km<\/p>\n\n\n\n<p class=\"wp-block-paragraph\">Depois de surpreender na nona etapa com uma vit\u00f3ria, Martin Mac\u00edk repetiu a boa forma e conquistou a segunda especial em sequ\u00eancia nos caminh\u00f5es neste Dakar 2021. O tcheco finalizou o trecho entre Neom e Al-Ula em 3h13min02s, mais de um minuto \u00e0 frente de Dmitry Sotnikov, l\u00edder na classifica\u00e7\u00e3o geral.<\/p>\n\n\n\n<p class=\"wp-block-paragraph\">Mac\u00edk largou em primeiro por ter vencido a prova de ontem. E logo passou a abrir vantagem para o trio da equipe Kamaz, passando na frente no primeiro ponto de aferi\u00e7\u00e3o de tempos.<\/p>\n\n\n\n<p class=\"wp-block-paragraph\">No meio da prova, por\u00e9m, foi a vez de Anton Shibalov assumir a lideran\u00e7a, apenas cinco segundos na frente de Mac\u00edk. O tcheco reagiu e voltou ao topo no quil\u00f4metro 200, j\u00e1 na reta final do evento.<\/p>\n\n\n\n<figure class=\"wp-block-image size-large\"><img decoding=\"async\" src=\"https:\/\/www.grandepremio.com\/br\/wp-content\/uploads\/2021\/01\/SI202101130065_hires_jpeg_24bit_rgb-1024x683.jpg\" alt=\"\" class=\"wp-image-445945\"\/><figcaption>Dmitry Sotnikov segue tranquilo para o t\u00edtulo do Dakar 2021 entre os caminh\u00f5es (Foto: Red Bull Content Pool)<\/figcaption><\/figure>\n\n\n\n<p class=\"wp-block-paragraph\"><strong>Conhe\u00e7a o canal do Grande Pr\u00eamio no YouTube! Clique&nbsp;<a rel=\"noreferrer noopener\" href=\"https:\/\/youtube.com\/GrandePremioTV\" target=\"_blank\">aqui<\/a>.<br>Siga o Grande Pr\u00eamio no&nbsp;<a rel=\"noreferrer noopener\" href=\"https:\/\/twitter.com\/grandepremio\" target=\"_blank\">Twitter&nbsp;<\/a>e no&nbsp;<a rel=\"noreferrer noopener\" href=\"https:\/\/instagram.com\/grandepremio\" target=\"_blank\">Instagram<\/a>!<br>Confira todas as informa\u00e7\u00f5es do Dakar 2021. \u00c9&nbsp;<a href=\"https:\/\/www.grandepremio.com\/br\/rali\/ultimas-noticias\/\">aqui<\/a>.<\/strong><\/p>\n\n\n\n<p class=\"wp-block-paragraph\">Depois de abrir vantagem para os concorrentes, Mac\u00edk foi o primeiro a recber a bandeira quadriculada em Al-Ula, com 3h13min02s. Dmitry Sotnikov foi o segundo, 01min40s atr\u00e1s do vencedor. Airat Mardeev foi o terceiro, seguido por Aliaksei Vishneuski, Andrey Karginov, Anton Shibalov, Ales Loprais, Ignacio Casale, Jaroslav Valtr e Pascal de Baar.<\/p>\n\n\n\n<p class=\"wp-block-paragraph\">Na classifica\u00e7\u00e3o geral, Sotnikov lidera com 47min22s de vantagem para Shibalov. Mardeev, Lopais e Mac\u00edk fecham o top-5 entre os caminh\u00f5es no Dakar 2021.<\/p>\n\n\n\n<p class=\"wp-block-paragraph\">A 11\u00aa e pen\u00faltima etapa do Dakar 2021 acontece nesta quinta-feira (14), entre Al-Ula e Yanbu. S\u00e3o 511 quil\u00f4metros de trecho cronometrado, o maior do rali, e 46 km de deslocamento, totalizando 557 km.<\/p>\n\n\n\n<p class=\"wp-block-paragraph\"><strong>Dakar 2021, Caminh\u00f5es, Classifica\u00e7\u00e3o geral ap\u00f3s 10\u00aa etapa:<\/strong><\/p>\n\n\n\n<figure class=\"wp-block-table is-style-stripes\"><table><tbody><tr><td>1<\/td><td>D SOTNIKOV<br>R AKHMADEEV&nbsp;&nbsp;&nbsp;&nbsp;&nbsp;&nbsp;&nbsp;&nbsp;&nbsp;&nbsp;&nbsp;&nbsp;&nbsp;&nbsp;&nbsp;&nbsp;&nbsp;&nbsp;&nbsp;<br>I AKHMETZIANOV<\/td><td>KAMAZ<\/td><td>&nbsp;<\/td><td>40:57:31<\/td><td>&nbsp;<\/td><\/tr><tr><\/tr><tr><td>2<\/td><td>A SHIBALOV<br>D NIKITIN&nbsp;&nbsp;&nbsp;&nbsp;&nbsp;&nbsp;&nbsp;&nbsp;&nbsp;&nbsp;&nbsp;&nbsp;&nbsp;&nbsp;&nbsp;&nbsp;&nbsp;&nbsp;&nbsp; <br>I TATARINOV<\/td><td>KAMAZ<\/td><td>&nbsp;<\/td><td>41:44:53<\/td><td>0:47:22<\/td><\/tr><tr><\/tr><tr><td>3<\/td><td>A MARDEEV<br>D SVISTUNOV&nbsp;&nbsp;&nbsp;&nbsp;&nbsp;&nbsp;&nbsp;&nbsp;&nbsp;&nbsp;&nbsp;&nbsp;&nbsp;&nbsp;&nbsp;&nbsp;&nbsp;&nbsp;&nbsp; <br>A GALIAUTDINOV<\/td><td>KAMAZ<\/td><td>&nbsp;<\/td><td>42:12:12<\/td><td>1:14:41<\/td><\/tr><tr><\/tr><tr><td>4<\/td><td>A LOPRAIS<br>P POKORA&nbsp;&nbsp;&nbsp;&nbsp;&nbsp;&nbsp;&nbsp;&nbsp;&nbsp;&nbsp;&nbsp;&nbsp;&nbsp;&nbsp;&nbsp;&nbsp;&nbsp;&nbsp;&nbsp; <br>K ALKENDI<\/td><td>INSTAFOREX LOPRAIS<\/td><td>&nbsp;<\/td><td>42:33:06<\/td><td>1:35:35<\/td><\/tr><tr><\/tr><tr><td>5<\/td><td>M MACIK<br>F TOMASEK&nbsp;&nbsp;&nbsp;&nbsp;&nbsp;&nbsp;&nbsp;&nbsp;&nbsp;&nbsp;&nbsp;&nbsp;&nbsp;&nbsp;&nbsp;&nbsp;&nbsp;&nbsp;&nbsp; <br>D SVANDA<\/td><td>BIG SHOCK<\/td><td>&nbsp;<\/td><td>42:45:00<\/td><td>1:47:29<\/td><\/tr><tr><\/tr><tr><td>6<\/td><td>A VISHNEUSKI<br>M NOVIKAU&nbsp;&nbsp;&nbsp;&nbsp;&nbsp;&nbsp;&nbsp;&nbsp;&nbsp;&nbsp;&nbsp;&nbsp;&nbsp;&nbsp;&nbsp;&nbsp;&nbsp;&nbsp; <br>S SACHUK<\/td><td>MAS-SPORTAUTO<\/td><td>&nbsp;<\/td><td>43:14:10<\/td><td>2:16:39<\/td><\/tr><tr><\/tr><tr><td>7<\/td><td>A KARGINOV<br>A MOKEEV&nbsp;&nbsp;&nbsp;&nbsp;&nbsp;&nbsp;&nbsp;&nbsp;&nbsp;&nbsp;&nbsp;&nbsp;&nbsp;&nbsp;&nbsp;&nbsp;&nbsp; <br>I LEONOV<\/td><td>KAMAZ<\/td><td>&nbsp;<\/td><td>43:38:59<\/td><td>2:41:28<\/td><\/tr><tr><\/tr><tr><td>8<\/td><td>M VAN DEN BRINK<br>W DE GRAAF&nbsp;&nbsp;&nbsp;&nbsp;&nbsp;&nbsp;&nbsp;&nbsp;&nbsp;&nbsp;&nbsp;&nbsp;&nbsp;&nbsp;&nbsp;&nbsp;&nbsp;&nbsp; <br>D KOZLOVSKY<\/td><td>MAMMOET<\/td><td>&nbsp;<\/td><td>44:15:26<\/td><td>3:17:55<\/td><\/tr><tr><\/tr><tr><td>9<\/td><td>I CASALE<br>A LEON&nbsp;&nbsp;&nbsp;&nbsp;&nbsp;&nbsp;&nbsp;&nbsp;&nbsp;&nbsp;&nbsp;&nbsp;&nbsp;&nbsp;&nbsp;&nbsp;&nbsp;&nbsp;&nbsp; <br>D HOFFMANN<\/td><td>TATRA BUGGYRA<\/td><td>&nbsp;<\/td><td>45:30:36<\/td><td>4:33:05<\/td><\/tr><tr><\/tr><tr><td>10<\/td><td>M SOLTYS<br>D SCHOVANEK&nbsp;&nbsp;&nbsp;&nbsp;&nbsp;&nbsp;&nbsp;&nbsp;&nbsp;&nbsp;&nbsp;&nbsp;&nbsp;&nbsp;&nbsp;&nbsp;&nbsp;&nbsp;&nbsp; <br>T IKOLA<\/td><td>TATRA BUGGYRA<\/td><td>&nbsp;<\/td><td>45:53:25<\/td><td>4:55:54<\/td><\/tr><tr><\/tr><\/tbody><\/table><\/figure>\n","protected":false},"excerpt":{"rendered":"<p>Martin Mac\u00edk manteve a boa fase no Dakar 2021 e venceu de novo nos caminh\u00f5es. Dmitry Sotnikov terminou a 10\u00aa etapa na segunda posi\u00e7\u00e3o e ficou cada vez mais perto do t\u00edtul<\/p>\n","protected":false},"author":0,"featured_media":1000445944,"comment_status":"closed","ping_status":"closed","sticky":false,"template":"","format":"standard","meta":{"42wp_featured_image_caption":"","42wp_featured_image_credits":"","42wp_featured_video":"","42wp_featured_image_hidden":false,"42wp_authors_list":[],"footnotes":""},"categories":[5],"tags":[25074,853,16527,27081,618,26987],"42wp_author":[47135],"class_list":["post-123962","post","type-post","status-publish","format-standard","has-post-thumbnail","hentry","category-rally","tag-arabia-saudita-2","tag-dakar","tag-dmitry-sotnikov","tag-martin-macik","tag-rali-dakar","tag-rali-dakar-2021","42wp_author-pedro-luis-cuenca"],"_links":{"self":[{"href":"https:\/\/grandepremio.com\/br\/wp-json\/wp\/v2\/posts\/123962","targetHints":{"allow":["GET"]}}],"collection":[{"href":"https:\/\/grandepremio.com\/br\/wp-json\/wp\/v2\/posts"}],"about":[{"href":"https:\/\/grandepremio.com\/br\/wp-json\/wp\/v2\/types\/post"}],"replies":[{"embeddable":true,"href":"https:\/\/grandepremio.com\/br\/wp-json\/wp\/v2\/comments?post=123962"}],"version-history":[{"count":0,"href":"https:\/\/grandepremio.com\/br\/wp-json\/wp\/v2\/posts\/123962\/revisions"}],"wp:featuredmedia":[{"embeddable":true,"href":"https:\/\/grandepremio.com\/br\/wp-json\/wp\/v2\/media\/1000445944"}],"wp:attachment":[{"href":"https:\/\/grandepremio.com\/br\/wp-json\/wp\/v2\/media?parent=123962"}],"wp:term":[{"taxonomy":"category","embeddable":true,"href":"https:\/\/grandepremio.com\/br\/wp-json\/wp\/v2\/categories?post=123962"},{"taxonomy":"post_tag","embeddable":true,"href":"https:\/\/grandepremio.com\/br\/wp-json\/wp\/v2\/tags?post=123962"},{"taxonomy":"42wp_author","embeddable":true,"href":"https:\/\/grandepremio.com\/br\/wp-json\/wp\/v2\/42wp_author?post=123962"}],"curies":[{"name":"wp","href":"https:\/\/api.w.org\/{rel}","templated":true}]}}