{"id":123993,"date":"2021-01-11T18:47:35","date_gmt":"2021-01-11T21:47:35","guid":{"rendered":"https:\/\/grandepremio.com\/br\/noticias\/erro-caminho-muita-poeira-dia-dificil-guilherme-spinelli-e-youssef-haddad-dakar\/"},"modified":"2021-01-11T18:48:48","modified_gmt":"2021-01-11T21:48:48","slug":"erro-caminho-muita-poeira-dia-dificil-guilherme-spinelli-e-youssef-haddad-dakar","status":"publish","type":"post","link":"https:\/\/grandepremio.com\/br\/rally\/erro-caminho-muita-poeira-dia-dificil-guilherme-spinelli-e-youssef-haddad-dakar\/","title":{"rendered":"Erro no caminho e muita poeira: o dia dif\u00edcil de Spinelli e Haddad no Dakar"},"content":{"rendered":"\n<figure class=\"wp-block-embed is-type-video is-provider-youtube wp-block-embed-youtube wp-embed-aspect-16-9 wp-has-aspect-ratio\"><div class=\"wp-block-embed__wrapper\">\n<iframe loading=\"lazy\" title=\"Na MotoGP, QUARTARARO \u00e9 o novo MARC M\u00c1RQUEZ ou s\u00f3 uma engana\u00e7\u00e3o? | GP \u00e0s 10\" width=\"500\" height=\"281\" src=\"https:\/\/www.youtube.com\/embed\/ZGn1jdFh0xo?feature=oembed\" frameborder=\"0\" allow=\"accelerometer; autoplay; clipboard-write; encrypted-media; gyroscope; picture-in-picture; web-share\" referrerpolicy=\"strict-origin-when-cross-origin\" allowfullscreen><\/iframe>\n<\/div><\/figure>\n\n\n\n<p class=\"wp-block-paragraph\">A oitava especial do Dakar 2021 n\u00e3o foi das melhores para os representantes brasileiros dos carros. Guilherme Spinelli e Youssef Haddad completaram os 375 km do est\u00e1gio somente na 26\u00aa coloca\u00e7\u00e3o e com 42min07s de desvantagem para o vencedor, Nasser Al-Attiyah. Segundo a dupla, fruto de um dia com muita poeira e com momentos perdidos no caminho.<\/p>\n\n\n\n<p class=\"wp-block-paragraph\"><strong>Conhe\u00e7a o canal do Grande Pr\u00eamio no YouTube! Clique\u00a0<a rel=\"noreferrer noopener\" href=\"https:\/\/youtube.com\/GrandePremioTV\" target=\"_blank\">aqui<\/a>.<br>Siga o Grande Pr\u00eamio no\u00a0<a rel=\"noreferrer noopener\" href=\"https:\/\/twitter.com\/grandepremio\" target=\"_blank\">Twitter\u00a0<\/a>e no\u00a0<a rel=\"noreferrer noopener\" href=\"https:\/\/instagram.com\/grandepremio\" target=\"_blank\">Instagram<\/a>!<br>Confira todas as informa\u00e7\u00f5es do Dakar 2021. \u00c9\u00a0<a href=\"https:\/\/www.grandepremio.com\/br\/rali\/ultimas-noticias\/\">aqui<\/a>.<\/strong><\/p>\n\n\n\n<p class=\"wp-block-paragraph\">Spinelli e Haddad conseguiram escapar de ficarem perdidos em dias quando perder a trilha foi bem comum, na primeira semana, mas tiveram dificuldades antes da chegada a Sakaka. Recuperar as posi\u00e7\u00f5es perdidas foi dram\u00e1tico.<\/p>\n\n\n\n<p class=\"wp-block-paragraph\">\u201c\u00c9 aquela velha e conhecida hist\u00f3ria: quando a gente larga atr\u00e1s, a dificuldade \u00e9 sempre muito maior. Hoje a gente tamb\u00e9m teve a infelicidade de se perder no in\u00edcio da especial, ent\u00e3o outros carros e UTVs nos passaram e com isso ficamos bloqueados na poeira. Muito dif\u00edcil fazer cada ultrapassagem\u201d, afirmou Spinelli.<\/p>\n\n\n\n<figure class=\"wp-block-image size-large\"><img decoding=\"async\" src=\"https:\/\/www.grandepremio.com\/br\/wp-content\/uploads\/2021\/01\/387976_960668_335_mmm_0825944_31979-1024x683.jpg\" alt=\"\" class=\"wp-image-445772\"\/><figcaption>Spinelli e Haddad ficaram com o 26\u00ba lugar na especial da segunda-feira (Foto: Marcelo Machado de Melo\/Fotop\/RF1)<\/figcaption><\/figure>\n\n\n\n<p class=\"wp-block-paragraph\">\u201cNo fim, conseguimos minimizar o preju\u00edzo e, sobretudo, chegar com o carro inteiro. No Dakar, \u00e9 isso que vale. Acabei for\u00e7ando mais na pilotagem para buscar a recupera\u00e7\u00e3o, mas a poeira impediu mesmo esta evolu\u00e7\u00e3o de velocidade. Em todo caso, vamos seguir lutando agora nesta reta final com as quatro \u00faltimas etapas\u201d, fechou.<\/p>\n\n\n\n<p class=\"wp-block-paragraph\">Haddad refor\u00e7ou o que disse Spinelli e explicou o erro do caminho.<\/p>\n\n\n\n\n\n<p class=\"wp-block-paragraph\">\u201cEste oitavo dia, final da etapa maratona, foi mais uma etapa dif\u00edcil para a gente. Largamos j\u00e1 embolados muitos carros na nossa frente, com muita poeira, e o competidor que vinha \u00e0 frente errou e acabamos errando junto. Tivemos dificuldade para achar o caminho certo novamente, e pior que isso, foi ter que voltar para a especial atr\u00e1s novamente de muitos carros e em meio a poeira. Mas Dakar \u00e9 isso, faltam quatro dias e estamos na luta\u201d, completou.<\/p>\n\n\n\n<p class=\"wp-block-paragraph\">Agora, com quatro especiais para o fim do Dakar 2021, Spinelli\/Haddad ocupa a 18\u00aa coloca\u00e7\u00e3o e est\u00e1 5h14min38 atr\u00e1s do l\u00edder St\u00e9phane Peterhansel.<\/p>\n\n\n\n<figure class=\"wp-block-embed is-type-video is-provider-youtube wp-block-embed-youtube wp-embed-aspect-16-9 wp-has-aspect-ratio\"><div class=\"wp-block-embed__wrapper\">\n<iframe loading=\"lazy\" title=\"F1: Por que MERCEDES n\u00e3o troca BOTTAS por RUSSELL j\u00e1 em 2021? | GP \u00e0s 10\" width=\"500\" height=\"281\" src=\"https:\/\/www.youtube.com\/embed\/Yoyh-Jf1d64?feature=oembed\" frameborder=\"0\" allow=\"accelerometer; autoplay; clipboard-write; encrypted-media; gyroscope; picture-in-picture; web-share\" referrerpolicy=\"strict-origin-when-cross-origin\" allowfullscreen><\/iframe>\n<\/div><\/figure>\n","protected":false},"excerpt":{"rendered":"<p>Guilherme Spinelli e Youssef Haddad fecharam a especial na 26\u00aa posi\u00e7\u00e3o &#8211; 18\u00aa geral, &#8211; ap\u00f3s se perderem no caminho a Sakaka, na Ar\u00e1bia Saudita<\/p>\n","protected":false},"author":0,"featured_media":1000445773,"comment_status":"closed","ping_status":"closed","sticky":false,"template":"","format":"standard","meta":{"42wp_featured_image_caption":"","42wp_featured_image_credits":"","42wp_featured_video":"","42wp_featured_image_hidden":false,"42wp_authors_list":[],"footnotes":""},"categories":[5],"tags":[25074,1060,6347,26987,239],"42wp_author":[47120],"class_list":["post-123993","post","type-post","status-publish","format-standard","has-post-thumbnail","hentry","category-rally","tag-arabia-saudita-2","tag-carros","tag-guilherme-spinelli","tag-rali-dakar-2021","tag-youssef-haddad","42wp_author-pedro-henrique-marum"],"_links":{"self":[{"href":"https:\/\/grandepremio.com\/br\/wp-json\/wp\/v2\/posts\/123993","targetHints":{"allow":["GET"]}}],"collection":[{"href":"https:\/\/grandepremio.com\/br\/wp-json\/wp\/v2\/posts"}],"about":[{"href":"https:\/\/grandepremio.com\/br\/wp-json\/wp\/v2\/types\/post"}],"replies":[{"embeddable":true,"href":"https:\/\/grandepremio.com\/br\/wp-json\/wp\/v2\/comments?post=123993"}],"version-history":[{"count":0,"href":"https:\/\/grandepremio.com\/br\/wp-json\/wp\/v2\/posts\/123993\/revisions"}],"wp:featuredmedia":[{"embeddable":true,"href":"https:\/\/grandepremio.com\/br\/wp-json\/wp\/v2\/media\/1000445773"}],"wp:attachment":[{"href":"https:\/\/grandepremio.com\/br\/wp-json\/wp\/v2\/media?parent=123993"}],"wp:term":[{"taxonomy":"category","embeddable":true,"href":"https:\/\/grandepremio.com\/br\/wp-json\/wp\/v2\/categories?post=123993"},{"taxonomy":"post_tag","embeddable":true,"href":"https:\/\/grandepremio.com\/br\/wp-json\/wp\/v2\/tags?post=123993"},{"taxonomy":"42wp_author","embeddable":true,"href":"https:\/\/grandepremio.com\/br\/wp-json\/wp\/v2\/42wp_author?post=123993"}],"curies":[{"name":"wp","href":"https:\/\/api.w.org\/{rel}","templated":true}]}}