{"id":124001,"date":"2021-01-11T12:06:35","date_gmt":"2021-01-11T15:06:35","guid":{"rendered":"https:\/\/grandepremio.com\/br\/noticias\/francisco-lopez-contardo-vence-8-etapa-do-dakar-nos-utvs-austin-jones-assume-lideranca-no-geral\/"},"modified":"2021-01-11T13:44:28","modified_gmt":"2021-01-11T16:44:28","slug":"francisco-lopez-contardo-vence-8-etapa-do-dakar-nos-utvs-austin-jones-assume-lideranca-no-geral","status":"publish","type":"post","link":"https:\/\/grandepremio.com\/br\/rally\/francisco-lopez-contardo-vence-8-etapa-do-dakar-nos-utvs-austin-jones-assume-lideranca-no-geral\/","title":{"rendered":"L\u00f3pez Contardo vence 8\u00aa etapa do Dakar nos UTVs. Jones assume lideran\u00e7a no geral"},"content":{"rendered":"\n<figure class=\"wp-block-embed is-type-video is-provider-youtube wp-block-embed-youtube wp-embed-aspect-16-9 wp-has-aspect-ratio\"><div class=\"wp-block-embed__wrapper\">\n<iframe loading=\"lazy\" title=\"Na MotoGP, QUARTARARO \u00e9 o novo MARC M\u00c1RQUEZ ou s\u00f3 uma engana\u00e7\u00e3o? | GP \u00e0s 10\" width=\"500\" height=\"281\" src=\"https:\/\/www.youtube.com\/embed\/ZGn1jdFh0xo?feature=oembed\" frameborder=\"0\" allow=\"accelerometer; autoplay; clipboard-write; encrypted-media; gyroscope; picture-in-picture; web-share\" referrerpolicy=\"strict-origin-when-cross-origin\" allowfullscreen><\/iframe>\n<\/div><\/figure>\n\n\n\n<p class=\"wp-block-paragraph\"><strong>8\u00aa etapa \u2013 Sakaka \u2013 Neom<br>Trecho de especial:<\/strong>&nbsp;375 km<br><strong>Deslocamentos:<\/strong>&nbsp;334 km<br><strong>Trecho total:<\/strong>&nbsp;709 km<\/p>\n\n\n\n<p class=\"wp-block-paragraph\">Francisco L\u00f3pez Contardo continua sendo o mais r\u00e1pido na maior parte da competi\u00e7\u00e3o dos UTVs neste Dakar 2021. Nesta segunda-feira (11), na oitava etapa do rali \u2014 entre Sakaka e Neom \u2014, o chileno superou o brasileiro Reinaldo Varela para vencer em 3h37min45s. A lideran\u00e7a no geral, no entanto, mudou para as m\u00e3os de Austin Jones.<\/p>\n\n\n\n<p class=\"wp-block-paragraph\">Chaleco L\u00f3pez come\u00e7ou o dia na ponta por ter vencido a etapa de domingo, mesmo ajudando um outro competidor ferido. A lideran\u00e7a, por\u00e9m, mudou rapidamente para as m\u00e3os da dupla brasileira com Reinaldo Varela e Maykel Justo. Saleh Alsaif aparecia em segundo na metade da prova.<\/p>\n\n\n\n<p class=\"wp-block-paragraph\">Varela passou a abrir vangatem para os concorrentes e ficou 1min37s na frente de Sergey Kariakin. Mais atr\u00e1s, L\u00f3pez Contardo pulou para o terceiro posto, com Austin Jones em quarto.<\/p>\n\n\n\n<figure class=\"wp-block-image size-large\"><img decoding=\"async\" src=\"https:\/\/www.grandepremio.com\/br\/wp-content\/uploads\/2021\/01\/austin-jones-1024x683.jpg\" alt=\"\" class=\"wp-image-445715\"\/><figcaption>Austin Jones, com o brasileiro Gustavo Gugelmin, agora lidera na classifica\u00e7\u00e3o geral (Foto: Florent Gooden\/DPPI\/Dakar)<\/figcaption><\/figure>\n\n\n\n<p class=\"wp-block-paragraph\"><strong>Conhe\u00e7a o canal do Grande Pr\u00eamio no YouTube! Clique&nbsp;<a rel=\"noreferrer noopener\" href=\"https:\/\/youtube.com\/GrandePremioTV\" target=\"_blank\">aqui<\/a>.<br>Siga o Grande Pr\u00eamio no&nbsp;<a rel=\"noreferrer noopener\" href=\"https:\/\/twitter.com\/grandepremio\" target=\"_blank\">Twitter&nbsp;<\/a>e no&nbsp;<a rel=\"noreferrer noopener\" href=\"https:\/\/instagram.com\/grandepremio\" target=\"_blank\">Instagram<\/a>!<br>Confira todas as informa\u00e7\u00f5es do Dakar 2021. \u00c9&nbsp;<a href=\"https:\/\/www.grandepremio.com\/br\/rali\/ultimas-noticias\/\">aqui<\/a>.<\/strong><\/p>\n\n\n\n<p class=\"wp-block-paragraph\">No quil\u00f4metro 307, Aron Domzala, que liderava a classifica\u00e7\u00e3o geral, teve problemas mec\u00e2nicos no carro e perdeu quase 37 minutos para os l\u00edderes. O polon\u00eas conseguiu voltar para a disputa e terminou apenas em 18\u00ba.<\/p>\n\n\n\n<p class=\"wp-block-paragraph\">Na parte final da maratona, L\u00f3pez Contardo brilhou de novo. O chileno diminuiu a vantagem de Varela e passou o brasileiro nos quil\u00f4metros finais para garantir a quarta vit\u00f3ria no Dakar 2021. Kariakin ficou com a segunda posi\u00e7\u00e3o, apenas 52 segundos atr\u00e1s do rival. Varela caiu para terceiro, terminando 1min31s depois do vencedor.<\/p>\n\n\n\n<p class=\"wp-block-paragraph\">Saleh Alsaif ficou na quarta posi\u00e7\u00e3o. Austin Jones foi o quinto colocado, junto com o navegador brasileiro Gustavo Gugelmin. Seth Quintero ficou em sexto, seguido por Marek Goczal, Kees Koolen, Louren\u00e7o Rosa e Josef Machacek, completando assim o top-10.<\/p>\n\n\n\n<p class=\"wp-block-paragraph\">Na classifica\u00e7\u00e3o geral, a classe de UTVs tem novo l\u00edder: Austin Jones. O americano tem 9min22s de vantagem para Seth Quintero. L\u00f3pez Contardo aparece em terceiro e Aron Domzala, ex-l\u00edder, caiu para quarto. Reinaldo Varela est\u00e1 na s\u00e9tima posi\u00e7\u00e3o, com 1h17min46s de desvantagem para o primeiro colocado.<\/p>\n\n\n\n<p class=\"wp-block-paragraph\">A nona etapa do Dakar 2021 ser\u00e1 \u2018em la\u00e7o\u2019, saindo e chegando em Neom. V\u00e3o ser 465 km de especial e 114 km de deslocamentos, totalizando 579 km de prova.<\/p>\n\n\n\n<p class=\"wp-block-paragraph\"><strong>Dakar 2021, Ve\u00edculos leves, Classifica\u00e7\u00e3o geral ap\u00f3s oitava etapa:<\/strong><\/p>\n\n\n\n<figure class=\"wp-block-table is-style-stripes\"><table><tbody><tr><td>1<\/td><td>A JONES<br>G GUGELMIN<\/td><td>CAN-AM<\/td><td>&nbsp;<\/td><td>36:13:48<\/td><td>&nbsp;<\/td><\/tr><tr><\/tr><tr><td>2<\/td><td>S QUINTERO<br>D ZENZ<\/td><td>TEAM USA<\/td><td>&nbsp;<\/td><td>36:23:19<\/td><td>0:09:31<\/td><\/tr><tr><\/tr><tr><td>3<\/td><td>F L\u00d3PEZ CONTARDO<br>J.P LATRACH VINAGRE<\/td><td>SOUTH RACING<\/td><td>&nbsp;<\/td><td>36:33:39<\/td><td>0:19:51<\/td><\/tr><tr><\/tr><tr><td>4<\/td><td>A DOMZALA<br>M MARTON<\/td><td>CAN-AM<\/td><td>&nbsp;<\/td><td>36:44:19<\/td><td>0:30:31<\/td><\/tr><tr><\/tr><tr><td>5<\/td><td>S KARIAKIN<br>A VLASIUK<\/td><td>SNAG<\/td><td>&nbsp;<\/td><td>37:01:12<\/td><td>0:47:24<\/td><\/tr><tr><\/tr><tr><td>6<\/td><td>M GOCZAL<br>S GOSPODARCZYK<\/td><td>ENERGYLANDIA<\/td><td>&nbsp;<\/td><td>37:07:24<\/td><td>0:53:36<\/td><\/tr><tr><\/tr><tr><td>7<\/td><td>R VARELA<br>M JUSTO<\/td><td>CAN-AM<\/td><td>&nbsp;<\/td><td>37:31:43<\/td><td>1:17:55<\/td><\/tr><tr><\/tr><tr><td>8<\/td><td>S ALSAIF<br>O VIDAL MONTIJANO<\/td><td>FN SPEED &#8211; BLACK HORSE<\/td><td>&nbsp;<\/td><td>37:34:48<\/td><td>1:21:00<\/td><\/tr><tr><\/tr><tr><td>9<\/td><td>J.A HINOJO L\u00d3PEZ<br>D ORTEGA GIL<\/td><td>HIBOR PAID<\/td><td>&nbsp;<\/td><td>38:35:42<\/td><td>2:21:54<\/td><\/tr><tr><\/tr><tr><td>10<\/td><td>M GOCZAL<br>R MARTON<\/td><td>ENERGYLANDIA<\/td><td>&nbsp;<\/td><td>39:18:13<\/td><td>3:04:25<\/td><\/tr><tr><\/tr><\/tbody><\/table><\/figure>\n","protected":false},"excerpt":{"rendered":"<p>Francisco L\u00f3pez Contardo apareceu na reta final da oitava etapa do Dakar 2021 para superar Reinaldo Varela e vencer pela quarta vez neste ano. Austin Jones se aproveitou dos problemas de Aron Domzala para assumir a ponta na classifica\u00e7\u00e3o geral<\/p>\n","protected":false},"author":0,"featured_media":1000445714,"comment_status":"closed","ping_status":"closed","sticky":false,"template":"","format":"standard","meta":{"42wp_featured_image_caption":"","42wp_featured_image_credits":"","42wp_featured_video":"","42wp_featured_image_hidden":false,"42wp_authors_list":[],"footnotes":""},"categories":[5],"tags":[25074,853,6938,233,618,26987,236,1062],"42wp_author":[47135],"class_list":["post-124001","post","type-post","status-publish","format-standard","has-post-thumbnail","hentry","category-rally","tag-arabia-saudita-2","tag-dakar","tag-maykel-justo","tag-rali","tag-rali-dakar","tag-rali-dakar-2021","tag-reinaldo-varela","tag-utvs","42wp_author-pedro-luis-cuenca"],"_links":{"self":[{"href":"https:\/\/grandepremio.com\/br\/wp-json\/wp\/v2\/posts\/124001","targetHints":{"allow":["GET"]}}],"collection":[{"href":"https:\/\/grandepremio.com\/br\/wp-json\/wp\/v2\/posts"}],"about":[{"href":"https:\/\/grandepremio.com\/br\/wp-json\/wp\/v2\/types\/post"}],"replies":[{"embeddable":true,"href":"https:\/\/grandepremio.com\/br\/wp-json\/wp\/v2\/comments?post=124001"}],"version-history":[{"count":0,"href":"https:\/\/grandepremio.com\/br\/wp-json\/wp\/v2\/posts\/124001\/revisions"}],"wp:featuredmedia":[{"embeddable":true,"href":"https:\/\/grandepremio.com\/br\/wp-json\/wp\/v2\/media\/1000445714"}],"wp:attachment":[{"href":"https:\/\/grandepremio.com\/br\/wp-json\/wp\/v2\/media?parent=124001"}],"wp:term":[{"taxonomy":"category","embeddable":true,"href":"https:\/\/grandepremio.com\/br\/wp-json\/wp\/v2\/categories?post=124001"},{"taxonomy":"post_tag","embeddable":true,"href":"https:\/\/grandepremio.com\/br\/wp-json\/wp\/v2\/tags?post=124001"},{"taxonomy":"42wp_author","embeddable":true,"href":"https:\/\/grandepremio.com\/br\/wp-json\/wp\/v2\/42wp_author?post=124001"}],"curies":[{"name":"wp","href":"https:\/\/api.w.org\/{rel}","templated":true}]}}