{"id":124002,"date":"2021-01-11T11:27:30","date_gmt":"2021-01-11T14:27:30","guid":{"rendered":"https:\/\/grandepremio.com\/br\/noticias\/alpine-anuncia-saida-de-cyril-abiteboul-e-aponta-novo-diretor-executivo-para-formula-1\/"},"modified":"2021-01-11T13:37:41","modified_gmt":"2021-01-11T16:37:41","slug":"alpine-anuncia-saida-de-cyril-abiteboul-e-aponta-novo-diretor-executivo-para-formula-1","status":"publish","type":"post","link":"https:\/\/grandepremio.com\/br\/f1\/alpine-anuncia-saida-de-cyril-abiteboul-e-aponta-novo-diretor-executivo-para-formula-1\/","title":{"rendered":"Alpine anuncia sa\u00edda de Abiteboul e aponta novo diretor-executivo para F\u00f3rmula 1"},"content":{"rendered":"\n<figure class=\"wp-block-embed is-type-video is-provider-youtube wp-block-embed-youtube wp-embed-aspect-16-9 wp-has-aspect-ratio\"><div class=\"wp-block-embed__wrapper\">\n<iframe loading=\"lazy\" title=\"O que esperar de ALONSO no retorno \u00e0 F\u00d3RMULA 1 em 2021? | GP \u00e0s 10\" width=\"500\" height=\"281\" src=\"https:\/\/www.youtube.com\/embed\/8XKzrtxZpHw?start=49&amp;feature=oembed\" frameborder=\"0\" allow=\"accelerometer; autoplay; clipboard-write; encrypted-media; gyroscope; picture-in-picture; web-share\" referrerpolicy=\"strict-origin-when-cross-origin\" allowfullscreen><\/iframe>\n<\/div><\/figure>\n\n\n\n<p class=\"wp-block-paragraph\">O Grupo Renault anunciou, nesta segunda-feira (11), a sa\u00edda de Cyril Abiteboul, que era chefe da equipe na F\u00f3rmula 1 desde 2016. Com a mudan\u00e7a para o nome Alpine em 2021, Laurent Rossi, que ocupava o cargo de diretor de estrat\u00e9gia e desenvolvimento de neg\u00f3cios, passa a ser o diretor-executivo da divis\u00e3o esportiva e competitiva do grupo.<\/p>\n\n\n\n<p class=\"wp-block-paragraph\"><a href=\"https:\/\/www.grandepremio.com\/br\/f1\/noticias\/alpine-promove-mudancas-internas-e-sonda-ate-homem-forte-da-suzuki-na-motogp\/\">Em reestrutura\u00e7\u00e3o interna<\/a>, os franceses recentemente demonstraram interesse na contrata\u00e7\u00e3o do italiano Davide Brivio, chefe de equipe da Suzuki na MotoGP. O dirigente deixou a montadora japonesa na \u00faltima semana. Marcin Budkowski, outro diretor da Renault, tamb\u00e9m \u00e9 um dos cotados para assumir a posi\u00e7\u00e3o de chefe de equipe.<\/p>\n\n\n\n<p class=\"wp-block-paragraph\">&#8220;Gostaria de agradecer ao Grupo Renault por ter confiado em mim por tantos anos, particularmente com a volta e a reconstru\u00e7\u00e3o da equipe desde 2016. A base s\u00f3lida da equipe e tudo que constru\u00edmos na Fran\u00e7a e na Inglaterra nestes \u00faltimos anos, a evolu\u00e7\u00e3o estrat\u00e9gica do esporte em busca de um modelo econ\u00f4mico mais sustent\u00e1vel, e mais recentemente com o projeto da Alpine, que possibilita um novo dinamismo, um significado renovado para a equipe, tudo somado leva a uma trajet\u00f3ria muito boa. Gostaria de agradecer Luca de Meo por me envolver na constru\u00e7\u00e3o da Alpine e desejo \u00e0 nova estrutura todo sucesso&#8221;, comentou Abiteboul, que no meio da passagem de 20 anos pela Renault, tamb\u00e9m atuou pela Caterham como chefe de equipe entre 2012 e 2014.<\/p>\n\n\n\n<figure class=\"wp-block-image size-large\"><img decoding=\"async\" src=\"https:\/\/www.grandepremio.com\/br\/wp-content\/uploads\/2019\/12\/201962074733_CyrilAbiteboul2_II-1.jpg\" alt=\"\" class=\"wp-image-375574\"\/><figcaption>Cyril Abiteboul trabalhou na Renault por 20 anos (Foto: Reprodu\u00e7\u00e3o)<\/figcaption><\/figure>\n\n\n\n<p class=\"wp-block-paragraph\"><strong>Conhe\u00e7a o canal do Grande Pr\u00eamio no YouTube! Clique&nbsp;<a rel=\"noreferrer noopener\" href=\"https:\/\/youtube.com\/GrandePremioTV\" target=\"_blank\">aqui<\/a>.<br>Siga o Grande Pr\u00eamio no&nbsp;<a rel=\"noreferrer noopener\" href=\"https:\/\/twitter.com\/grandepremio\" target=\"_blank\">Twitter&nbsp;<\/a>e no&nbsp;<a rel=\"noreferrer noopener\" href=\"https:\/\/instagram.com\/grandepremio\" target=\"_blank\">Instagram<\/a>!<\/strong><\/p>\n\n\n\n<p class=\"wp-block-paragraph\">Na gest\u00e3o de Cyril, a Renault alcan\u00e7ou o quarto lugar em 2018 como melhor resultado no Mundial de Construtores. Foram tr\u00eas p\u00f3dios desde 2016, todos conquistados na temporada 2020. Dois terceiros lugares nas m\u00e3os do australiano Daniel Ricciardo e um segundo de Esteban Ocon.<\/p>\n\n\n\n<p class=\"wp-block-paragraph\">&#8220;Gostaria de agradecer Cyril por seu envolvimento por completo, que levou a Renault do pen\u00faltimo lugar em 2016 aos p\u00f3dios conquistados em 2020. Seu trabalho na F1 desde 2007 nos permitiu olhar para o futuro, com uma equipe forte e com a nova Alpine com chances de brigar por p\u00f3dios neste ano&#8221;, citou Luca de Meo, diretor-executivo do Grupo Renault e um dos respons\u00e1veis pelas mudan\u00e7as recentes.<\/p>\n\n\n\n<p class=\"wp-block-paragraph\">Novo diretor da divis\u00e3o esportiva da Alpine, Laurent Rossi ocupava o cargo de diretor de estrat\u00e9gia e desenvolvimento de neg\u00f3cios na Renault desde 2018. Tamb\u00e9m tem passagens pelo Google e Boston Consulting Group, al\u00e9m de ter trabalhado no departamento mec\u00e2nico da Renault na d\u00e9cada de 2000.<\/p>\n\n\n\n<p class=\"wp-block-paragraph\">Para a temporada 2021 da F\u00f3rmula 1, a Alpine anunciou o retorno do espanhol Fernando Alonso, bicampe\u00e3o mundial, para fazer dupla com o jovem franc\u00eas Esteban Ocon, mantido ap\u00f3s a temporada 2020.<\/p>\n\n\n\n<figure class=\"wp-block-embed is-type-video is-provider-youtube wp-block-embed-youtube wp-embed-aspect-16-9 wp-has-aspect-ratio\"><div class=\"wp-block-embed__wrapper\">\n<iframe loading=\"lazy\" title=\"Com HAMILTON &amp;apos;hors concours&amp;apos;, quem fez o TOP-5 da F1 2020? | GP \u00e0s 10\" width=\"500\" height=\"281\" src=\"https:\/\/www.youtube.com\/embed\/bDLfJYHZFyE?start=6&amp;feature=oembed\" frameborder=\"0\" allow=\"accelerometer; autoplay; clipboard-write; encrypted-media; gyroscope; picture-in-picture; web-share\" referrerpolicy=\"strict-origin-when-cross-origin\" allowfullscreen><\/iframe>\n<\/div><\/figure>\n","protected":false},"excerpt":{"rendered":"<p>Cyril Abiteboul n\u00e3o ocupar\u00e1 cargo na Alpine e deixa Grupo Renault. Franceses anunciaram que Laurent Rossi \u00e9 o novo diretor-executivo da divis\u00e3o esportiva da equipe <\/p>\n","protected":false},"author":0,"featured_media":1000414215,"comment_status":"closed","ping_status":"closed","sticky":false,"template":"","format":"standard","meta":{"42wp_featured_image_caption":"","42wp_featured_image_credits":"","42wp_featured_video":"","42wp_featured_image_hidden":false,"42wp_authors_list":[],"footnotes":""},"categories":[2],"tags":[20491,779,6564,302,176,27073,229],"42wp_author":[47129,47119],"class_list":["post-124002","post","type-post","status-publish","format-standard","has-post-thumbnail","hentry","category-f1","tag-alpine","tag-cyril-abiteboul","tag-davide-brivio","tag-esteban-ocon","tag-fernando-alonso","tag-laurent-rossi","tag-renault","42wp_author-felipe-noronha","42wp_author-gabriel-carvalho"],"_links":{"self":[{"href":"https:\/\/grandepremio.com\/br\/wp-json\/wp\/v2\/posts\/124002","targetHints":{"allow":["GET"]}}],"collection":[{"href":"https:\/\/grandepremio.com\/br\/wp-json\/wp\/v2\/posts"}],"about":[{"href":"https:\/\/grandepremio.com\/br\/wp-json\/wp\/v2\/types\/post"}],"replies":[{"embeddable":true,"href":"https:\/\/grandepremio.com\/br\/wp-json\/wp\/v2\/comments?post=124002"}],"version-history":[{"count":0,"href":"https:\/\/grandepremio.com\/br\/wp-json\/wp\/v2\/posts\/124002\/revisions"}],"wp:featuredmedia":[{"embeddable":true,"href":"https:\/\/grandepremio.com\/br\/wp-json\/wp\/v2\/media\/1000414215"}],"wp:attachment":[{"href":"https:\/\/grandepremio.com\/br\/wp-json\/wp\/v2\/media?parent=124002"}],"wp:term":[{"taxonomy":"category","embeddable":true,"href":"https:\/\/grandepremio.com\/br\/wp-json\/wp\/v2\/categories?post=124002"},{"taxonomy":"post_tag","embeddable":true,"href":"https:\/\/grandepremio.com\/br\/wp-json\/wp\/v2\/tags?post=124002"},{"taxonomy":"42wp_author","embeddable":true,"href":"https:\/\/grandepremio.com\/br\/wp-json\/wp\/v2\/42wp_author?post=124002"}],"curies":[{"name":"wp","href":"https:\/\/api.w.org\/{rel}","templated":true}]}}