{"id":124007,"date":"2021-01-11T10:00:00","date_gmt":"2021-01-11T13:00:00","guid":{"rendered":"https:\/\/grandepremio.com\/br\/noticias\/gp-as-10-fabio-quartararo-e-um-novo-marc-marquez-ou-so-enganacao\/"},"modified":"2021-01-11T09:07:11","modified_gmt":"2021-01-11T12:07:11","slug":"gp-as-10-fabio-quartararo-e-um-novo-marc-marquez-ou-so-enganacao","status":"publish","type":"post","link":"https:\/\/grandepremio.com\/br\/motogp\/gp-as-10-fabio-quartararo-e-um-novo-marc-marquez-ou-so-enganacao\/","title":{"rendered":"GP \u00e0s 10: Fabio Quartararo \u00e9 um novo Marc M\u00e1rquez ou s\u00f3 engana\u00e7\u00e3o?"},"content":{"rendered":"\n<p class=\"wp-block-paragraph\">Dono de tr\u00eas vit\u00f3rias em 2020, Fabio Quartararo liderou boa parte do campeonato, mas fechou a temporada apenas em oitavo. Foi o segundo ano do franc\u00eas de Nice na MotoGP, que vai para o time de f\u00e1brica da Yamaha em 2021.<\/p>\n\n\n\n<p class=\"wp-block-paragraph\">No GP \u00e0s 10 desta segunda-feira (11), Juliana Tesser e Victor Martins falam da atua\u00e7\u00e3o do titular da SRT Yamaha na temporada passada da classe rainha do Mundial de Motovelocidade.<\/p>\n\n\n\n<figure class=\"wp-block-embed is-type-rich is-provider-incorporar-manipulador wp-block-embed-incorporar-manipulador wp-embed-aspect-16-9 wp-has-aspect-ratio\"><div class=\"wp-block-embed__wrapper\">\n<iframe loading=\"lazy\" title=\"Na MotoGP, QUARTARARO \u00e9 o novo MARC M\u00c1RQUEZ ou s\u00f3 uma engana\u00e7\u00e3o? | GP \u00e0s 10\" width=\"500\" height=\"281\" src=\"https:\/\/www.youtube.com\/embed\/ZGn1jdFh0xo?feature=oembed\" frameborder=\"0\" allow=\"accelerometer; autoplay; clipboard-write; encrypted-media; gyroscope; picture-in-picture; web-share\" referrerpolicy=\"strict-origin-when-cross-origin\" allowfullscreen><\/iframe>\n<\/div><\/figure>\n\n\n","protected":false},"excerpt":{"rendered":"<p>Depois de um in\u00edcio de ano promissor e de passar boa parte da temporada na lideran\u00e7a do campeonato, Fabio Quartararo sumiu at\u00e9 fechar 2020 em oitavo. Afinal, qual o verdadeiro piloto da SRT Yamaha?<\/p>\n","protected":false},"author":0,"featured_media":1000443742,"comment_status":"closed","ping_status":"closed","sticky":false,"template":"","format":"standard","meta":{"42wp_featured_image_caption":"","42wp_featured_image_credits":"","42wp_featured_video":"","42wp_featured_image_hidden":false,"42wp_authors_list":[],"footnotes":""},"categories":[8],"tags":[26496,110,79,174,78,173,26244,26690,26494],"42wp_author":[47113],"class_list":["post-124007","post","type-post","status-publish","format-standard","has-post-thumbnail","hentry","category-motogp","tag-classificacao-motogp-2020","tag-fabio-quartararo","tag-moto-gp","tag-moto-gp-2020","tag-motogp","tag-motogp-2020","tag-motogp-calendario-2020","tag-pilotos-motogp","tag-transmissao-motogp-2020","42wp_author-juliana-tesser"],"_links":{"self":[{"href":"https:\/\/grandepremio.com\/br\/wp-json\/wp\/v2\/posts\/124007","targetHints":{"allow":["GET"]}}],"collection":[{"href":"https:\/\/grandepremio.com\/br\/wp-json\/wp\/v2\/posts"}],"about":[{"href":"https:\/\/grandepremio.com\/br\/wp-json\/wp\/v2\/types\/post"}],"replies":[{"embeddable":true,"href":"https:\/\/grandepremio.com\/br\/wp-json\/wp\/v2\/comments?post=124007"}],"version-history":[{"count":0,"href":"https:\/\/grandepremio.com\/br\/wp-json\/wp\/v2\/posts\/124007\/revisions"}],"wp:featuredmedia":[{"embeddable":true,"href":"https:\/\/grandepremio.com\/br\/wp-json\/wp\/v2\/media\/1000443742"}],"wp:attachment":[{"href":"https:\/\/grandepremio.com\/br\/wp-json\/wp\/v2\/media?parent=124007"}],"wp:term":[{"taxonomy":"category","embeddable":true,"href":"https:\/\/grandepremio.com\/br\/wp-json\/wp\/v2\/categories?post=124007"},{"taxonomy":"post_tag","embeddable":true,"href":"https:\/\/grandepremio.com\/br\/wp-json\/wp\/v2\/tags?post=124007"},{"taxonomy":"42wp_author","embeddable":true,"href":"https:\/\/grandepremio.com\/br\/wp-json\/wp\/v2\/42wp_author?post=124007"}],"curies":[{"name":"wp","href":"https:\/\/api.w.org\/{rel}","templated":true}]}}