{"id":124008,"date":"2021-01-11T09:02:56","date_gmt":"2021-01-11T12:02:56","guid":{"rendered":"https:\/\/grandepremio.com\/br\/noticias\/nasser-al-attiyah-reage-e-vence-8-etapa-dos-carros-no-dakar-stephane-peterhansel-segue-lider-no-geral\/"},"modified":"2021-01-11T10:24:12","modified_gmt":"2021-01-11T13:24:12","slug":"nasser-al-attiyah-reage-e-vence-8-etapa-dos-carros-no-dakar-stephane-peterhansel-segue-lider-no-geral","status":"publish","type":"post","link":"https:\/\/grandepremio.com\/br\/rally\/nasser-al-attiyah-reage-e-vence-8-etapa-dos-carros-no-dakar-stephane-peterhansel-segue-lider-no-geral\/","title":{"rendered":"Al-Attiyah reage e vence 8\u00aa etapa dos carros no Dakar. Peterhansel segue l\u00edder no geral"},"content":{"rendered":"\n<figure class=\"wp-block-embed is-type-video is-provider-youtube wp-block-embed-youtube wp-embed-aspect-16-9 wp-has-aspect-ratio\"><div class=\"wp-block-embed__wrapper\">\n<iframe loading=\"lazy\" title=\"F1: Por que MERCEDES n\u00e3o troca BOTTAS por RUSSELL j\u00e1 em 2021? | GP \u00e0s 10\" width=\"500\" height=\"281\" src=\"https:\/\/www.youtube.com\/embed\/Yoyh-Jf1d64?feature=oembed\" frameborder=\"0\" allow=\"accelerometer; autoplay; clipboard-write; encrypted-media; gyroscope; picture-in-picture; web-share\" referrerpolicy=\"strict-origin-when-cross-origin\" allowfullscreen><\/iframe>\n<\/div><\/figure>\n\n\n\n<p class=\"wp-block-paragraph\"><strong>8\u00aa etapa \u2013 Sakaka \u2013 Neom<br>Trecho de especial:<\/strong>&nbsp;375 km<br><strong>Deslocamentos:<\/strong>&nbsp;334 km<br><strong>Trecho total:<\/strong>&nbsp;709 km<\/p>\n\n\n\n<p class=\"wp-block-paragraph\">O oitavo dia de competi\u00e7\u00e3o do Dakar 2021 foi positivo para Nasser Al-Attiyah, que se recuperou dos azares do evento anterior \u2014 quando enfrentou problemas nos pneus \u2014 e venceu a disputa nesta segunda-feira (11), nos 375 km entre Sakaka e Neom, em 2h56min56s. Com isso, o piloto do Catar diminuiu a desvantagem para o l\u00edder St\u00e9phane Peterhansel nos carros.<\/p>\n\n\n\n<p class=\"wp-block-paragraph\">O dia come\u00e7ou com Yazeed Al-Rajhi, vencedor do s\u00e9timo especial, partindo na lideran\u00e7a. No primeiro ponto de checagem, por\u00e9m, Nasser Al-Attiyah j\u00e1 aparecia na lideran\u00e7a, seguido por Carlos Sainz e Al-Rajhi.<\/p>\n\n\n\n<p class=\"wp-block-paragraph\">Ainda na primeira parte da disputa, Peterhansel se chocou com uma pedra e teve problemas na roda de seu carro, precisando parar para reparos e perdendo alguns minutos. Mesmo assim, o franc\u00eas se recuperou e assumiu a ponta entre os carros no quil\u00f4metro 190.<\/p>\n\n\n\n<figure class=\"wp-block-image size-large\"><img decoding=\"async\" src=\"https:\/\/www.grandepremio.com\/br\/wp-content\/uploads\/2021\/01\/SI202101100081_hires_jpeg_24bit_rgb-1024x683.jpg\" alt=\"\" class=\"wp-image-445681\"\/><figcaption>St\u00e9phane Peterhansel foi o terceiro colocado na etapa de hoje e segue l\u00edder no geral (Foto: Marcelo Maragni\/Red Bull Content Pool)<\/figcaption><\/figure>\n\n\n\n<p class=\"wp-block-paragraph\">No km 225, Al-Attiyah reassumiu a ponta, seguido por Sainz e Peterhansel. Na sequ\u00eancia, o catari foi abrindo vantagem para os concorrentes at\u00e9 a bandeira quadriculada. Foi a quinta vit\u00f3ria de Al-Attiyah nesta edi\u00e7\u00e3o do Dakar, conseguindo assim a recupera\u00e7\u00e3o ap\u00f3s dois furos de pneus na etapa anterior, fator que o atrasou na disputa.<\/p>\n\n\n\n<p class=\"wp-block-paragraph\"><strong>Conhe\u00e7a o canal do Grande Pr\u00eamio no YouTube! Clique&nbsp;<a rel=\"noreferrer noopener\" href=\"https:\/\/youtube.com\/GrandePremioTV\" target=\"_blank\">aqui<\/a>.<br>Siga o Grande Pr\u00eamio no&nbsp;<a rel=\"noreferrer noopener\" href=\"https:\/\/twitter.com\/grandepremio\" target=\"_blank\">Twitter&nbsp;<\/a>e no&nbsp;<a rel=\"noreferrer noopener\" href=\"https:\/\/instagram.com\/grandepremio\" target=\"_blank\">Instagram<\/a>!<br>Confira todas as informa\u00e7\u00f5es do Dakar 2021. \u00c9&nbsp;<a href=\"https:\/\/www.grandepremio.com\/br\/rali\/ultimas-noticias\/\">aqui<\/a>.<\/strong><\/p>\n\n\n\n<p class=\"wp-block-paragraph\">Sainz ficou em segundo, seguido por Peterhansel em terceiro. Khalid Al Qassimi ficou em quarto, com Cyril Despres, Jakub Przygonski, Shameer Variawa, Vladimir Vasilyev, Martin Prokop e Christian Laveille completando o top-10.<\/p>\n\n\n\n<p class=\"wp-block-paragraph\">Na classifica\u00e7\u00e3o geral, Peterhansel continua na lideran\u00e7a. Al-Attiyah aparece em segundo, agora 4min50s atr\u00e1s do primeiro colocado. Sainz \u00e9 o terceiro, com Przygonski, Nani Roma, Vasilyev, Al Qassimi, Prokop, Giniel de Villiers e Lavieille fechando os dez melhores.<\/p>\n\n\n\n<p class=\"wp-block-paragraph\">Guiga Spinelli e Youssef Haddad terminaram o dia na 27\u00aa posi\u00e7\u00e3o. No geral, a dupla brasileira ocupa o 18\u00ba posto, com 5h13min30s de desvantagem para o l\u00edder.<\/p>\n\n\n\n<p class=\"wp-block-paragraph\">A nona etapa do Dakar 2021 ser\u00e1 &#8216;em la\u00e7o&#8217;, saindo e chegando em Neom. V\u00e3o ser 465 km de especial e 114 km de deslocamentos, totalizando 579 km de prova.<\/p>\n\n\n\n<p class=\"wp-block-paragraph\"><strong>Dakar 2021, Carros, Classifica\u00e7\u00e3o geral ap\u00f3s oitava etapa:<\/strong><\/p>\n\n\n\n<figure class=\"wp-block-table is-style-stripes\"><table><tbody><tr><td>1<\/td><td>S PETERHANSEL<br>E BOULANGER<\/td><td>X-RAID MINI<\/td><td>&nbsp;<\/td><td>29:36:49<\/td><td>&nbsp;<\/td><\/tr><tr><\/tr><tr><td>2<\/td><td>N AL-ATTIYAH<br>M BAUMEL<\/td><td>TOYOTA<\/td><td>&nbsp;<\/td><td>29:41:39<\/td><td>0:04:50<\/td><\/tr><tr><\/tr><tr><td>3<\/td><td>C SAINZ<br>L CRUZ<\/td><td>X-RAID MINI<\/td><td>&nbsp;<\/td><td>30:15:44<\/td><td>0:38:55<\/td><\/tr><tr><\/tr><tr><td>4<\/td><td>J PRZYGONSKI<br>T GOTTSCHALK<\/td><td>ORLEN \/ OVERDRIVE<\/td><td>&nbsp;<\/td><td>31:14:57<\/td><td>1:38:08<\/td><\/tr><tr><\/tr><tr><td>5<\/td><td>N ROMA<br>A WINOCQ<\/td><td>BAHRAIN RAID<\/td><td>&nbsp;<\/td><td>30:07:18<\/td><td>0:30:29<\/td><\/tr><tr><\/tr><tr><td>6<\/td><td>V VASILYEV<br>D TSYRO<\/td><td>X-RAID<\/td><td>&nbsp;<\/td><td>32:18:49<\/td><td>2:42:00<\/td><\/tr><tr><\/tr><tr><td>7<\/td><td>S KHALID AL QASSIMI<br>X PANSERI<\/td><td>ABU DHABI<\/td><td>&nbsp;<\/td><td>32:22:22<\/td><td>2:45:33<\/td><\/tr><tr><\/tr><tr><td>8<\/td><td>M PROKOP<br>V CHYTKA<\/td><td>BENZINA ORLEN<\/td><td>&nbsp;<\/td><td>32:55:13<\/td><td>3:18:24<\/td><\/tr><tr><\/tr><tr><td>9<\/td><td>G DE VILLIERS<br>A HARO BRAVO<\/td><td>TOYOTA<\/td><td>&nbsp;<\/td><td>33:03:39<\/td><td>3:26:50<\/td><\/tr><tr><\/tr><tr><td>10<\/td><td>C LAVIEILLE<br>J GARCIN<\/td><td>MD RALLYE<\/td><td>&nbsp;<\/td><td>33:18:46<\/td><td>3:41:57<\/td><\/tr><tr><\/tr><\/tbody><\/table><\/figure>\n","protected":false},"excerpt":{"rendered":"<p>Nasser Al-Attiyah se recuperou dos problemas com pneus, reagiu e venceu a oitava etapa do Dakar 2021 nos carros. Com isso, o piloto do Catar diminuiu a vantagem de St\u00e9phane Peterhansel na lideran\u00e7a geral da competi\u00e7\u00e3o<\/p>\n","protected":false},"author":0,"featured_media":1000445680,"comment_status":"closed","ping_status":"closed","sticky":false,"template":"","format":"standard","meta":{"42wp_featured_image_caption":"","42wp_featured_image_credits":"","42wp_featured_video":"","42wp_featured_image_hidden":false,"42wp_authors_list":[],"footnotes":""},"categories":[5],"tags":[1060,853,1004,233,618,26987,26557],"42wp_author":[47135],"class_list":["post-124008","post","type-post","status-publish","format-standard","has-post-thumbnail","hentry","category-rally","tag-carros","tag-dakar","tag-nasser-al-attiyah","tag-rali","tag-rali-dakar","tag-rali-dakar-2021","tag-stephane-peterhansel-2","42wp_author-pedro-luis-cuenca"],"_links":{"self":[{"href":"https:\/\/grandepremio.com\/br\/wp-json\/wp\/v2\/posts\/124008","targetHints":{"allow":["GET"]}}],"collection":[{"href":"https:\/\/grandepremio.com\/br\/wp-json\/wp\/v2\/posts"}],"about":[{"href":"https:\/\/grandepremio.com\/br\/wp-json\/wp\/v2\/types\/post"}],"replies":[{"embeddable":true,"href":"https:\/\/grandepremio.com\/br\/wp-json\/wp\/v2\/comments?post=124008"}],"version-history":[{"count":0,"href":"https:\/\/grandepremio.com\/br\/wp-json\/wp\/v2\/posts\/124008\/revisions"}],"wp:featuredmedia":[{"embeddable":true,"href":"https:\/\/grandepremio.com\/br\/wp-json\/wp\/v2\/media\/1000445680"}],"wp:attachment":[{"href":"https:\/\/grandepremio.com\/br\/wp-json\/wp\/v2\/media?parent=124008"}],"wp:term":[{"taxonomy":"category","embeddable":true,"href":"https:\/\/grandepremio.com\/br\/wp-json\/wp\/v2\/categories?post=124008"},{"taxonomy":"post_tag","embeddable":true,"href":"https:\/\/grandepremio.com\/br\/wp-json\/wp\/v2\/tags?post=124008"},{"taxonomy":"42wp_author","embeddable":true,"href":"https:\/\/grandepremio.com\/br\/wp-json\/wp\/v2\/42wp_author?post=124008"}],"curies":[{"name":"wp","href":"https:\/\/api.w.org\/{rel}","templated":true}]}}