{"id":124087,"date":"2021-01-06T12:32:29","date_gmt":"2021-01-06T15:32:29","guid":{"rendered":"https:\/\/grandepremio.com\/br\/noticias\/ex-chefe-de-fittipaldi-moreno-e-boesel-na-indy-pat-patrick-morre-aos-91-anos\/"},"modified":"2021-01-06T12:32:35","modified_gmt":"2021-01-06T15:32:35","slug":"ex-chefe-de-fittipaldi-moreno-e-boesel-na-indy-pat-patrick-morre-aos-91-anos","status":"publish","type":"post","link":"https:\/\/grandepremio.com\/br\/indy\/ex-chefe-de-fittipaldi-moreno-e-boesel-na-indy-pat-patrick-morre-aos-91-anos\/","title":{"rendered":"Ex-chefe de Fittipaldi, Moreno e Boesel na Indy, Pat Patrick morre aos 91 anos"},"content":{"rendered":"\n<figure class=\"wp-block-embed is-type-video is-provider-youtube wp-block-embed-youtube wp-embed-aspect-16-9 wp-has-aspect-ratio\"><div class=\"wp-block-embed__wrapper\">\n<iframe loading=\"lazy\" title=\"ESPERAN\u00c7A BRASILEIRA: Drugovich se CONSOLIDA no caminho para F1 | GP \u00e0s 10\" width=\"500\" height=\"281\" src=\"https:\/\/www.youtube.com\/embed\/8FZHp9hGP5w?feature=oembed\" frameborder=\"0\" allow=\"accelerometer; autoplay; clipboard-write; encrypted-media; gyroscope; picture-in-picture; web-share\" referrerpolicy=\"strict-origin-when-cross-origin\" allowfullscreen><\/iframe>\n<\/div><\/figure>\n\n\n\n<p class=\"wp-block-paragraph\">Uma das figuras mais importantes do automobilismo dos Estados Unidos no \u00faltimo meio s\u00e9culo, Pat Patrick, morreu na ter\u00e7a-feira, dia 5 de janeiro. Patrick tinha 91 anos e estava em sua casa, em Phoenix, no estado estadunidense do Arizona. A causa da morte n\u00e3o foi divulgada.<\/p>\n\n\n\n<p class=\"wp-block-paragraph\"><strong>Conhe\u00e7a o canal do Grande Pr\u00eamio no YouTube! Clique\u00a0<a rel=\"noreferrer noopener\" href=\"https:\/\/youtube.com\/GrandePremioTV\" target=\"_blank\">aqui<\/a>.<br>Siga o Grande Pr\u00eamio no\u00a0<a rel=\"noreferrer noopener\" href=\"https:\/\/twitter.com\/grandepremio\" target=\"_blank\">Twitter\u00a0<\/a>e no\u00a0<a rel=\"noreferrer noopener\" href=\"https:\/\/instagram.com\/grandepremio\" target=\"_blank\">Instagram<\/a>!<\/strong><\/p>\n\n\n\n<p class=\"wp-block-paragraph\">Patrick criou e foi dono da Patrick Racing entre os anos 1970 e 2005, quando fechou as portas. Neste per\u00edodo, venceu as 500 Milhas de Indian\u00e1polis em tr\u00eas oportunidades: 1973 e 1982, com Gordon Johncock, e em 1989, com Emerson Fittipaldi. Tamb\u00e9m foi campe\u00e3o da Indy em 1976 e 1989, respectivamente com Johncock e Fittipaldi.<\/p>\n\n\n\n<p class=\"wp-block-paragraph\">Na realidade, a Patrick teve diferentes momentos. Uma entre 1970 e 1990, quando vendeu a equipe para Chip Ganassi enquanto o sucesso do ano anterior se desenhava. Mas o 1989 bem-sucedido fez Patrick desistir de se afastar e aposentar, como planejava antes. Assumiu o projeto da Alfa Romeo, que apenas chegava \u00e0 Indy, mas vendeu novamente, agora para Bobby Rahal e Carl Hogan no fim de 1991. Depois, junto com a Firestone, retornou em 1995 e ficou at\u00e9 2005 &#8211; nos \u00faltimos dois anos, j\u00e1 com a IRL.<\/p>\n\n\n\n<figure class=\"wp-block-image size-large\"><img decoding=\"async\" src=\"https:\/\/www.grandepremio.com\/br\/wp-content\/uploads\/2019\/05\/20195271955441_1989unserjr-r5_DMa-1.jpg\" alt=\"\" class=\"wp-image-366373\"\/><figcaption>Emerson Fittipaldi e Al Unser Jr. no momento decisivo da Indy 500 de 1989. Pat Patrick era o chefe (Foto: Reprodu\u00e7\u00e3o\/Twitter)<\/figcaption><\/figure>\n\n\n\n<p class=\"wp-block-paragraph\">Al\u00e9m de Fittipaldi e Johncock, Patrick foi chefe de v\u00e1rios outros pilotos importantes no cen\u00e1rio da Indy. Mario Andretti, por exemplo, e Danny Sullivan, Johnny Rutherford e Al Unser, al\u00e9m de Raul Boesel e Roberto Moreno.<\/p>\n\n\n\n<p class=\"wp-block-paragraph\">Mas o sucesso nos resultados foi s\u00f3 parte da hist\u00f3ria de Pat Patrick. Ele, ao lado de Roger Penske, foram as for\u00e7as protagonistas no movimento da Championship Auto Racing Teams, a CART, para tirar o controle da Indy das m\u00e3os da United States Auto Club, a USAC, em 1982. Foi uma virada nos monopostos dos Estados Unidos.<\/p>\n\n\n\n\n\n<p class=\"wp-block-paragraph\">Depois disso, em 1986, Patrick investiu pesado numa categoria que serviria de categoria de base para a Indy. Foi o princ\u00edpio do que viria a ser a Indy Lights meses depois. Desde 2018, Patrick est\u00e1 no Rol da Fama do Esporte a Motor dos Estados Unidos.<\/p>\n\n\n\n<p class=\"wp-block-paragraph\">Fora do esporte, o neg\u00f3cio de Pat Patrick era a Patrick Petroleum, fundada em 1962, e que foi expandida ao longo do tempo dentro do ramo de energ\u00e9tico. Atualmente, ap\u00f3s fus\u00f5es ao longo das d\u00e9cadas, \u00e9 a Patrick Energy e tem o filho de Pat, Mark Patrick, como diretor-executivo.<\/p>\n\n\n\n<p class=\"wp-block-paragraph\">Patrick deixa quatro filhos: uma mulher e tr\u00eas homens.<\/p>\n\n\n\n<figure class=\"wp-block-embed is-type-video is-provider-youtube wp-block-embed-youtube wp-embed-aspect-16-9 wp-has-aspect-ratio\"><div class=\"wp-block-embed__wrapper\">\n<iframe loading=\"lazy\" title=\"O que esperar de ALONSO no retorno \u00e0 F\u00d3RMULA 1 em 2021? | GP \u00e0s 10\" width=\"500\" height=\"281\" src=\"https:\/\/www.youtube.com\/embed\/8XKzrtxZpHw?feature=oembed\" frameborder=\"0\" allow=\"accelerometer; autoplay; clipboard-write; encrypted-media; gyroscope; picture-in-picture; web-share\" referrerpolicy=\"strict-origin-when-cross-origin\" allowfullscreen><\/iframe>\n<\/div><\/figure>\n","protected":false},"excerpt":{"rendered":"<p>Pat Patrick criou sua equipe em 1970 e, entre chegadas e sa\u00eddas do grid, foi presen\u00e7a importante at\u00e9 2005. Ao longo do tempo, venceu a Indy 500 tr\u00eas vezes<\/p>\n","protected":false},"author":0,"featured_media":1000445120,"comment_status":"closed","ping_status":"closed","sticky":false,"template":"","format":"standard","meta":{"42wp_featured_image_caption":"","42wp_featured_image_credits":"","42wp_featured_video":"","42wp_featured_image_hidden":false,"42wp_authors_list":[],"footnotes":""},"categories":[3],"tags":[2700,796,27035,5601,1245],"42wp_author":[47120],"class_list":["post-124087","post","type-post","status-publish","format-standard","has-post-thumbnail","hentry","category-indy","tag-cart","tag-emerson-fittipaldi","tag-formula-indy-2021","tag-indy-2021","tag-roger-penske","42wp_author-pedro-henrique-marum"],"_links":{"self":[{"href":"https:\/\/grandepremio.com\/br\/wp-json\/wp\/v2\/posts\/124087","targetHints":{"allow":["GET"]}}],"collection":[{"href":"https:\/\/grandepremio.com\/br\/wp-json\/wp\/v2\/posts"}],"about":[{"href":"https:\/\/grandepremio.com\/br\/wp-json\/wp\/v2\/types\/post"}],"replies":[{"embeddable":true,"href":"https:\/\/grandepremio.com\/br\/wp-json\/wp\/v2\/comments?post=124087"}],"version-history":[{"count":0,"href":"https:\/\/grandepremio.com\/br\/wp-json\/wp\/v2\/posts\/124087\/revisions"}],"wp:featuredmedia":[{"embeddable":true,"href":"https:\/\/grandepremio.com\/br\/wp-json\/wp\/v2\/media\/1000445120"}],"wp:attachment":[{"href":"https:\/\/grandepremio.com\/br\/wp-json\/wp\/v2\/media?parent=124087"}],"wp:term":[{"taxonomy":"category","embeddable":true,"href":"https:\/\/grandepremio.com\/br\/wp-json\/wp\/v2\/categories?post=124087"},{"taxonomy":"post_tag","embeddable":true,"href":"https:\/\/grandepremio.com\/br\/wp-json\/wp\/v2\/tags?post=124087"},{"taxonomy":"42wp_author","embeddable":true,"href":"https:\/\/grandepremio.com\/br\/wp-json\/wp\/v2\/42wp_author?post=124087"}],"curies":[{"name":"wp","href":"https:\/\/api.w.org\/{rel}","templated":true}]}}