{"id":124109,"date":"2021-01-05T11:20:00","date_gmt":"2021-01-05T14:20:00","guid":{"rendered":"https:\/\/grandepremio.com\/br\/noticias\/formula-e-garante-abertura-de-2021-com-rodada-dupla-noturna-na-arabia-saudita\/"},"modified":"2021-01-05T11:22:55","modified_gmt":"2021-01-05T14:22:55","slug":"formula-e-garante-abertura-de-2021-com-rodada-dupla-noturna-na-arabia-saudita","status":"publish","type":"post","link":"https:\/\/grandepremio.com\/br\/formula-e\/formula-e-garante-abertura-de-2021-com-rodada-dupla-noturna-na-arabia-saudita\/","title":{"rendered":"F\u00f3rmula E garante abertura de 2021 com rodada dupla noturna na Ar\u00e1bia Saudita"},"content":{"rendered":"\n<figure class=\"wp-block-embed is-type-video is-provider-youtube wp-block-embed-youtube wp-embed-aspect-16-9 wp-has-aspect-ratio\"><div class=\"wp-block-embed__wrapper\">\n<iframe loading=\"lazy\" title=\"O que esperar de ALONSO no retorno \u00e0 F\u00d3RMULA 1 em 2021? | GP \u00e0s 10\" width=\"500\" height=\"281\" src=\"https:\/\/www.youtube.com\/embed\/8XKzrtxZpHw?feature=oembed\" frameborder=\"0\" allow=\"accelerometer; autoplay; clipboard-write; encrypted-media; gyroscope; picture-in-picture; web-share\" referrerpolicy=\"strict-origin-when-cross-origin\" allowfullscreen><\/iframe>\n<\/div><\/figure>\n\n\n\n<p class=\"wp-block-paragraph\">A temporada 2021 da F\u00f3rmula E tem data para come\u00e7ar: <strong><a href=\"https:\/\/www.grandepremio.com\/br\/formula-e\/noticias\/formula-e-anuncia-corridas-noturnas-em-rodada-dupla-da-arabia-saudita-em-fevereiro\/\">nos dias 26 e 27 de fevereiro, a categoria de carros el\u00e9tricos vai para Diriyah<\/a><\/strong>, na Ar\u00e1bia Saudita, para uma rodada dupla &#8211; e noturna.<\/p>\n\n\n\n<p class=\"wp-block-paragraph\">A confirma\u00e7\u00e3o veio nesta ter\u00e7a-feira (5), com an\u00fancio via redes sociais. A Ar\u00e1bia Saudita receberia a F\u00f3rmula E, no calend\u00e1rio original, em novembro, mas a pandemia de Covid-19 mudou os planos.<\/p>\n\n\n\n<p class=\"wp-block-paragraph\"><strong>Conhe\u00e7a o canal do Grande Pr\u00eamio no YouTube! Clique\u00a0<a rel=\"noreferrer noopener\" href=\"https:\/\/youtube.com\/GrandePremioTV\" target=\"_blank\">aqui<\/a>.<br>Siga o Grande Pr\u00eamio no\u00a0<a rel=\"noreferrer noopener\" href=\"https:\/\/twitter.com\/grandepremio\" target=\"_blank\">Twitter\u00a0<\/a>e no\u00a0<a rel=\"noreferrer noopener\" href=\"https:\/\/instagram.com\/grandepremio\" target=\"_blank\">Instagram<\/a>!<\/strong><\/p>\n\n\n\n<figure class=\"wp-block-image size-large\"><img decoding=\"async\" src=\"https:\/\/www.grandepremio.com\/br\/wp-content\/uploads\/2019\/11\/20191122152699_FEAD1_DMa.jpg\" alt=\"\" class=\"wp-image-355227\"\/><figcaption>A F\u00f3rmula E corre de noite em Diriyah em 2021 (Foto: Virgin)<\/figcaption><\/figure>\n\n\n\n<p class=\"wp-block-paragraph\">No mesmo calend\u00e1rio, o pa\u00eds do Oriente M\u00e9dio aparecia como a abertura da temporada. Depois do adiamento, Santiago passou a ser o primeiro palco, mas a cidade chilena tamb\u00e9m teve sua data alterada. A suspens\u00e3o de voos do Reino Unido impediu que <strong><a href=\"https:\/\/www.grandepremio.com\/br\/formula-e\/noticias\/formula-e-adia-rodada-dupla-de-santiago-apos-suspensao-de-voos-do-reino-unido\/\">etapa de Santiago acontecesse neste m\u00eas de janeiro, nos dias 16 e 17<\/a><\/strong>. O Chile n\u00e3o tem, ainda, uma nova data para receber a FE.<\/p>\n\n\n\n<p class=\"wp-block-paragraph\">J\u00e1 a Ar\u00e1bia Saudita se prepara para receber as primeiras corridas noturnas da hist\u00f3ria da categoria. O hor\u00e1rio previsto para a largada no circuito saudita para as duas corridas \u00e9 20h locais (14h de Bras\u00edlia), e a pista ser\u00e1 toda iluminada com l\u00e2mpadas de LED de baixo custo acionadas por energia renov\u00e1vel.<\/p>\n\n\n\n<p class=\"wp-block-paragraph\">Em entrevista ao site brit\u00e2nico The Race, Alberto Longo, CEO adjunto da F\u00f3rmula E, disse que a chave para a confirma\u00e7\u00e3o da etapa de abertura da temporada 2021 em Diriyah foi \u201cuma grande vontade das autoridades locais para sediar a prova. Tamb\u00e9m implementamos um protocolo s\u00f3lido de Covid, que foi obviamente comprovado em Berlim e Val\u00eancia\u201d, falou o dirigente, que citou a rodada s\u00eaxtupla que a categoria dos carros el\u00e9tricos promoveu na Alemanha para fechar a temporada passada e tamb\u00e9m as atividades de pr\u00e9-temporada o circuito Ricardo Tormo, no fim de 2020.<\/p>\n\n\n\n<p class=\"wp-block-paragraph\">\u201cPortanto, a vontade das autoridades locais e com esses protocolos robustos de Covid resultam em podermos dizer com alegria que vamos abrir a s\u00e9tima temporada em Diriyah. Estamos planejando fazer um evento com VIPs e tamb\u00e9m um evento com o p\u00fablico. Portanto, h\u00e1 o que chamamos de um evento quase normal que vamos ter na Ar\u00e1bia Saudita, com certa quantidade de p\u00fablico, mas n\u00e3o um evento totalmente normal\u201d, disse.<\/p>\n\n\n\n<figure class=\"wp-block-image size-large\"><img decoding=\"async\" src=\"https:\/\/www.grandepremio.com\/br\/wp-content\/uploads\/2019\/04\/20181215124499_012_DMa.jpg\" alt=\"\" class=\"wp-image-369170\"\/><figcaption>Ant\u00f3nio F\u00e9lix da Costa levou a FE em 2020 (Foto: FE)<\/figcaption><\/figure>\n\n\n\n<p class=\"wp-block-paragraph\">Para o Dakar, a organiza\u00e7\u00e3o do evento (Amaury Sport Organisation) montou uma estrat\u00e9gia de guerra para assegurar a realiza\u00e7\u00e3o da edi\u00e7\u00e3o 2021 na Ar\u00e1bia Saudita. Pilotos, navegadores, membros das equipes de apoio e imprensa embarcaram rumo a Jed\u00e1, palco da abertura do rali, em avi\u00f5es fretados pela empresa que promove a competi\u00e7\u00e3o. Tudo para tentar manter algum isolamento e evitar o cont\u00e1gio pelo novo coronav\u00edrus.<\/p>\n\n\n\n<p class=\"wp-block-paragraph\">A F\u00f3rmula E, depois da Ar\u00e1bia Saudita, se programa para correr na It\u00e1lia, em Roma, no dia 10 de abril. No mesmo m\u00eas, Paris tem etapa marcada para o dia 24. M\u00f4naco, Seul, Berlim, Nova York e Londres tamb\u00e9m t\u00eam dias certos no calend\u00e1rio, enquanto Sanya, Cidade do M\u00e9xico e a j\u00e1 citada Santiago aguardam remarca\u00e7\u00e3o.<\/p>\n\n\n\n<figure class=\"wp-block-embed is-type-video is-provider-youtube wp-block-embed-youtube wp-embed-aspect-16-9 wp-has-aspect-ratio\"><div class=\"wp-block-embed__wrapper\">\n<iframe loading=\"lazy\" title=\"Com ASTON MARTIN, VETTEL tem chance de RENASCER na F1 em 2021 | GP \u00e0s 10\" width=\"500\" height=\"281\" src=\"https:\/\/www.youtube.com\/embed\/66njl6Sm20w?feature=oembed\" frameborder=\"0\" allow=\"accelerometer; autoplay; clipboard-write; encrypted-media; gyroscope; picture-in-picture; web-share\" referrerpolicy=\"strict-origin-when-cross-origin\" allowfullscreen><\/iframe>\n<\/div><\/figure>\n","protected":false},"excerpt":{"rendered":"<p>A F\u00f3rmula E confirmou nesta ter\u00e7a-feira que a Ar\u00e1bia Saudita abre o calend\u00e1rio da categoria em 2021 no pr\u00f3ximo m\u00eas de fevereiro, no dias 26 e 27<\/p>\n","protected":false},"author":0,"featured_media":1000437995,"comment_status":"closed","ping_status":"closed","sticky":false,"template":"","format":"standard","meta":{"42wp_featured_image_caption":"","42wp_featured_image_credits":"","42wp_featured_video":"","42wp_featured_image_hidden":false,"42wp_authors_list":[],"footnotes":""},"categories":[19],"tags":[25074,24893,379,195,840,194,2077],"42wp_author":[47129],"class_list":["post-124109","post","type-post","status-publish","format-standard","has-post-thumbnail","hentry","category-formula-e","tag-arabia-saudita-2","tag-calendario","tag-fe","tag-fe-2020","tag-formula-e","tag-formula-e-2020","tag-rodada-dupla","42wp_author-felipe-noronha"],"_links":{"self":[{"href":"https:\/\/grandepremio.com\/br\/wp-json\/wp\/v2\/posts\/124109","targetHints":{"allow":["GET"]}}],"collection":[{"href":"https:\/\/grandepremio.com\/br\/wp-json\/wp\/v2\/posts"}],"about":[{"href":"https:\/\/grandepremio.com\/br\/wp-json\/wp\/v2\/types\/post"}],"replies":[{"embeddable":true,"href":"https:\/\/grandepremio.com\/br\/wp-json\/wp\/v2\/comments?post=124109"}],"version-history":[{"count":0,"href":"https:\/\/grandepremio.com\/br\/wp-json\/wp\/v2\/posts\/124109\/revisions"}],"wp:featuredmedia":[{"embeddable":true,"href":"https:\/\/grandepremio.com\/br\/wp-json\/wp\/v2\/media\/1000437995"}],"wp:attachment":[{"href":"https:\/\/grandepremio.com\/br\/wp-json\/wp\/v2\/media?parent=124109"}],"wp:term":[{"taxonomy":"category","embeddable":true,"href":"https:\/\/grandepremio.com\/br\/wp-json\/wp\/v2\/categories?post=124109"},{"taxonomy":"post_tag","embeddable":true,"href":"https:\/\/grandepremio.com\/br\/wp-json\/wp\/v2\/tags?post=124109"},{"taxonomy":"42wp_author","embeddable":true,"href":"https:\/\/grandepremio.com\/br\/wp-json\/wp\/v2\/42wp_author?post=124109"}],"curies":[{"name":"wp","href":"https:\/\/api.w.org\/{rel}","templated":true}]}}