{"id":124119,"date":"2021-01-04T17:42:46","date_gmt":"2021-01-04T20:42:46","guid":{"rendered":"https:\/\/grandepremio.com\/br\/noticias\/f1-ja-trabalha-com-adiamento-do-gp-da-australia-e-estreia-da-temporada-2021-no-bahrein\/"},"modified":"2021-01-04T17:42:50","modified_gmt":"2021-01-04T20:42:50","slug":"f1-ja-trabalha-com-adiamento-do-gp-da-australia-e-estreia-da-temporada-2021-no-bahrein","status":"publish","type":"post","link":"https:\/\/grandepremio.com\/br\/f1\/f1-ja-trabalha-com-adiamento-do-gp-da-australia-e-estreia-da-temporada-2021-no-bahrein\/","title":{"rendered":"F1 j\u00e1 trabalha com adiamento do GP da Austr\u00e1lia e estreia da temporada 2021 no Bahrein"},"content":{"rendered":"\n<p class=\"wp-block-paragraph\">O calend\u00e1rio de 2021 da F\u00f3rmula 1 come\u00e7a a sofrer os primeiros impactos pela pandemia de Covid-19. O GP da Austr\u00e1lia, esperado para abrir a temporada no dia 21 de mar\u00e7o, deve ser adiado por conta das medidas de quarentena de Melbourne, for\u00e7ando o in\u00edcio do campeonato na semana seguinte, no Bahrein. A informa\u00e7\u00e3o \u00e9 da emissora inglesa Sky Sports.<\/p>\n\n\n\n<p class=\"wp-block-paragraph\">Melbourne, sede do circuito Albert Park, se prepara para receber o Australian Open, de t\u00eanis, em fevereiro, <a href=\"https:\/\/www.grandepremio.com\/br\/f1\/noticias\/por-restricoes-da-pandemia-abertura-da-f1-2021-na-australia-fica-em-xeque\/\">e o governo local determinou quarentena<\/a> de 14 dias para qualquer pessoa que desembarque na Austr\u00e1lia. A restri\u00e7\u00e3o torna a corrida de F\u00f3rmula 1 invi\u00e1vel, j\u00e1 que for\u00e7aria pilotos e equipes a viajarem tr\u00eas semanas antes da corrida, batendo com a pr\u00e9-temporada, que acontece entre os dias 2 e 4 de mar\u00e7o.<\/p>\n\n\n\n<p class=\"wp-block-paragraph\">O GP da Austr\u00e1lia de 2020 foi cancelado minutos antes do hor\u00e1rio previsto para o in\u00edcio do treino livre. A not\u00edcia sobre o resultado positivo para Covid-19 de um funcion\u00e1rio da\u00a0<a href=\"https:\/\/www.grandepremio.com\/br\/equipe\/f1\/2020\/mclaren-racing\/\" target=\"_blank\" rel=\"noreferrer noopener\">McLaren<\/a>\u00a0acendeu o sinal de alerta da F\u00f3rmula 1. Al\u00e9m da escuderia brit\u00e2nica, que j\u00e1 havia se retirado da corrida, outras seis equipes \u2014 Mercedes, Ferrari, Haas, Alfa Romeo, Williams e Renault \u2014 decidiram n\u00e3o correr, enquanto Red Bull, AlphaTauri e\u00a0<a href=\"https:\/\/www.grandepremio.com\/br\/equipe\/f1\/2020\/racing-point-f1-team\/\" target=\"_blank\" rel=\"noreferrer noopener\">Racing Point<\/a>\u00a0foram votos vencidos.<\/p>\n\n\n\n<figure class=\"wp-block-image size-large\"><img decoding=\"async\" src=\"https:\/\/www.grandepremio.com\/br\/wp-content\/uploads\/2020\/12\/renault-danielricciardo-03-1-1024x683.jpg\" alt=\"\" class=\"wp-image-440311\"\/><figcaption>Bahrein se prepara para receber abertura da temporada (Foto: Renault)<\/figcaption><\/figure>\n\n\n\n<p class=\"wp-block-paragraph\"><strong>Conhe\u00e7a o canal do Grande Pr\u00eamio no YouTube! Clique\u00a0<a href=\"https:\/\/youtube.com\/GrandePremioTV\" target=\"_blank\" rel=\"noreferrer noopener\">aqui<\/a>.<br>Siga o Grande Pr\u00eamio no\u00a0<a href=\"https:\/\/twitter.com\/grandepremio\" target=\"_blank\" rel=\"noreferrer noopener\">Twitter\u00a0<\/a>e no\u00a0<a href=\"https:\/\/instagram.com\/grandepremio\" target=\"_blank\" rel=\"noreferrer noopener\">Instagram<\/a>!<\/strong><\/p>\n\n\n\n<p class=\"wp-block-paragraph\">Al\u00e9m da etapa oce\u00e2nica, os GPs do Vietn\u00e3, China, Holanda, M\u00f4naco, Azerbaij\u00e3o, Canad\u00e1, Fran\u00e7a, Singapura, Jap\u00e3o, Estados Unidos, M\u00e9xico e Brasil tamb\u00e9m foram cancelados por efeito da pandemia.<\/p>\n\n\n\n<p class=\"wp-block-paragraph\">O Bahrein deve abrir o campeonato, assim como em 2006 e 2010. O circuito de Sakhir recebeu duas das tr\u00eas corridas finais de 2020, enquanto o GP da Austr\u00e1lia ser\u00e1 inicialmente realocado para uma data futura, o que \u00e9 um problema para a categoria, j\u00e1 que o segundo semestre est\u00e1 congestionado e com diversas corridas consecutivas. A F\u00f3rmula 1 planejou um calend\u00e1rio recorde de 23 etapas.<\/p>\n\n\n\n<p class=\"wp-block-paragraph\">Outra inc\u00f3gnita no calend\u00e1rio \u00e9 sobre a etapa do dia 25 de abril. Em tese, a data receberia o GP do Vietn\u00e3, que foi por \u00e1gua abaixo ainda no ano passado com a pris\u00e3o de Nguyen Duc Chung, membro do governo de Han\u00f3i, por corrup\u00e7\u00e3o. Segundo informa\u00e7\u00e3o do site Motorsport Week, \u00cdmola, na It\u00e1lia, \u00e9 a pra\u00e7a favorita a ocupar a data. O hist\u00f3rico circuito recebeu o GP da Em\u00edlia-Romanha em 2020.<\/p>\n\n\n\n<p class=\"wp-block-paragraph\">A reportagem tamb\u00e9m aponta que o GP da China, marcado para 11 de abril, tamb\u00e9m corre risco de n\u00e3o acontecer na data esperada.<\/p>\n\n\n\n<figure class=\"wp-block-embed is-type-video is-provider-youtube wp-block-embed-youtube wp-embed-aspect-16-9 wp-has-aspect-ratio\"><div class=\"wp-block-embed__wrapper\">\n<iframe loading=\"lazy\" title=\"F1 2021 com 23 corridas: OTIMISMO DEMAIS? | GP \u00e0s 10\" width=\"500\" height=\"281\" src=\"https:\/\/www.youtube.com\/embed\/yUMFqiROa_c?feature=oembed\" frameborder=\"0\" allow=\"accelerometer; autoplay; clipboard-write; encrypted-media; gyroscope; picture-in-picture; web-share\" referrerpolicy=\"strict-origin-when-cross-origin\" allowfullscreen><\/iframe>\n<\/div><\/figure>\n","protected":false},"excerpt":{"rendered":"<p>Quarentena obrigat\u00f3ria para toda pessoa que desembarca na Austr\u00e1lia \u00e9 empecilho gigante e deve impedir F\u00f3rmula 1 de iniciar temporada 2021 no pa\u00eds<\/p>\n","protected":false},"author":0,"featured_media":1000434633,"comment_status":"closed","ping_status":"closed","sticky":false,"template":"","format":"standard","meta":{"42wp_featured_image_caption":"","42wp_featured_image_credits":"","42wp_featured_video":"","42wp_featured_image_hidden":false,"42wp_authors_list":[],"footnotes":""},"categories":[2],"tags":[24893,24858,156,24837,25536,25260,1754],"42wp_author":[47119],"class_list":["post-124119","post","type-post","status-publish","format-standard","has-post-thumbnail","hentry","category-f1","tag-calendario","tag-covid-19","tag-f1-2021","tag-formula-1-2","tag-formula-1-2021-2","tag-gp-da-australia-2","tag-gp-do-bahrein","42wp_author-gabriel-carvalho"],"_links":{"self":[{"href":"https:\/\/grandepremio.com\/br\/wp-json\/wp\/v2\/posts\/124119","targetHints":{"allow":["GET"]}}],"collection":[{"href":"https:\/\/grandepremio.com\/br\/wp-json\/wp\/v2\/posts"}],"about":[{"href":"https:\/\/grandepremio.com\/br\/wp-json\/wp\/v2\/types\/post"}],"replies":[{"embeddable":true,"href":"https:\/\/grandepremio.com\/br\/wp-json\/wp\/v2\/comments?post=124119"}],"version-history":[{"count":0,"href":"https:\/\/grandepremio.com\/br\/wp-json\/wp\/v2\/posts\/124119\/revisions"}],"wp:featuredmedia":[{"embeddable":true,"href":"https:\/\/grandepremio.com\/br\/wp-json\/wp\/v2\/media\/1000434633"}],"wp:attachment":[{"href":"https:\/\/grandepremio.com\/br\/wp-json\/wp\/v2\/media?parent=124119"}],"wp:term":[{"taxonomy":"category","embeddable":true,"href":"https:\/\/grandepremio.com\/br\/wp-json\/wp\/v2\/categories?post=124119"},{"taxonomy":"post_tag","embeddable":true,"href":"https:\/\/grandepremio.com\/br\/wp-json\/wp\/v2\/tags?post=124119"},{"taxonomy":"42wp_author","embeddable":true,"href":"https:\/\/grandepremio.com\/br\/wp-json\/wp\/v2\/42wp_author?post=124119"}],"curies":[{"name":"wp","href":"https:\/\/api.w.org\/{rel}","templated":true}]}}