{"id":124140,"date":"2021-01-03T12:59:32","date_gmt":"2021-01-03T15:59:32","guid":{"rendered":"https:\/\/grandepremio.com\/br\/noticias\/reinaldo-varela-supera-pneu-furado-e-fecha-primeiro-estagio-do-dakar-na-lideranca-dos-utvs\/"},"modified":"2021-01-03T16:20:00","modified_gmt":"2021-01-03T19:20:00","slug":"reinaldo-varela-supera-pneu-furado-e-fecha-primeiro-estagio-do-dakar-na-lideranca-dos-utvs","status":"publish","type":"post","link":"https:\/\/grandepremio.com\/br\/rally\/reinaldo-varela-supera-pneu-furado-e-fecha-primeiro-estagio-do-dakar-na-lideranca-dos-utvs\/","title":{"rendered":"Varela supera pneu furado e fecha primeiro est\u00e1gio do Dakar na lideran\u00e7a dos UTVs"},"content":{"rendered":"\n<figure class=\"wp-block-embed is-type-video is-provider-youtube wp-block-embed-youtube wp-embed-aspect-16-9 wp-has-aspect-ratio\"><div class=\"wp-block-embed__wrapper\">\n<iframe loading=\"lazy\" title=\"RUSSELL, Gasly, Ocon e ALBON: o que a nova gera\u00e7\u00e3o da F1 precisa \u00e9 tempo | GP \u00e0s 10\" width=\"500\" height=\"281\" src=\"https:\/\/www.youtube.com\/embed\/zNTa92eeePs?feature=oembed\" frameborder=\"0\" allow=\"accelerometer; autoplay; clipboard-write; encrypted-media; gyroscope; picture-in-picture; web-share\" referrerpolicy=\"strict-origin-when-cross-origin\" allowfullscreen><\/iframe>\n<\/div><\/figure>\n\n\n\n<p class=\"wp-block-paragraph\"><strong>1\u00aa etapa \u2013 Jed\u00e1 \u2013 Bisha<\/strong><br>Trecho de especial: 227 km<br>Deslocamentos: 395 km<br>Trecho total: 622 km<\/p>\n\n\n\n<p class=\"wp-block-paragraph\">O domingo (3) reserva o primeiro est\u00e1gio de longa dura\u00e7\u00e3o do Dakar 2021, e j\u00e1 com brasileiro liderando. Competindo de UTV, subcategoria da classe de ve\u00edculos leves, Reinaldo Varela ultrapassou Austin Jones para tomar a primeira coloca\u00e7\u00e3o.<\/p>\n\n\n\n<p class=\"wp-block-paragraph\">Varela largou atr\u00e1s de Jones ap\u00f3s perder disputa apertada no pr\u00f3logo. Ao fim dos mais de 200 km de disputa, o brasileiro j\u00e1 tinha 28s de vantagem sobre o americano. Francisco L\u00f3pez Contardo, Gerard Farr\u00e9s e Sergei Kariakin completaram o top-5. Estes dois \u00faltimos, entretanto, j\u00e1 aparecem com um d\u00e9ficit consider\u00e1vel, respectivamente de 2min21s e 4min16s na compara\u00e7\u00e3o com o brasileiro.<\/p>\n\n\n\n<p class=\"wp-block-paragraph\">O resultado de Varela na abertura do Dakar fica ainda mais impressionante quando se lembra um grande contratempo: o brasileiro teve um pneu furado ainda nos primeiros quil\u00f4metros do dia.<\/p>\n\n\n\n<figure class=\"wp-block-image size-large\"><img decoding=\"async\" src=\"https:\/\/www.grandepremio.com\/br\/wp-content\/uploads\/2021\/01\/387842_960370_404_victoreleuterio_001994_31979__1_-1024x682.jpg\" alt=\"\" class=\"wp-image-444712\"\/><figcaption>Reinaldo Varela superou adversidades (Foto: Victor Eleuterio\/Fotop)<\/figcaption><\/figure>\n\n\n\n<p class=\"wp-block-paragraph\">\u201cEm um trecho rochoso pegamos uma pedra que rasgou o pneu traseiro direito e nos obrigou a parar com apenas 10km de corrida\u201d, contou Varela, recordando o dia no Dakar. \u201cFizemos a troca bem r\u00e1pido, mas enquanto isso vimos o pessoal nos ultrapassando. Foi um sufoco, n\u00e3o est\u00e1vamos acreditando no que estava acontecendo. Depois, tivemos que manter a calma e ir passando o pessoal um a um, sempre com cuidado para n\u00e3o furar outro pneu\u201d, seguiu.<\/p>\n\n\n\n<p class=\"wp-block-paragraph\">Na classifica\u00e7\u00e3o geral dos prot\u00f3tipos leves, entretanto, Varela \u00e9 segundo colocado. \u00c9 que Cristina Gutierrez, andando de prot\u00f3tipo leve, foi a mais r\u00e1pida do dia: a pilota espanhola derrotou Varela por 1min55s. Al\u00e9m disso, na compara\u00e7\u00e3o direta com outros pilotos de prot\u00f3tipos leves, a vantagem j\u00e1 \u00e9 grande: s\u00e3o 16min34s sobre Josef Mach\u00e1\u010dek, rival mais pr\u00f3ximo.<\/p>\n\n\n\n<p class=\"wp-block-paragraph\">A vit\u00f3ria geral nos ve\u00edculos leves poderia muito bem ter ficado com Kris Meeke. O brit\u00e2nico liderou a primeira metade das atividades, mas foi acometido por uma grande infelicidade: em um incidente que ainda n\u00e3o foi completamente esclarecido, o pneu estepe pegou fogo e causou danos s\u00e9rios ao sistema eletr\u00f4nico do carro. A poss\u00edvel vit\u00f3ria no est\u00e1gio foi trocada por um guincho at\u00e9 a linha de chegada, representando um golpe dos mais duros \u00e0s chances de sequer um bom resultado para o veterano do Mundial de Rali.<\/p>\n\n\n\n<p class=\"wp-block-paragraph\"><strong>ATUALIZA\u00c7\u00c3O:<\/strong> Pouco ap\u00f3s o fim da etapa, Varela e Justo foram punidos por passarem em zona de radar em velocidade acima do permitido. Com isso, receberam soma de 1min ao tempo do dia e ca\u00edram para a quinta coloca\u00e7\u00e3o geral na competi\u00e7\u00e3o de ve\u00edculos leves &#8211; quarto nos UTVs. Guti\u00e9rrez manteve a vit\u00f3ria nos ve\u00edculos leves, com Austin Jones levando nos UTVs.<\/p>\n\n\n\n<h2 class=\"wp-block-heading\">Dakar 2021, Ve\u00edculos leves, Classifica\u00e7\u00e3o geral ap\u00f3s 1\u00ba especial:<\/h2>\n\n\n\n<figure class=\"wp-block-table\"><table><tbody><tr><td>1<\/td><td>C GUTI\u00c9RREZ HERRERO<br>F CAZALET<\/td><td>TEAM USA<\/td><td>&nbsp;<\/td><td>3:47:57<\/td><td>&nbsp;<\/td><\/tr><tr><\/tr><tr><td>2<\/td><td>A JONES<br>G GUGELMIN<\/td><td>CAN-AM<\/td><td>&nbsp;<\/td><td>3:49:38<\/td><td>0:01:41<\/td><\/tr><tr><\/tr><tr><td>3<\/td><td>F L\u00d3PEZ CONTARDO<br>J.P LATRACH VINAGRE<\/td><td>SOUTH RACING<\/td><td>&nbsp;<\/td><td>3:50:23<\/td><td>0:02:26<\/td><\/tr><tr><\/tr><tr><td>4<\/td><td>A DOMZALA<br>M MARTON<\/td><td>CAN-AM<\/td><td>&nbsp;<\/td><td>3:50:28<\/td><td>0:02:31<\/td><\/tr><tr><\/tr><tr><td>5<\/td><td>R VARELA<br>M JUSTO<\/td><td>CAN-AM<\/td><td>&nbsp;<\/td><td>3:50:31<\/td><td>0:02:34<\/td><\/tr><tr><\/tr><tr><td>6<\/td><td>G FARR\u00c9S GUELL<br>A MONLEON<\/td><td>CAN-AM<\/td><td>&nbsp;<\/td><td>3:52:27<\/td><td>0:04:30<\/td><\/tr><tr><\/tr><tr><td>7<\/td><td>S KARIAKIN<br>A VLASIUK<\/td><td>SNAG<\/td><td>&nbsp;<\/td><td>3:53:35<\/td><td>0:05:38<\/td><\/tr><tr><\/tr><tr><td>8<\/td><td>J.A HINOJO L\u00d3PEZ<br>D ORTEGA GIL<\/td><td>HIBOR PAID<\/td><td>&nbsp;<\/td><td>3:55:19<\/td><td>0:07:22<\/td><\/tr><tr><\/tr><tr><td>9<\/td><td>S NAVARRO<br>M SOLA TERRADELLAS<\/td><td>FN SPEED<\/td><td>&nbsp;<\/td><td>4:00:43<\/td><td>0:12:46<\/td><\/tr><tr><\/tr><tr><td>10<\/td><td>S ALSAIF<br>O VIDAL MONTIJANO<\/td><td>FN SPEED &#8211; BLACK HORSE<\/td><td>&nbsp;<\/td><td>4:04:47<\/td><td>0:16:50<\/td><\/tr><tr><\/tr><\/tbody><\/table><\/figure>\n\n\n\n<p class=\"wp-block-paragraph\"><strong>Conhe\u00e7a o canal do Grande Pr\u00eamio no YouTube! Clique&nbsp;<a rel=\"noreferrer noopener\" href=\"https:\/\/youtube.com\/GrandePremioTV\" target=\"_blank\">aqui<\/a>.<br>Siga o Grande Pr\u00eamio no&nbsp;<a rel=\"noreferrer noopener\" href=\"https:\/\/twitter.com\/grandepremio\" target=\"_blank\">Twitter&nbsp;<\/a>e no&nbsp;<a rel=\"noreferrer noopener\" href=\"https:\/\/instagram.com\/grandepremio\" target=\"_blank\">Instagram<\/a>!<\/strong><\/p>\n\n\n\n<p class=\"wp-block-paragraph\"><strong>+++&nbsp;<a href=\"https:\/\/www.grandepremio.com\/br\/rali\/noticias\/com-figuras-carimbadas-na-arabia-saudita-dakar-abre-calendario-2021-do-automobilismo\/\">Com figur\u00f5es na Ar\u00e1bia Saudita, Dakar abre 2021 do automobilismo<\/a><\/strong><\/p>\n\n\n\n<figure class=\"wp-block-embed is-type-video is-provider-youtube wp-block-embed-youtube wp-embed-aspect-16-9 wp-has-aspect-ratio\"><div class=\"wp-block-embed__wrapper\">\n<iframe loading=\"lazy\" title=\"Com HAMILTON &amp;apos;hors concours&amp;apos;, quem fez o TOP-5 da F1 2020? | GP \u00e0s 10\" width=\"500\" height=\"281\" src=\"https:\/\/www.youtube.com\/embed\/bDLfJYHZFyE?feature=oembed\" frameborder=\"0\" allow=\"accelerometer; autoplay; clipboard-write; encrypted-media; gyroscope; picture-in-picture; web-share\" referrerpolicy=\"strict-origin-when-cross-origin\" allowfullscreen><\/iframe>\n<\/div><\/figure>\n","protected":false},"excerpt":{"rendered":"<p>Reinaldo Varela teve um pneu furado ainda nos primeiros quil\u00f4metros, mas foi o mais r\u00e1pido dentre os UTVs e segundo na classifica\u00e7\u00e3o geral de ve\u00edculos leves, atr\u00e1s de Cristina Guti\u00e9rrez<\/p>\n","protected":false},"author":0,"featured_media":1000444711,"comment_status":"closed","ping_status":"closed","sticky":false,"template":"","format":"standard","meta":{"42wp_featured_image_caption":"","42wp_featured_image_credits":"","42wp_featured_video":"","42wp_featured_image_hidden":false,"42wp_authors_list":[],"footnotes":""},"categories":[5],"tags":[783,618,236],"42wp_author":[47118],"class_list":["post-124140","post","type-post","status-publish","format-standard","has-post-thumbnail","hentry","category-rally","tag-brasil","tag-rali-dakar","tag-reinaldo-varela","42wp_author-vitor-fazio"],"_links":{"self":[{"href":"https:\/\/grandepremio.com\/br\/wp-json\/wp\/v2\/posts\/124140","targetHints":{"allow":["GET"]}}],"collection":[{"href":"https:\/\/grandepremio.com\/br\/wp-json\/wp\/v2\/posts"}],"about":[{"href":"https:\/\/grandepremio.com\/br\/wp-json\/wp\/v2\/types\/post"}],"replies":[{"embeddable":true,"href":"https:\/\/grandepremio.com\/br\/wp-json\/wp\/v2\/comments?post=124140"}],"version-history":[{"count":0,"href":"https:\/\/grandepremio.com\/br\/wp-json\/wp\/v2\/posts\/124140\/revisions"}],"wp:featuredmedia":[{"embeddable":true,"href":"https:\/\/grandepremio.com\/br\/wp-json\/wp\/v2\/media\/1000444711"}],"wp:attachment":[{"href":"https:\/\/grandepremio.com\/br\/wp-json\/wp\/v2\/media?parent=124140"}],"wp:term":[{"taxonomy":"category","embeddable":true,"href":"https:\/\/grandepremio.com\/br\/wp-json\/wp\/v2\/categories?post=124140"},{"taxonomy":"post_tag","embeddable":true,"href":"https:\/\/grandepremio.com\/br\/wp-json\/wp\/v2\/tags?post=124140"},{"taxonomy":"42wp_author","embeddable":true,"href":"https:\/\/grandepremio.com\/br\/wp-json\/wp\/v2\/42wp_author?post=124140"}],"curies":[{"name":"wp","href":"https:\/\/api.w.org\/{rel}","templated":true}]}}