{"id":124143,"date":"2021-01-03T10:00:00","date_gmt":"2021-01-03T13:00:00","guid":{"rendered":"https:\/\/grandepremio.com\/br\/noticias\/com-lewis-hamilton-hors-concours-quem-fez-top5-f1-2020\/"},"modified":"2021-01-02T13:54:39","modified_gmt":"2021-01-02T16:54:39","slug":"com-lewis-hamilton-hors-concours-quem-fez-top5-f1-2020","status":"publish","type":"post","link":"https:\/\/grandepremio.com\/br\/f1\/com-lewis-hamilton-hors-concours-quem-fez-top5-f1-2020\/","title":{"rendered":"GP \u00e0s 10: Com Hamilton &#8216;hors concours&#8217;, quem fez o top-5 da F1 2020?"},"content":{"rendered":"\n<figure class=\"wp-block-embed is-type-rich is-provider-incorporar-manipulador wp-block-embed-incorporar-manipulador wp-embed-aspect-16-9 wp-has-aspect-ratio\"><div class=\"wp-block-embed__wrapper\">\n<iframe loading=\"lazy\" title=\"Com HAMILTON &amp;apos;hors concours&amp;apos;, quem fez o TOP-5 da F1 2020? | GP \u00e0s 10\" width=\"500\" height=\"281\" src=\"https:\/\/www.youtube.com\/embed\/bDLfJYHZFyE?feature=oembed\" frameborder=\"0\" allow=\"accelerometer; autoplay; clipboard-write; encrypted-media; gyroscope; picture-in-picture; web-share\" referrerpolicy=\"strict-origin-when-cross-origin\" allowfullscreen><\/iframe>\n<\/div><\/figure>\n\n\n\n<p class=\"wp-block-paragraph\">A temporada 2020 da F\u00f3rmula 1 reservou momentos que ficam marcados e separou grandes jornadas de alguns pilotos em espec\u00edfico. Alguns viveram altos e baixos, tiveram brilharecos, mas um grupo espec\u00edfico acabou por se destacar do pelot\u00e3o. O GP \u00e0s 10 de hoje, com Victor Martins e Pedro Henrique Marum, destaca este top-5.<\/p>\n\n\n\n<p class=\"wp-block-paragraph\">E nenhum deles \u00e9 Lewis Hamilton. N\u00e3o porque o heptacampe\u00e3o n\u00e3o seja um dos cinco melhores pilotos do ano, \u00e9 evidente que foi o melhor de todos e o principal nome do grid. Mas porque Hamilton est\u00e1 t\u00e3o \u00e0 frente no momento que nem vale a pena compar\u00e1-lo.<\/p>\n\n\n\n<p class=\"wp-block-paragraph\">O processo de escolha dos cinco primeiros colocados na lista usou a matem\u00e1tica do Ranking GP e, desta forma, o top-5 foi definido pelas m\u00e9dias que alcan\u00e7aram ao largo da temporada 2020, n\u00e3o apenas por algumas corridas ou por um final que tenha se destacado. Tamb\u00e9m saiu da disputa Nico H\u00fclkenberg, que teve m\u00e9dia alta, mas andou somente em tr\u00eas fins de semana do ano.<\/p>\n\n\n\n<p class=\"wp-block-paragraph\">No grupo, est\u00e3o o futuro dos canecos e gente que conquistou p\u00f3dio e vit\u00f3rias. N\u00e3o est\u00e1, por exemplo, o vice-campe\u00e3o mundial Valtteri Bottas. Mas voc\u00ea vai saber melhor do que se trata ao dar play no v\u00eddeo.<\/p>\n\n\n\n<p class=\"wp-block-paragraph\"><strong>Conhe\u00e7a o canal do Grande Pr\u00eamio no YouTube! Clique\u00a0<a rel=\"noreferrer noopener\" href=\"https:\/\/youtube.com\/GrandePremioTV\" target=\"_blank\">aqui<\/a>.<br>Siga o Grande Pr\u00eamio no\u00a0<a rel=\"noreferrer noopener\" href=\"https:\/\/twitter.com\/grandepremio\" target=\"_blank\">Twitter\u00a0<\/a>e no\u00a0<a rel=\"noreferrer noopener\" href=\"https:\/\/instagram.com\/grandepremio\" target=\"_blank\">Instagram<\/a>!<\/strong><br><strong>As <a href=\"https:\/\/www.grandepremio.com\/br\/f1\/noticias\/gp-as-10-as-cinco-imagens-que-marcaram-a-temporada-2020-da-formula-1\/\">cinco imagens<\/a> que marcaram a temporada 2020 da F1<\/strong><\/p>\n\n\n","protected":false},"excerpt":{"rendered":"<p>O ano foi de Lewis Hamilton, isso \u00e9 evidente. Mas tirando o hepta e excluindo as notas de quem andou pouco, como Nico H\u00fclkenberg, qual o top-5 de melhores do ano de acordo com a avalia\u00e7\u00e3o do GRANDE PR\u00caMIO? Victor Martins e Pedro Henrique Marum debatem<\/p>\n","protected":false},"author":0,"featured_media":1000444667,"comment_status":"closed","ping_status":"closed","sticky":false,"template":"","format":"standard","meta":{"42wp_featured_image_caption":"","42wp_featured_image_credits":"","42wp_featured_video":"","42wp_featured_image_hidden":false,"42wp_authors_list":[],"footnotes":""},"categories":[2],"tags":[546,211,118,24860,203,570,676,24863,486],"42wp_author":[47120],"class_list":["post-124143","post","type-post","status-publish","format-standard","has-post-thumbnail","hentry","category-f1","tag-carlos-sainz","tag-daniel-ricciardo","tag-f1-2020","tag-formula-1-2020-2","tag-max-verstappen","tag-pedro-henrique-marum","tag-pierre-gasly","tag-sergio-perez-2","tag-victor-martins","42wp_author-pedro-henrique-marum"],"_links":{"self":[{"href":"https:\/\/grandepremio.com\/br\/wp-json\/wp\/v2\/posts\/124143","targetHints":{"allow":["GET"]}}],"collection":[{"href":"https:\/\/grandepremio.com\/br\/wp-json\/wp\/v2\/posts"}],"about":[{"href":"https:\/\/grandepremio.com\/br\/wp-json\/wp\/v2\/types\/post"}],"replies":[{"embeddable":true,"href":"https:\/\/grandepremio.com\/br\/wp-json\/wp\/v2\/comments?post=124143"}],"version-history":[{"count":0,"href":"https:\/\/grandepremio.com\/br\/wp-json\/wp\/v2\/posts\/124143\/revisions"}],"wp:featuredmedia":[{"embeddable":true,"href":"https:\/\/grandepremio.com\/br\/wp-json\/wp\/v2\/media\/1000444667"}],"wp:attachment":[{"href":"https:\/\/grandepremio.com\/br\/wp-json\/wp\/v2\/media?parent=124143"}],"wp:term":[{"taxonomy":"category","embeddable":true,"href":"https:\/\/grandepremio.com\/br\/wp-json\/wp\/v2\/categories?post=124143"},{"taxonomy":"post_tag","embeddable":true,"href":"https:\/\/grandepremio.com\/br\/wp-json\/wp\/v2\/tags?post=124143"},{"taxonomy":"42wp_author","embeddable":true,"href":"https:\/\/grandepremio.com\/br\/wp-json\/wp\/v2\/42wp_author?post=124143"}],"curies":[{"name":"wp","href":"https:\/\/api.w.org\/{rel}","templated":true}]}}