{"id":124144,"date":"2021-01-03T09:00:57","date_gmt":"2021-01-03T12:00:57","guid":{"rendered":"https:\/\/grandepremio.com\/br\/noticias\/fittipaldi-fala-em-2020-doido-e-diz-que-perseveranca-foi-tudo-para-estrear-na-f1\/"},"modified":"2021-01-03T09:01:02","modified_gmt":"2021-01-03T12:01:02","slug":"fittipaldi-fala-em-2020-doido-e-diz-que-perseveranca-foi-tudo-para-estrear-na-f1","status":"publish","type":"post","link":"https:\/\/grandepremio.com\/br\/f1\/fittipaldi-fala-em-2020-doido-e-diz-que-perseveranca-foi-tudo-para-estrear-na-f1\/","title":{"rendered":"Fittipaldi fala em 2020 doido e diz que &#8220;perseveran\u00e7a foi tudo&#8221; para estrear na F1"},"content":{"rendered":"\n<p class=\"wp-block-paragraph\">Pietro Fittipaldi aproveitou o in\u00edcio de 2021 para fazer um balan\u00e7o do \u00faltimo ano e de sua estreia na F\u00f3rmula 1. O piloto tentou focar no positivo que passou em 2020 e comentou do sonho realizado de poder estrear na principal categoria do automobilismo.<\/p>\n\n\n\n<p class=\"wp-block-paragraph\">A chance de poder sentar no carro da Haas chegou no final do ano para o competidor nascido em Miami. Ap\u00f3s o assustador acidente sofrido por Romain Grosjean no GP do Bahrein, a equipe norte-americana <a href=\"https:\/\/www.grandepremio.com\/br\/f1\/noticias\/haas-confirma-fittipaldi-no-lugar-de-grosjean-em-sakhir-e-brasil-volta-a-ter-piloto-na-f1\/\">convocou o brasileiro para assumir o lugar do franc\u00eas nas duas \u00faltimas etapas do calend\u00e1rio.<\/a><\/p>\n\n\n\n<p class=\"wp-block-paragraph\">Com a estreia na F1, Pietro colocou o Brasil de volta ao grid ap\u00f3s tr\u00eas anos de aus\u00eancia. Ainda, se tornou o 32\u00ba piloto tupiniquim na categoria, al\u00e9m de <a href=\"https:\/\/www.grandepremio.com\/br\/f1\/noticias\/primeiro-neto-e-familia-recordista-as-marcas-alcancadas-com-fittipaldi-na-haas\/\">ter sido o quarto membro da fam\u00edlia Fittipaldi no certame<\/a> e o primeiro neto de ex-piloto.<\/p>\n\n\n\n<figure class=\"wp-block-image size-large\"><img decoding=\"async\" src=\"https:\/\/www.grandepremio.com\/br\/wp-content\/uploads\/2020\/12\/haas-pietrofittipaldi-02-3-1024x683.jpg\" alt=\"\" class=\"wp-image-441666\"\/><figcaption>Pietro Fittipaldi exaltou a estreia na F\u00f3rmula 1 (Foto: Haas)<\/figcaption><\/figure>\n\n\n\n<p class=\"wp-block-paragraph\"><strong>Conhe\u00e7a o canal do Grande Pr\u00eamio no YouTube! Clique\u00a0<a rel=\"noreferrer noopener\" href=\"https:\/\/youtube.com\/GrandePremioTV\" target=\"_blank\">aqui<\/a>.<br>Siga o Grande Pr\u00eamio no\u00a0<a rel=\"noreferrer noopener\" href=\"https:\/\/twitter.com\/grandepremio\" target=\"_blank\">Twitter\u00a0<\/a>e no\u00a0<a rel=\"noreferrer noopener\" href=\"https:\/\/instagram.com\/grandepremio\" target=\"_blank\">Instagram<\/a>!<\/strong><\/p>\n\n\n\n<p class=\"wp-block-paragraph\">\u201cQue ano doido foi 2020, um ano que acredito que todos aprendemos a aproveitar as pequenas coisas muito mais. Um ano que cresci como pessoa, fiz \u00f3timos amigos ao longo do ano e passei muito mais tempo com minha fam\u00edlia, o que amei\u201d, escreveu em seu Twitter.<\/p>\n\n\n\n<p class=\"wp-block-paragraph\">\u201cTive a chance de correr na F\u00f3rmula 1, algo que sonho desde quando era crian\u00e7a. E isso me ensinou muito. Perseveran\u00e7a \u00e9 muito importante, nunca deve desistir. Sempre tem de insistir e pensar positivo mesmo nos tempos mais dif\u00edceis, o que \u00e9 f\u00e1cil dizer, mas dif\u00edcil fazer\u201d, continuou.<\/p>\n\n\n\n<p class=\"wp-block-paragraph\">\u201cAgrade\u00e7o a todos que me apoiaram ao longo desde ano e desejar um feliz ano novo com muita sa\u00fade. Em 2021 vamos continuar acelerando\u201d, concluiu o neto do duas vezes campe\u00e3o Emerson.<\/p>\n\n\n\n<p class=\"wp-block-paragraph\">Nas duas etapas que disputou, os GPs de Sakhir e Abu Dhabi, Pietro terminou em 17\u00ba e 19\u00ba, respectivamente. Como compara\u00e7\u00e3o, Kevin Magnussen foi 15\u00ba e 18\u00ba nas corridas. <a href=\"https:\/\/www.grandepremio.com\/br\/f1\/noticias\/haas-elogia-e-diz-que-pietro-fittipaldi-mostrou-que-pode-fazer-bom-trabalho-na-formula-1\/\">Apesar de ter elogiado o desempenho do brasileiro<\/a>, G\u00fcnther Steiner, chefe da Haas, <a href=\"https:\/\/www.grandepremio.com\/br\/f1\/noticias\/chefe-da-haas-admite-futuro-incerto-de-pietro-fittipaldi-na-formula-1-nao-sei-para-onde-vai\/\">reconheceu que n\u00e3o sabe qual o futuro do piloto na F1.<\/a><\/p>\n\n\n\n<figure class=\"wp-block-embed is-provider-youtube wp-block-embed-youtube\"><div class=\"wp-block-embed__wrapper\">\n<iframe loading=\"lazy\" title=\"De DRUGOVICH a PETECOF: o que esperar dos brasileiros a caminho da F1? | GP \u00e0s 10\" width=\"500\" height=\"281\" src=\"https:\/\/www.youtube.com\/embed\/5PVbKL0cGTM?feature=oembed\" frameborder=\"0\" allow=\"accelerometer; autoplay; clipboard-write; encrypted-media; gyroscope; picture-in-picture; web-share\" referrerpolicy=\"strict-origin-when-cross-origin\" allowfullscreen><\/iframe>\n<\/div><\/figure>\n","protected":false},"excerpt":{"rendered":"<p>O brasileiro aproveitou para fazer um balan\u00e7o do ano que passou e dentro os pontos positivos, exaltou sua participa\u00e7\u00e3o em duas corridas da categoria<\/p>\n","protected":false},"author":0,"featured_media":1000441818,"comment_status":"closed","ping_status":"closed","sticky":false,"template":"","format":"standard","meta":{"42wp_featured_image_caption":"","42wp_featured_image_credits":"","42wp_featured_video":"","42wp_featured_image_hidden":false,"42wp_authors_list":[],"footnotes":""},"categories":[2],"tags":[147,156,24837,25536,119,27004,27003,408],"42wp_author":[47123],"class_list":["post-124144","post","type-post","status-publish","format-standard","has-post-thumbnail","hentry","category-f1","tag-f1","tag-f1-2021","tag-formula-1-2","tag-formula-1-2021-2","tag-haas","tag-horario-f1-2021","tag-horario-formula-1-2021","tag-pietro-fittipaldi","42wp_author-nathalia-de-vivo"],"_links":{"self":[{"href":"https:\/\/grandepremio.com\/br\/wp-json\/wp\/v2\/posts\/124144","targetHints":{"allow":["GET"]}}],"collection":[{"href":"https:\/\/grandepremio.com\/br\/wp-json\/wp\/v2\/posts"}],"about":[{"href":"https:\/\/grandepremio.com\/br\/wp-json\/wp\/v2\/types\/post"}],"replies":[{"embeddable":true,"href":"https:\/\/grandepremio.com\/br\/wp-json\/wp\/v2\/comments?post=124144"}],"version-history":[{"count":0,"href":"https:\/\/grandepremio.com\/br\/wp-json\/wp\/v2\/posts\/124144\/revisions"}],"wp:featuredmedia":[{"embeddable":true,"href":"https:\/\/grandepremio.com\/br\/wp-json\/wp\/v2\/media\/1000441818"}],"wp:attachment":[{"href":"https:\/\/grandepremio.com\/br\/wp-json\/wp\/v2\/media?parent=124144"}],"wp:term":[{"taxonomy":"category","embeddable":true,"href":"https:\/\/grandepremio.com\/br\/wp-json\/wp\/v2\/categories?post=124144"},{"taxonomy":"post_tag","embeddable":true,"href":"https:\/\/grandepremio.com\/br\/wp-json\/wp\/v2\/tags?post=124144"},{"taxonomy":"42wp_author","embeddable":true,"href":"https:\/\/grandepremio.com\/br\/wp-json\/wp\/v2\/42wp_author?post=124144"}],"curies":[{"name":"wp","href":"https:\/\/api.w.org\/{rel}","templated":true}]}}