{"id":12415,"date":"2026-02-04T16:17:06","date_gmt":"2026-02-04T19:17:06","guid":{"rendered":"https:\/\/grandepremio.com\/br\/noticias\/mitch-evans-quebra-recorde-nissan-paga-norman-nato-quem-sai-ep-de-miami-alta-baixa\/"},"modified":"2026-02-04T16:19:57","modified_gmt":"2026-02-04T19:19:57","slug":"mitch-evans-quebra-recorde-nissan-paga-norman-nato-quem-sai-ep-de-miami-alta-baixa","status":"publish","type":"post","link":"https:\/\/grandepremio.com\/br\/formula-e\/mitch-evans-quebra-recorde-nissan-paga-norman-nato-quem-sai-ep-de-miami-alta-baixa\/","title":{"rendered":"Evans quebra recorde, Nissan paga por Nato: quem sai do eP de Miami em alta e em baixa"},"content":{"rendered":"\n<p class=\"wp-block-paragraph\">O <strong>eP de Miami<\/strong>, <a href=\"https:\/\/www.grandepremio.com\/br\/formula-e\/noticias\/mitch-evans-bate-porsche-miami-vence-15a-vez-formula-e-felipe-drugovich-18o\/\">disputado no \u00faltimo s\u00e1bado (31)<\/a>, marcou um ponto de virada na temporada 2025\/26 da <strong>F\u00f3rmula E<\/strong>. Em uma corrida marcada por disputas diretas e consequ\u00eancias relevantes para o campeonato, alguns nomes aproveitaram a oportunidade para mudar o rumo do ano, enquanto outros deixaram os <strong>Estados Unidos<\/strong> com motivos claros para preocupa\u00e7\u00e3o.<\/p>\n\n\n\n<p class=\"wp-block-paragraph\">A prova na Fl\u00f3rida teve peso simb\u00f3lico e pr\u00e1tico. Al\u00e9m de redefinir lideran\u00e7as hist\u00f3ricas, com <a href=\"https:\/\/www.grandepremio.com\/br\/formula-e\/noticias\/mitch-evans-supera-sebastien-buemi-torna-maior-vencedor-formula-e-triunfo-miami\/\"><strong>Mitch Evans<\/strong> se tornando o maior vencedor da hist\u00f3ria da categoria<\/a>, tamb\u00e9m separou quem faz um bom in\u00edcio de campeonato e pode sonhar com mais de quem segue n\u00e3o conseguindo entregar resultados e j\u00e1 desenha uma temporada decepcionante, como <strong>Dan Ticktum<\/strong> e <strong>Taylor Barnard<\/strong>.<\/p>\n\n\n\n<p class=\"wp-block-paragraph\">O desempenho coletivo das equipes tamb\u00e9m falou alto. <strong>Jaguar <\/strong>e <strong>Porsche<\/strong> finalmente mostraram for\u00e7a ap\u00f3s iniciarem abaixo das pr\u00f3prias expectativas \u2014 por motivos diferentes \u2014, enquanto a <strong>Nissan <\/strong>j\u00e1 come\u00e7a a sentir o pre\u00e7o de apostar na perman\u00eancia de <strong>Norman Nato,<\/strong> que segue sem justificar a confian\u00e7a recebida.<\/p>\n\n\n\n<p class=\"wp-block-paragraph\">Com isso, o eP de Miami deixou claros os contrastes da temporada at\u00e9 aqui. Entre altas que refor\u00e7am status, valorizam nomes no mercado e reacendem disputas por t\u00edtulos, e baixas que exigem rea\u00e7\u00e3o imediata, o <strong>GRANDE PR\u00caMIO<\/strong> separou quem saiu fortalecido e quem volta para casa pressionado ap\u00f3s mais uma etapa da F\u00f3rmula E.<\/p>\n\n\n\n<figure class=\"wp-block-image size-large\"><img decoding=\"async\" src=\"https:\/\/www.grandepremio.com\/br\/wp-content\/uploads\/2026\/02\/2259283955-2048x2048-1-1200x800.jpg\" alt=\"\" class=\"wp-image-1054743\"\/><figcaption class=\"wp-element-caption\">Mitch Evans se tornou maior vencedor da hist\u00f3ria e provou que ainda pode ser campe\u00e3o (Foto: F\u00f3rmula E)<\/figcaption><\/figure>\n\n\n\n<h2 class=\"wp-block-heading\" id=\"h-quem-sai-do-ep-de-miami-em-alta\">Quem sai do eP de Miami em Alta<\/h2>\n\n\n\n<h2 class=\"wp-block-heading\" id=\"h-mitch-evans\"><strong>Mitch Evans<\/strong><\/h2>\n\n\n\n<p class=\"wp-block-paragraph\">O triunfo de Evans em Miami foi muito representativo. N\u00e3o apenas por ser o primeiro da temporada 2025\/26 ap\u00f3s duas etapas sem sequer pontuar, mas tamb\u00e9m por colocar o neozeland\u00eas como maior vencedor da hist\u00f3ria da F\u00f3rmula E. A marca n\u00e3o \u00e9 definitiva, j\u00e1 que <strong>S\u00e9bastien Buemi<\/strong> \u2014 segundo na lista \u2014 segue em atividade e pode tranquilamente empatar ou at\u00e9 passar novamente. Mas certamente refor\u00e7a a import\u00e2ncia do piloto da <strong>Jaguar <\/strong>na categoria el\u00e9trica, j\u00e1 que por vezes fica ofuscado por n\u00e3o ser campe\u00e3o mundial. Al\u00e9m disso, o contrato com a equipe brit\u00e2nica se encerra ao fim do atual campeonato e a renova\u00e7\u00e3o ainda n\u00e3o foi acertada. Ent\u00e3o, todo resultado expressivo aumenta o poder de barganha de Evans na negocia\u00e7\u00e3o e as chances de se manter em uma equipe competitiva na <strong>Gen4<\/strong>.<\/p>\n\n\n\n<h2 class=\"wp-block-heading\" id=\"h-joel-eriksson\"><strong>Joel Eriksson<\/strong><\/h2>\n\n\n\n<p class=\"wp-block-paragraph\">Apesar de n\u00e3o ser, oficialmente, novato por ter disputado corridas como substituto em anos anteriores, <strong>Joel Eriksson<\/strong> disputa a primeira temporada como titular na F\u00f3rmula E. A <strong>Envision <\/strong>passa longe de ser uma das for\u00e7as do campeonato, mas as performances do sueco n\u00e3o podem passar despercebidas. Pontuou em duas das tr\u00eas etapas at\u00e9 aqui \u2014 s\u00f3 n\u00e3o marcou ponto nas tr\u00eas por uma puni\u00e7\u00e3o de 10s que o tirou do top-10 na <strong>Cidade do M\u00e9xico<\/strong>. Al\u00e9m disso, superou Buemi \u2014 que, como citado anteriormente, \u00e9 um dos maiores vencedores da hist\u00f3ria da F\u00f3rmula E \u2014 em todas as provas e quase subiu ao p\u00f3dio pela primeira vez com o quarto lugar em Miami. Se mantiver o n\u00edvel de atua\u00e7\u00e3o, pode ser a melhor surpresa do campeonato e se colocar como alvo de equipes de ponta que pensem em mexer na dupla de pilotos \u2014 falaremos de um forte candidato mais \u00e0 frente.<\/p>\n\n\n\n<h2 class=\"wp-block-heading\" id=\"h-jaguar\"><strong>Jaguar<\/strong><\/h2>\n\n\n\n<p class=\"wp-block-paragraph\">A temporada 2025\/26 finalmente come\u00e7ou para a Jaguar. Ap\u00f3s duas etapas em que viu tanto Evans quanto <strong>Ant\u00f3nio F\u00e9lix da Costa<\/strong> se envolverem em incidentes que arruinaram as chances de pontuar, o time brit\u00e2nico conquistou a primeira vit\u00f3ria no ano. E s\u00f3 n\u00e3o brigou fortemente por um p\u00f3dio duplo gra\u00e7as \u00e0 <a href=\"https:\/\/www.grandepremio.com\/br\/video\/formula-e\/felipe-drugovich-erra-ponto-freada-acerta-traseira-antonio-felix-da-costa-ep-miami\/\">batida de <strong>Felipe Drugovich<\/strong> na traseira do portugu\u00eas<\/a> \u2014 esse, sim, segue na mar\u00e9 de azar \u2014, que ainda assim conseguiu salvar alguns pontos. O ritmo sempre esteve l\u00e1, e o time brit\u00e2nico precisou apenas de uma oportunidade para mostrar for\u00e7a. Caso a sequ\u00eancia do campeonato prove que a corrida em Miami foi um divisor de \u00e1guas, a Jaguar tem tudo para brigar pelo <strong>Mundial de Equipes<\/strong>.<\/p>\n\n\n\n<h2 class=\"wp-block-heading\" id=\"h-porsche\"><strong>Porsche<\/strong><\/h2>\n\n\n\n<p class=\"wp-block-paragraph\">\u00danica equipe a pontuar com os dois pilotos em rodadas as etapas at\u00e9 aqui, a <strong>Porsche <\/strong>enfim colocou as garras para fora em Miami e mostrou o n\u00edvel de resultado que pode conquistar caso nada jogue contra. Pole-position, briga pela vit\u00f3ria at\u00e9 o fim e p\u00f3dio duplo. A corrida s\u00f3 n\u00e3o foi melhor porque <strong>Nico M\u00fcller<\/strong> deixou o triunfo escapar para Evans. E esse pode ser justamente o calcanhar de Aquiles do time alem\u00e3o. Foi a segunda prova consecutiva que o su\u00ed\u00e7o teve o primeiro lugar nas m\u00e3os, mas n\u00e3o foi capaz de selar o resultado. Em uma temporada que come\u00e7ou entregando a promessa de equil\u00edbrio, cada ponto ser\u00e1 valioso para definir os tr\u00eas Mundiais. Caso M\u00fcller consiga manter a peteca no ar, a Porsche tem tudo para levar as conquistas de <strong>Equipes<\/strong> e <strong>Construtores <\/strong>\u2014 e ainda ajudar <strong>Pascal Wehrlein<\/strong> entre os <strong>Pilotos <\/strong>para completar a &#8220;varrida&#8221;.<\/p>\n\n\n\n<figure class=\"wp-block-image size-large\"><img decoding=\"async\" src=\"https:\/\/www.grandepremio.com\/br\/wp-content\/uploads\/2026\/02\/filters_qualitywebp_formatwebp-2-1200x675.webp\" alt=\"\" class=\"wp-image-1054770\"\/><figcaption class=\"wp-element-caption\">Perman\u00eancia de Norman Nato \u00e9 incompreens\u00edvel, e Nissan come\u00e7a a pagar o pre\u00e7o (Foto: Nissan)<\/figcaption><\/figure>\n\n\n\n<h2 class=\"wp-block-heading\" id=\"h-quem-deixa-o-ep-de-miami-em-baixa\">Quem deixa o eP de Miami em baixa<\/h2>\n\n\n\n<h2 class=\"wp-block-heading\" id=\"h-dan-ticktum\"><strong>Dan Ticktum<\/strong><\/h2>\n\n\n\n<p class=\"wp-block-paragraph\">Para qualquer piloto, seria frustrante iniciar o campeonato com tr\u00eas abandonos. Para algu\u00e9m que viu o nome ligado a uma vaga na Porsche e podia estar tranquilamente na disputa pelo t\u00edtulo \u2014 at\u00e9 mesmo na <strong>Cupra Kiro<\/strong> \u2014, o sabor certamente \u00e9 ainda mais amargo. <strong>Dan Ticktum<\/strong> n\u00e3o teve nenhuma culpa nos incidentes que o tiraram dos ePs de <strong>S\u00e3o Paulo<\/strong> e <strong>Cidade do M\u00e9xico<\/strong>, tampouco no furo de pneu que arruinou a prova em Miami. Ainda assim, o brit\u00e2nico segura a t\u00e3o indesejada lanterna da classifica\u00e7\u00e3o e pode esquecer qualquer ambi\u00e7\u00e3o de ser campe\u00e3o nesta temporada. O que parece restar a Ticktum \u00e9 correr atr\u00e1s do preju\u00edzo na disputa interna com <strong>Pepe Mart\u00ed<\/strong> e acumular atua\u00e7\u00f5es convincentes o bastante para que alguma equipe de topo decida apostar nele apesar da personalidade dif\u00edcil de lidar.<\/p>\n\n\n\n<h2 class=\"wp-block-heading\" id=\"h-taylor-barnard\"><strong>Taylor Barnard<\/strong><\/h2>\n\n\n\n<p class=\"wp-block-paragraph\">Quem tamb\u00e9m tem vida complicada at\u00e9 aqui \u00e9 <strong>Taylor Barnard<\/strong>. <a href=\"https:\/\/www.grandepremio.com\/br\/formula-e\/noticias\/taylor-barnard-esbanja-confianca-ve-briga-titulo-nao-ha-razao-ficar-fora\/\">O brit\u00e2nico chegou ao eP de S\u00e3o Paulo falando em brigar pelo t\u00edtulo<\/a>, mas em nada lembra o furac\u00e3o que espantou a F\u00f3rmula E com tr\u00eas p\u00f3dios nas primeiras quatro corridas na \u00faltima temporada. Bem verdade que trocar de equipe sempre carrega desafios \u2014 ainda mais quando envolve tamb\u00e9m se adaptar a um novo trem de for\u00e7a. Mas considerando que a <strong>DS Penske<\/strong> venceu duas corridas e terminou o Mundial de Equipes melhor colocada que a <strong>McLaren <\/strong>em 2024\/25, \u00e9 ineg\u00e1vel que esse foi um passo \u00e0 frente. E n\u00e3o h\u00e1 transfer\u00eancia que justifique o erro na Cidade do M\u00e9xico, quando perdeu tempo ao n\u00e3o passar por toda a zona de ativa\u00e7\u00e3o do Modo Ataque na reta final da corrida e ficar fora da briga pela vit\u00f3ria. Ap\u00f3s mais uma prova em que passou totalmente despercebido em Miami \u2014 como j\u00e1 havia acontecido no Brasil \u2014, Barnard j\u00e1 se v\u00ea quase 30 pontos atr\u00e1s de Cassidy no campeonato e precisa de uma sequ\u00eancia de resultados altamente improv\u00e1vel para concretizar a meta estabelecida no <strong>Anhembi<\/strong>.<\/p>\n\n\n\n<h2 class=\"wp-block-heading\" id=\"h-norman-nato\"><strong>Norman Nato<\/strong><\/h2>\n\n\n\n<p class=\"wp-block-paragraph\">Mais uma vez, <strong>Norman Nato<\/strong> mostrou ser o elo fraco da <strong>Nissan<\/strong>. Miami foi uma das raras vezes em que o franc\u00eas superou <strong>Oliver Rowland<\/strong> em classifica\u00e7\u00f5es \u2014 curiosamente, pela segunda vez em tr\u00eas etapas, j\u00e1 empatando o total da temporada passada \u2014, mas novamente n\u00e3o foi capaz de entregar um bom resultado quando a equipe precisou dele. Nato largou no oitavo lugar \u2014 enquanto Rowland partiu de 14\u00ba \u2014 e, mesmo em uma pista que j\u00e1 era esperado menos ultrapassagens que nas anteriores, conseguiu ter uma atua\u00e7\u00e3o pat\u00e9tica o bastante para cruzar a linha de chegada em 18\u00ba, uma volta atr\u00e1s do vencedor. A perman\u00eancia para 2025\/26 j\u00e1 foi uma escolha altamente duvidosa por parte da Nissan. E Nato parece fazer quest\u00e3o de, a cada prova, acabar com essa d\u00favida e tornar a decis\u00e3o absurda. Dif\u00edcil imaginar o franc\u00eas permanecendo para a Gen4 \u2014 n\u00e3o s\u00f3 no time japon\u00eas, mas no grid como um todo.<\/p>\n\n\n\n<h2 class=\"wp-block-heading\" id=\"h-nissan\"><strong>Nissan<\/strong><\/h2>\n\n\n\n<p class=\"wp-block-paragraph\">Ningu\u00e9m consegue ser campe\u00e3o do Mundial de Equipes na F\u00f3rmula E com apenas um piloto entregando resultados. A pr\u00f3pria Nissan foi prova disso no ano passado, quando nem mesmo o dom\u00ednio impressionante de Rowland foi o bastante para colocar os nip\u00f4nicos acima do terceiro lugar. Al\u00e9m de n\u00e3o contar com outra campanha fora da curva do brit\u00e2nico \u2014 que j\u00e1 est\u00e1 claro que n\u00e3o acontecer\u00e1 \u2014, ainda paga o pre\u00e7o pelo erro que foi manter Nato. Por isso, a Nissan deixou Miami no quinto lugar, com Envision e Jaguar logo na cola \u2014 e com duplas muito mais equilibradas. Tudo leva a crer que o time da terra do Sol nascente vai passar longe de briga pelo t\u00edtulo desta vez.<\/p>\n\n\n\n<p class=\"wp-block-paragraph\">Com o t\u00e9rmino da perna americana do calend\u00e1rio, a&nbsp;<strong>F\u00f3rmula E<\/strong>&nbsp;agora parte para a&nbsp;<strong>Ar\u00e1bia Saudita<\/strong>, onde realiza a primeira rodada dupla da temporada no&nbsp;<strong>eP de Jed\u00e1<\/strong>, entre os dias&nbsp;<strong>12 e 14 de fevereiro<\/strong>. Emissora oficial no Brasil, o&nbsp;<strong>GRANDE PR\u00caMIO&nbsp;<\/strong>transmite todas as atividades de pista&nbsp;<strong>AO VIVO<\/strong>&nbsp;e&nbsp;<strong>COM IMAGENS<\/strong>&nbsp;no&nbsp;<strong><a href=\"https:\/\/www.youtube.com\/@GrandePremio1\">YouTube<\/a>&nbsp;<\/strong>e na&nbsp;<strong>GPTV<\/strong>.<\/p>\n\n\n\n<p class=\"wp-block-paragraph\">\u25b6\ufe0f&nbsp;<strong>Inscreva-se nos dois canais do GRANDE PR\u00caMIO no YouTube:&nbsp;<a href=\"https:\/\/www.youtube.com\/channel\/UC9OlHEgxoaY6QY6nWPoiqQg?sub_confirmation=1\" target=\"_blank\" rel=\"noreferrer noopener\">GP<\/a>&nbsp;|&nbsp;<a href=\"https:\/\/www.youtube.com\/channel\/UC9csiS6q_C3C0FYhyr1rnFA?sub_confirmation=1\" target=\"_blank\" rel=\"noreferrer noopener\">GP2<\/a><\/strong><\/p>\n\n\n\n<h2 class=\"wp-block-heading\" id=\"h-formula-e-hoje-saiba-aqui-as-noticias-mais-importantes-do-dia\"><strong>F\u00f3rmula E hoje: saiba aqui as not\u00edcias mais importantes do dia<\/strong><\/h2>\n\n\n\n<p class=\"wp-block-paragraph\"><strong>\u25b6\ufe0f&nbsp;<a href=\"https:\/\/www.grandepremio.com\/br\/formula-e\/noticias\/porsche-demonstra-alivio-podio-duplo-miami-finalmente-conseguimos-pontos\/\"><\/a><a href=\"https:\/\/www.grandepremio.com\/br\/formula-e\/noticias\/5-coisas-que-aprendemos-ep-de-miami-formula-e-2025-26\/\"><\/a><a href=\"https:\/\/www.grandepremio.com\/br\/formula-e\/noticias\/ex-formula-1-testa-carro-gen4-formula-e-se-derrete-ganha-vida\/\">Ex-F1 testa carro Gen4 da F\u00f3rmula E e se derrete: \u201cGanha vida\u201d<\/a><br>\u25b6\ufe0f&nbsp;<a href=\"https:\/\/www.grandepremio.com\/br\/formula-e\/noticias\/lucas-di-grassi-fala-progresso-ep-miami-anima-carro-melhor-cada-corrida\/\"><\/a><a href=\"https:\/\/www.grandepremio.com\/br\/formula-e\/noticias\/formula-e-leva-gen3-evo-pista-barcelona-evento-inovacao-conectividade\/\"><\/a><a href=\"https:\/\/www.grandepremio.com\/br\/formula-e\/noticias\/pascal-wehrlein-expoe-irritacao-problemas-porsche-pede-fim-de-semana-limpo\/\"><\/a><a href=\"https:\/\/www.grandepremio.com\/br\/formula-e\/noticias\/pepe-marti-expoe-insatisfacao-aponta-fator-impediu-resultado-melhor-miami\/\">Mart\u00ed exp\u00f5e insatisfa\u00e7\u00e3o e aponta fator que impediu resultado melhor em Miami<\/a><br>\u25b6\ufe0f&nbsp;<a href=\"https:\/\/www.grandepremio.com\/br\/formula-e\/noticias\/oliver-rowland-admite-nissan-errou-estrategia-sair-zerado-ep-miami\/\"><\/a><a href=\"https:\/\/www.grandepremio.com\/br\/formula-e\/noticias\/felipe-drugovich-erra-perde-oportunidade-miami-batida-recorte\/\"><\/a><a href=\"https:\/\/www.grandepremio.com\/br\/formula-e\/noticias\/pepe-marti-expoe-insatisfacao-aponta-fator-impediu-resultado-melhor-miami\/\"><\/a><a href=\"https:\/\/www.grandepremio.com\/br\/formula-e\/noticias\/formula-e-leva-gen3-evo-pista-barcelona-evento-inovacao-conectividade\/\">F\u00f3rmula E leva Gen3 Evo \u00e0 pista de Barcelona em evento de inova\u00e7\u00e3o e conectividade<\/a><\/strong><\/p>\n\n\n\n<figure class=\"wp-block-embed is-type-video is-provider-youtube wp-block-embed-youtube wp-embed-aspect-16-9 wp-has-aspect-ratio\"><div class=\"wp-block-embed__wrapper\">\n<iframe loading=\"lazy\" title=\"\ud83d\udd34eP DE MIAMI: CORRIDA DA F\u00d3RMULA E 2025\/26 AO VIVO COM IMAGENS E DRUGOVICH | 3\u00aa ETAPA\" width=\"500\" height=\"281\" src=\"https:\/\/www.youtube.com\/embed\/_qex4KIdG6Q?feature=oembed\" frameborder=\"0\" allow=\"accelerometer; autoplay; clipboard-write; encrypted-media; gyroscope; picture-in-picture; web-share\" referrerpolicy=\"strict-origin-when-cross-origin\" allowfullscreen><\/iframe>\n<\/div><\/figure>\n","protected":false},"excerpt":{"rendered":"<p>O eP de Miami come\u00e7ou a separar quem \u00e9 quem na temporada 2025\/26 da F\u00f3rmula E. Da vit\u00f3ria hist\u00f3rica de Mitch Evans \u00e0 Nissan colhendo os frutos podres da p\u00e9ssima escolha por Norman Nato, confira quem se destacou positiva e negativamente no Circuito Internacional de Miami<\/p>\n","protected":false},"author":0,"featured_media":1001054752,"comment_status":"closed","ping_status":"closed","sticky":false,"template":"","format":"standard","meta":{"42wp_featured_image_caption":"","42wp_featured_image_credits":"","42wp_featured_video":"","42wp_featured_image_hidden":false,"42wp_authors_list":[],"footnotes":""},"categories":[19],"tags":[25774,28679,6853,41812,985,31465,10437,24173,1024,840,43531,45540,1491,28285,35442,910,7538,90,45747,909,2349,894,1722,965,36219,1194,33769,736,876,32748,43530],"42wp_author":[47164],"class_list":["post-12415","post","type-post","status-publish","format-standard","has-post-thumbnail","hentry","category-formula-e","tag-antonio-felix-da-costa","tag-calendario-formula-e","tag-classificacao-formula-e","tag-cupra-kiro","tag-dan-ticktum","tag-ds-penske","tag-envision","tag-ep-de-miami","tag-felipe-drugovich","tag-formula-e","tag-formula-e-2026","tag-formula-e-hoje","tag-grande-premio","tag-grandepremio","tag-horarios-formula-e","tag-jaguar","tag-joel-eriksson","tag-mclaren","tag-miami-2026","tag-mitch-evans","tag-nico-muller","tag-nissan","tag-norman-nato","tag-oliver-rowland","tag-onde-assistir-formula-e","tag-pascal-wehrlein","tag-pepe-marti","tag-porsche","tag-sebastien-buemi","tag-taylor-barnard","tag-temporada-2026-da-formula-e","42wp_author-marcos-gil-ribeiro"],"_links":{"self":[{"href":"https:\/\/grandepremio.com\/br\/wp-json\/wp\/v2\/posts\/12415","targetHints":{"allow":["GET"]}}],"collection":[{"href":"https:\/\/grandepremio.com\/br\/wp-json\/wp\/v2\/posts"}],"about":[{"href":"https:\/\/grandepremio.com\/br\/wp-json\/wp\/v2\/types\/post"}],"replies":[{"embeddable":true,"href":"https:\/\/grandepremio.com\/br\/wp-json\/wp\/v2\/comments?post=12415"}],"version-history":[{"count":0,"href":"https:\/\/grandepremio.com\/br\/wp-json\/wp\/v2\/posts\/12415\/revisions"}],"wp:featuredmedia":[{"embeddable":true,"href":"https:\/\/grandepremio.com\/br\/wp-json\/wp\/v2\/media\/1001054752"}],"wp:attachment":[{"href":"https:\/\/grandepremio.com\/br\/wp-json\/wp\/v2\/media?parent=12415"}],"wp:term":[{"taxonomy":"category","embeddable":true,"href":"https:\/\/grandepremio.com\/br\/wp-json\/wp\/v2\/categories?post=12415"},{"taxonomy":"post_tag","embeddable":true,"href":"https:\/\/grandepremio.com\/br\/wp-json\/wp\/v2\/tags?post=12415"},{"taxonomy":"42wp_author","embeddable":true,"href":"https:\/\/grandepremio.com\/br\/wp-json\/wp\/v2\/42wp_author?post=12415"}],"curies":[{"name":"wp","href":"https:\/\/api.w.org\/{rel}","templated":true}]}}