{"id":124189,"date":"2020-12-29T09:42:28","date_gmt":"2020-12-29T12:42:28","guid":{"rendered":"https:\/\/grandepremio.com\/br\/noticias\/alex-marquez-ve-marc-cada-vez-mais-animado-e-fala-em-recuperacao-de-3-a-6-meses\/"},"modified":"2020-12-29T09:42:33","modified_gmt":"2020-12-29T12:42:33","slug":"alex-marquez-ve-marc-cada-vez-mais-animado-e-fala-em-recuperacao-de-3-a-6-meses","status":"publish","type":"post","link":"https:\/\/grandepremio.com\/br\/motogp\/alex-marquez-ve-marc-cada-vez-mais-animado-e-fala-em-recuperacao-de-3-a-6-meses\/","title":{"rendered":"\u00c1lex M\u00e1rquez v\u00ea Marc \u201ccada vez mais animado\u201d e fala em recupera\u00e7\u00e3o de 3 a 6 meses"},"content":{"rendered":"\n<p class=\"wp-block-paragraph\">\u00c1lex M\u00e1rquez falou sobre a recupera\u00e7\u00e3o do bra\u00e7o lesionado de Marc. O irm\u00e3o mais novo do cl\u00e3 falou de uma previs\u00e3o do tempo de melhora do \u00famero direito, mas evitou fazer apostas de quando o hexacampe\u00e3o vai voltar \u00e0s pistas.<\/p>\n\n\n\n<p class=\"wp-block-paragraph\">O calv\u00e1rio do competidor da Honda come\u00e7ou no in\u00edcio da temporada 2020. Ainda na primeira etapa do calend\u00e1rio, sofreu um forte acidente quando escalava o pelot\u00e3o e sofreu uma fratura. O espanhol passou por uma primeira cirurgia e tentou voltar j\u00e1 na etapa seguinte, poucos dias mais tarde.<\/p>\n\n\n\n<p class=\"wp-block-paragraph\">Entretanto, por conta do esfor\u00e7o excessivo a placa de tit\u00e2nio foi danificada e uma segunda opera\u00e7\u00e3o foi precisa. Focando totalmente na recupera\u00e7\u00e3o, ficou fora do restante do campeonato e ao final do ano, <a href=\"https:\/\/www.grandepremio.com\/br\/motogp\/noticias\/marc-marquez-passa-por-terceira-cirurgia-e-coloca-temporada-2021-em-xeque\/\">mais uma vez entrou na faca<\/a>. Acontece que no terceiro procedimento <a href=\"https:\/\/www.grandepremio.com\/br\/motogp\/noticias\/marc-marquez-tem-infeccao-e-permanece-no-hospital-apos-terceira-cirurgia-no-braco\/\">foi descoberta uma infec\u00e7\u00e3o<\/a>, o que obrigou o competidor a ficar dez dias internado.<\/p>\n\n\n\n<figure class=\"wp-block-image size-large\"><img decoding=\"async\" src=\"https:\/\/www.grandepremio.com\/br\/wp-content\/uploads\/2020\/12\/CERVERA_OCTOBER__REPSOL_SMALL-78-1024x682.jpg\" alt=\"\" class=\"wp-image-443698\"\/><figcaption>\u00c1lex M\u00e1rquez falou sobre a recupera\u00e7\u00e3o do irm\u00e3o Marc (Foto: Repsol)<\/figcaption><\/figure>\n\n\n\n<p class=\"wp-block-paragraph\"><strong>Conhe\u00e7a o canal do Grande Pr\u00eamio no YouTube! Clique\u00a0<a rel=\"noreferrer noopener\" href=\"https:\/\/youtube.com\/GrandePremioTV\" target=\"_blank\">aqui<\/a>.<br>Siga o Grande Pr\u00eamio no\u00a0<a rel=\"noreferrer noopener\" href=\"https:\/\/twitter.com\/grandepremio\" target=\"_blank\">Twitter\u00a0<\/a>e no\u00a0<a rel=\"noreferrer noopener\" href=\"https:\/\/instagram.com\/grandepremio\" target=\"_blank\">Instagram<\/a>!<\/strong><\/p>\n\n\n\n<p class=\"wp-block-paragraph\">\u201cFaz apenas tr\u00eas semanas de sua opera\u00e7\u00e3o e \u00e9 muito cedo para dizer se vai participar da pr\u00e9-temporada ou vai perder corridas. Os prazos de recupera\u00e7\u00e3o s\u00e3o tr\u00eas meses, mas qualquer pequeno problema pode levar a seis. Tem de ir a passos de beb\u00ea e fazer tudo o que os m\u00e9dicos dizem\u201d, disse o irm\u00e3o mais novo do hexacampe\u00e3o.<\/p>\n\n\n\n<p class=\"wp-block-paragraph\">\u201cMarc est\u00e1 animado, sinceramente. A opera\u00e7\u00e3o foi longa e quando chegou em casa n\u00e3o parecia uma pessoa, posso dizer. Mas est\u00e1 cada vez mais com energia e o mais importante \u00e9 que est\u00e1 tranquilo em sua mente\u201d, concluiu o futuro piloto da LCR.<\/p>\n\n\n\n<p class=\"wp-block-paragraph\">Ao falar sobre todo o processo que tem enfrentado, Marc fez quest\u00e3o de dizer que tudo o que fez ao longo dos meses foi com autoriza\u00e7\u00e3o m\u00e9dica, <a href=\"https:\/\/www.grandepremio.com\/br\/motogp\/noticias\/valente-mas-nao-imprudente-marc-marquez-culpa-medicos-por-erro-em-volta-precoce\/\">inclusive a tentativa de retorno precoce<\/a>. Agora, mirando 2021, <a href=\"https:\/\/www.grandepremio.com\/br\/motogp\/noticias\/marc-marquez-fala-em-voltar-a-motogp-mais-maduro-e-ainda-mais-forte-em-2021\/\">espera voltar um piloto ainda mais forte.<\/a><\/p>\n\n\n\n<figure class=\"wp-block-embed is-type-video is-provider-youtube wp-block-embed-youtube wp-embed-aspect-16-9 wp-has-aspect-ratio\"><div class=\"wp-block-embed__wrapper\">\n<iframe loading=\"lazy\" title=\"Quem foi o MARC M\u00c1RQUEZ de 2020 na MotoGP: MIR ou MORBIDELLI? | GP \u00e0s 10\" width=\"500\" height=\"281\" src=\"https:\/\/www.youtube.com\/embed\/PKU9fHC49Po?feature=oembed\" frameborder=\"0\" allow=\"accelerometer; autoplay; clipboard-write; encrypted-media; gyroscope; picture-in-picture; web-share\" referrerpolicy=\"strict-origin-when-cross-origin\" allowfullscreen><\/iframe>\n<\/div><\/figure>\n","protected":false},"excerpt":{"rendered":"<p>O irm\u00e3o mais novo do hexacampe\u00e3o destacou como o competidor est\u00e1 se sentindo cada vez com mais energia, mas que ainda \u00e9 dif\u00edcil fazer previs\u00f5es sobre seu retorno<\/p>\n","protected":false},"author":0,"featured_media":1000443697,"comment_status":"closed","ping_status":"closed","sticky":false,"template":"","format":"standard","meta":{"42wp_featured_image_caption":"","42wp_featured_image_credits":"","42wp_featured_video":"","42wp_featured_image_hidden":false,"42wp_authors_list":[],"footnotes":""},"categories":[8],"tags":[24996,79,174,78,173,26244,26690,26494],"42wp_author":[47123],"class_list":["post-124189","post","type-post","status-publish","format-standard","has-post-thumbnail","hentry","category-motogp","tag-marc-marquez-2","tag-moto-gp","tag-moto-gp-2020","tag-motogp","tag-motogp-2020","tag-motogp-calendario-2020","tag-pilotos-motogp","tag-transmissao-motogp-2020","42wp_author-nathalia-de-vivo"],"_links":{"self":[{"href":"https:\/\/grandepremio.com\/br\/wp-json\/wp\/v2\/posts\/124189","targetHints":{"allow":["GET"]}}],"collection":[{"href":"https:\/\/grandepremio.com\/br\/wp-json\/wp\/v2\/posts"}],"about":[{"href":"https:\/\/grandepremio.com\/br\/wp-json\/wp\/v2\/types\/post"}],"replies":[{"embeddable":true,"href":"https:\/\/grandepremio.com\/br\/wp-json\/wp\/v2\/comments?post=124189"}],"version-history":[{"count":0,"href":"https:\/\/grandepremio.com\/br\/wp-json\/wp\/v2\/posts\/124189\/revisions"}],"wp:featuredmedia":[{"embeddable":true,"href":"https:\/\/grandepremio.com\/br\/wp-json\/wp\/v2\/media\/1000443697"}],"wp:attachment":[{"href":"https:\/\/grandepremio.com\/br\/wp-json\/wp\/v2\/media?parent=124189"}],"wp:term":[{"taxonomy":"category","embeddable":true,"href":"https:\/\/grandepremio.com\/br\/wp-json\/wp\/v2\/categories?post=124189"},{"taxonomy":"post_tag","embeddable":true,"href":"https:\/\/grandepremio.com\/br\/wp-json\/wp\/v2\/tags?post=124189"},{"taxonomy":"42wp_author","embeddable":true,"href":"https:\/\/grandepremio.com\/br\/wp-json\/wp\/v2\/42wp_author?post=124189"}],"curies":[{"name":"wp","href":"https:\/\/api.w.org\/{rel}","templated":true}]}}