{"id":124200,"date":"2020-12-28T09:39:29","date_gmt":"2020-12-28T12:39:29","guid":{"rendered":"https:\/\/grandepremio.com\/br\/noticias\/carlos-sainz-sai-em-defesa-e-diz-que-ferrari-nao-e-equipe-que-devora-seus-pilotos\/"},"modified":"2020-12-28T09:39:35","modified_gmt":"2020-12-28T12:39:35","slug":"carlos-sainz-sai-em-defesa-e-diz-que-ferrari-nao-e-equipe-que-devora-seus-pilotos","status":"publish","type":"post","link":"https:\/\/grandepremio.com\/br\/f1\/carlos-sainz-sai-em-defesa-e-diz-que-ferrari-nao-e-equipe-que-devora-seus-pilotos\/","title":{"rendered":"Sainz sai em defesa e diz que Ferrari &#8220;n\u00e3o \u00e9 equipe que devora seus pilotos\u201d"},"content":{"rendered":"\n<p class=\"wp-block-paragraph\">Carlos Sainz tratou de defender a Ferrari na maneira em que trata seus pilotos. O espanhol destacou que o time n\u00e3o tem o perfil de que tritura os competidores, destacando os longos per\u00edodos de perman\u00eancia de Sebastian Vettel e Fernando Alonso.<\/p>\n\n\n\n<p class=\"wp-block-paragraph\">O piloto nascido em Madrid chega a casa de Maranello para substituir Sebastian Vettel. Em suas seis temporadas vestindo vermelho, teve uma terceira coloca\u00e7\u00e3o e dois vice-campeonatos como melhores resultados.<\/p>\n\n\n\n<p class=\"wp-block-paragraph\">Entretanto, com o contrato encerrando ao final de 2020, s<a href=\"https:\/\/www.grandepremio.com\/br\/f1\/noticias\/vettel-revela-que-ferrari-sequer-fez-oferta-para-renovacao-de-contrato\/\">equer recebeu uma proposta de renova\u00e7\u00e3o para o pr\u00f3ximo ano<\/a>, chegando a desmentir o discurso de Mattia Binotto de que o coronav\u00edrus foi o principal fator para tal. Mesmo com isso em vista, Carlos n\u00e3o v\u00ea o epis\u00f3dio como um alerta.<\/p>\n\n\n\n<figure class=\"wp-block-image size-large\"><img decoding=\"async\" src=\"https:\/\/www.grandepremio.com\/br\/wp-content\/uploads\/2020\/12\/9531c5ed-fe65-40f8-a3f2-e5e94a649e45-1024x682.jpg\" alt=\"\" class=\"wp-image-443477\"\/><figcaption>Sainz disse que pilotos da Ferrari passam por ciclos na equipe (Foto: Ferrari)<\/figcaption><\/figure>\n\n\n\n<p class=\"wp-block-paragraph\"><strong>Conhe\u00e7a o canal do Grande Pr\u00eamio no YouTube! Clique\u00a0<a rel=\"noreferrer noopener\" href=\"https:\/\/youtube.com\/GrandePremioTV\" target=\"_blank\">aqui<\/a>.<br>Siga o Grande Pr\u00eamio no\u00a0<a rel=\"noreferrer noopener\" href=\"https:\/\/twitter.com\/grandepremio\" target=\"_blank\">Twitter\u00a0<\/a>e no\u00a0<a rel=\"noreferrer noopener\" href=\"https:\/\/instagram.com\/grandepremio\" target=\"_blank\">Instagram<\/a>!<\/strong><\/p>\n\n\n\n<p class=\"wp-block-paragraph\">\u201cA Ferrari n\u00e3o \u00e9 uma equipe que come e devora seus pilotos. Se olhar para a carreira de Vettel, qual piloto n\u00e3o gostaria de passar cinco anos na Ferrari como ele passou? O maior tempo que fiquei em uma equipe foram dois anos, ent\u00e3o, se a Ferrari devora seus pilotos, o que s\u00e3o Renault, Toro Rosso e todas as outras?\u201d, disse.<\/p>\n\n\n\n<p class=\"wp-block-paragraph\">\u201cAlonso tamb\u00e9m passou cinco anos na Ferrari. N\u00e3o me parece um time que devora seus pilotos, mas ciclos. Claro, que ter um ciclo no time, criar um ambiente similar ao da McLaren. J\u00e1 tive experi\u00eancia em criar um time de trabalho e espero que tenha um time igual, similar ou melhor do que a McLaren. Farei o melhor para ter isso\u201d, completou.<\/p>\n\n\n\n<p class=\"wp-block-paragraph\"><a href=\"https:\/\/www.grandepremio.com\/br\/f1\/noticias\/carlos-sainz-visita-maranello-e-faz-primeiro-molde-do-assento-da-ferrari-como-preparacao-para-2021\/\">Sainz j\u00e1 foi pela primeira vez a Maranello<\/a> como piloto oficial, fazendo o primeiro molde do banco. Recebendo o futuro companheiro na f\u00e1brica, <a href=\"https:\/\/www.grandepremio.com\/br\/f1\/noticias\/charles-leclerc-recebe-carlos-sainz-na-ferrari-e-diz-que-tenho-certeza-que-posso-aprender-muito\/\">Charles Leclerc mostrou anima\u00e7\u00e3o em trabalharem juntos<\/a>. Enquanto isso, o chefe do time italiano indicou que o espanhol chega em p\u00e9 de igualdade com o monegasco, <a href=\"https:\/\/www.grandepremio.com\/br\/f1\/noticias\/ferrari-nega-favorecimento-de-charles-leclerc-a-carlos-sainz-em-2021-terao-as-mesmas-oportunidades\/\">sem dar prefer\u00eancia a nenhum dos dois<\/a>.<\/p>\n\n\n\n<figure class=\"wp-block-embed is-type-video is-provider-youtube wp-block-embed-youtube wp-embed-aspect-16-9 wp-has-aspect-ratio\"><div class=\"wp-block-embed__wrapper\">\n<iframe loading=\"lazy\" title=\"F1 2020: os MELHORES e PIORES da temporada, por FLAVIO GOMES | GP \u00e0s 10\" width=\"500\" height=\"281\" src=\"https:\/\/www.youtube.com\/embed\/vlmFjFQCZPU?feature=oembed\" frameborder=\"0\" allow=\"accelerometer; autoplay; clipboard-write; encrypted-media; gyroscope; picture-in-picture; web-share\" referrerpolicy=\"strict-origin-when-cross-origin\" allowfullscreen><\/iframe>\n<\/div><\/figure>\n","protected":false},"excerpt":{"rendered":"<p>O espanhol v\u00ea longos per\u00edodos de Sebastian Vettel e Fernando Alonso como prova de que a escuderia de Maranello prioriza seus pilotos sem &#8216;tritur\u00e1-los&#8217;<\/p>\n","protected":false},"author":0,"featured_media":1000443474,"comment_status":"closed","ping_status":"closed","sticky":false,"template":"","format":"standard","meta":{"42wp_featured_image_caption":"","42wp_featured_image_credits":"","42wp_featured_video":"","42wp_featured_image_hidden":false,"42wp_authors_list":[],"footnotes":""},"categories":[2],"tags":[546,147,118,207,24837,24860,24859,24861],"42wp_author":[47123],"class_list":["post-124200","post","type-post","status-publish","format-standard","has-post-thumbnail","hentry","category-f1","tag-carlos-sainz","tag-f1","tag-f1-2020","tag-ferrari","tag-formula-1-2","tag-formula-1-2020-2","tag-horario-f1-2020","tag-horario-formula-1-2020","42wp_author-nathalia-de-vivo"],"_links":{"self":[{"href":"https:\/\/grandepremio.com\/br\/wp-json\/wp\/v2\/posts\/124200","targetHints":{"allow":["GET"]}}],"collection":[{"href":"https:\/\/grandepremio.com\/br\/wp-json\/wp\/v2\/posts"}],"about":[{"href":"https:\/\/grandepremio.com\/br\/wp-json\/wp\/v2\/types\/post"}],"replies":[{"embeddable":true,"href":"https:\/\/grandepremio.com\/br\/wp-json\/wp\/v2\/comments?post=124200"}],"version-history":[{"count":0,"href":"https:\/\/grandepremio.com\/br\/wp-json\/wp\/v2\/posts\/124200\/revisions"}],"wp:featuredmedia":[{"embeddable":true,"href":"https:\/\/grandepremio.com\/br\/wp-json\/wp\/v2\/media\/1000443474"}],"wp:attachment":[{"href":"https:\/\/grandepremio.com\/br\/wp-json\/wp\/v2\/media?parent=124200"}],"wp:term":[{"taxonomy":"category","embeddable":true,"href":"https:\/\/grandepremio.com\/br\/wp-json\/wp\/v2\/categories?post=124200"},{"taxonomy":"post_tag","embeddable":true,"href":"https:\/\/grandepremio.com\/br\/wp-json\/wp\/v2\/tags?post=124200"},{"taxonomy":"42wp_author","embeddable":true,"href":"https:\/\/grandepremio.com\/br\/wp-json\/wp\/v2\/42wp_author?post=124200"}],"curies":[{"name":"wp","href":"https:\/\/api.w.org\/{rel}","templated":true}]}}