{"id":124252,"date":"2020-12-24T08:45:22","date_gmt":"2020-12-24T11:45:22","guid":{"rendered":"https:\/\/grandepremio.com\/br\/noticias\/mascarado-jorge-lorenzo-solta-voz-show-talentos-televisao-espanhola\/"},"modified":"2020-12-24T08:45:53","modified_gmt":"2020-12-24T11:45:53","slug":"mascarado-jorge-lorenzo-solta-voz-show-talentos-televisao-espanhola","status":"publish","type":"post","link":"https:\/\/grandepremio.com\/br\/motogp\/mascarado-jorge-lorenzo-solta-voz-show-talentos-televisao-espanhola\/","title":{"rendered":"Mascarado, Lorenzo solta voz em show de talentos na televis\u00e3o espanhola"},"content":{"rendered":"\n<p class=\"wp-block-paragraph\">Jorge Lorenzo soltou a voz na TV espanhola. Aposentado da MotoGP, o tricampe\u00e3o participou nas \u00faltimas semanas no programa \u2018The Mask Singer, onde famosos se apresentam fantasiados e v\u00e3o dando pistas da pr\u00f3pria identidade.<\/p>\n\n\n\n<p class=\"wp-block-paragraph\">Fantasiado de corvo, Lorenzo cantou m\u00fasicas de Julio Iglesias, J Balvin, Dire Straits, El Canto del Loco e Jarabe de Palo e, na final, onde a identidade foi revelada, Eros Ramazzotti.<\/p>\n\n\n\n<figure class=\"wp-block-video\"><video class=\"video-js vjs-big-play-centered\" data-gp-vjs=\"1\" controls src=\"https:\/\/www.grandepremio.com\/br\/wp-content\/uploads\/2020\/12\/Lorenzo.mp4\"><\/video><\/figure>\n\n\n\n<p class=\"wp-block-paragraph\"><strong>Conhe\u00e7a o canal do Grande Pr\u00eamio no YouTube! Clique\u00a0<a rel=\"noreferrer noopener\" href=\"https:\/\/youtube.com\/GrandePremioTV\" target=\"_blank\">aqui<\/a>.<br>Siga o Grande Pr\u00eamio no\u00a0<a rel=\"noreferrer noopener\" href=\"https:\/\/twitter.com\/grandepremio\" target=\"_blank\">Twitter\u00a0<\/a>e no\u00a0<a rel=\"noreferrer noopener\" href=\"https:\/\/instagram.com\/grandepremio\" target=\"_blank\">Instagram<\/a>!<\/strong><\/p>\n\n\n\n<p class=\"wp-block-paragraph\">Ao longo das semanas, Lorenzo deixou claro o interesse pela m\u00fasica e contou que n\u00e3o perde a chance de cantar.<\/p>\n\n\n\n<p class=\"wp-block-paragraph\">\u201cSempre cantei bastante bem. N\u00e3o para ser profissional, mas para os karaok\u00ea\u201d, disse Lorenzo, que teve a voz elogiada ao longo da participa\u00e7\u00e3o. \u201cSe me aparece uma oportunidade para cantar, aproveito\u201d, completou.<\/p>\n\n\n\n<p class=\"wp-block-paragraph\">Al\u00e9m de Lorenzo, o programa contou com a participa\u00e7\u00e3o do ator e pol\u00edtico Toni Cant\u00f3, da atriz Genoveva Casanova e da vencedora Paz Vega, atriz.<\/p>\n\n\n\n<p class=\"wp-block-paragraph\">Lorenzo deixou a MotoGP no fim da temporada 2019, <a href=\"https:\/\/www.grandepremio.com\/br\/motogp\/noticias\/em-baixa-na-honda-lorenzo-anuncia-aposentadoria-da-motogp-aos-32-anos\/\" target=\"_blank\" rel=\"noreferrer noopener\">depois de um ano bastante ruim com a Honda<\/a>. Em 2020, atuou como piloto de testes da Yamaha, mas <a href=\"https:\/\/www.grandepremio.com\/br\/motogp\/noticias\/yamaha-encerra-vinculo-com-lorenzo-e-poe-crutchlow-como-piloto-de-testes-em-2021\/\" target=\"_blank\" rel=\"noreferrer noopener\">ser\u00e1 substitu\u00eddo por Cal Crutchlow em 2021<\/a>.<\/p>\n\n\n\n<figure class=\"wp-block-embed is-type-rich is-provider-twitter wp-block-embed-twitter\"><div class=\"wp-block-embed__wrapper\">\n<blockquote class=\"twitter-tweet\" data-width=\"500\" data-dnt=\"true\"><p lang=\"es\" dir=\"ltr\">\u00a1Pues s\u00ed, yo era el CUERVO! \ud83d\ude4b\ud83c\udffc\u200d\u2642\ufe0f\ud83d\ude1c<br><br>Menuda experiencia cantar bajo la m\u00e1scara del cuervo en <a href=\"https:\/\/x.com\/MaskSingerA3?ref_src=twsrc%5Etfw\">@MaskSingerA3<\/a> &#8230; \ud83d\ude05 Orgulloso de haber podido llegar hasta la final. \u270c\ufe0f\ud83e\udd73<a href=\"https:\/\/x.com\/hashtag\/Cuervo?src=hash&amp;ref_src=twsrc%5Etfw\">#Cuervo<\/a> <a href=\"https:\/\/x.com\/hashtag\/MaskSinger?src=hash&amp;ref_src=twsrc%5Etfw\">#MaskSinger<\/a> <a href=\"https:\/\/x.com\/hashtag\/MaskSingerFinal?src=hash&amp;ref_src=twsrc%5Etfw\">#MaskSingerFinal<\/a> <a href=\"https:\/\/x.com\/hashtag\/TheMaskedSinger?src=hash&amp;ref_src=twsrc%5Etfw\">#TheMaskedSinger<\/a> <a href=\"https:\/\/x.com\/hashtag\/Antena3?src=hash&amp;ref_src=twsrc%5Etfw\">#Antena3<\/a> <a href=\"https:\/\/t.co\/POeUXqw8O8\">pic.twitter.com\/POeUXqw8O8<\/a><\/p>&mdash; Jorge Lorenzo (@lorenzo99) <a href=\"https:\/\/x.com\/lorenzo99\/status\/1341893244930678784?ref_src=twsrc%5Etfw\">December 23, 2020<\/a><\/blockquote><script async src=\"https:\/\/platform.x.com\/widgets.js\" charset=\"utf-8\"><\/script>\n<\/div><\/figure>\n\n\n\n<h3 class=\"wp-block-heading\"><strong>Lewis Hamilton tamb\u00e9m j\u00e1 soltou a voz. E com Christina Aguilera<\/strong><\/h3>\n\n\n\n<p class=\"wp-block-paragraph\">Lorenzo n\u00e3o \u00e9 o primeiro atleta do esporte a motor a soltar a voz. Em julho passado, <a href=\"https:\/\/www.grandepremio.com\/br\/f1\/noticias\/com-codinome-xnda-hamilton-revela-parceria-em-musica-com-christina-aguilera\/\" target=\"_blank\" rel=\"noreferrer noopener\">Lewis Hamilton revelou que gravou uma m\u00fasica com Christina Aguilera para um \u00e1lbum \u2018Liberation\u2019<\/a>, lan\u00e7ado em 2018. Com o codinome XNDA, o piloto da Mercedes cantou na m\u00fasica \u2018Pipe\u2019<\/p>\n\n\n\n<p class=\"wp-block-paragraph\">Na ocasi\u00e3o, Hamilton contou que a ideia inicial era revelar a participa\u00e7\u00e3o ap\u00f3s o lan\u00e7amento da m\u00fasica, mas acabou inseguro e manteve o segredo por quase dois anos.<\/p>\n\n\n\n<figure class=\"wp-block-embed is-type-video is-provider-youtube wp-block-embed-youtube wp-embed-aspect-4-3 wp-has-aspect-ratio\"><div class=\"wp-block-embed__wrapper\">\nhttps:\/\/www.youtube.com\/watch?v=HLeeFxDiDKM&#038;feature=emb_logo\n<\/div><\/figure>\n\n\n\n<p class=\"wp-block-paragraph\"><strong>LEIA TAMB\u00c9M<\/strong><br><strong><a href=\"https:\/\/grandepremium.com.br\/lado-a-lado\/motogp\/materias\/inimigo-intimo\/?_gl=1*n9m8w5*_ga*MTQ2Nzc5MzA3OS4xNTkxNDQ2MTc4*_ga_8EWPK1F9S1*MTYwODgwNzU1MC4yODcuMS4xNjA4ODA5MzAzLjU5\" target=\"_blank\" rel=\"noreferrer noopener\">+ Os n\u00fameros e os confrontos diretos entre os companheiros de equipe na MotoGP 2020<\/a><\/strong><\/p>\n\n\n\n<figure class=\"wp-block-embed is-type-video is-provider-youtube wp-block-embed-youtube wp-embed-aspect-16-9 wp-has-aspect-ratio\"><div class=\"wp-block-embed__wrapper\">\n<iframe loading=\"lazy\" title=\"N\u00e3o ter HAMILTON e Marc M\u00c1RQUEZ ajudou no show de F1 e MotoGP? | GP \u00e0s 10\" width=\"500\" height=\"281\" src=\"https:\/\/www.youtube.com\/embed\/45yo--lTEUM?feature=oembed\" frameborder=\"0\" allow=\"accelerometer; autoplay; clipboard-write; encrypted-media; gyroscope; picture-in-picture; web-share\" referrerpolicy=\"strict-origin-when-cross-origin\" allowfullscreen><\/iframe>\n<\/div><\/figure>\n","protected":false},"excerpt":{"rendered":"<p>Vestido de corvo, o tricampe\u00e3o da MotoGP se apresentou no durante semanas no programa musical \u2018The Mask Singer\u2019<\/p>\n","protected":false},"author":0,"featured_media":1000444056,"comment_status":"closed","ping_status":"closed","sticky":false,"template":"","format":"standard","meta":{"42wp_featured_image_caption":"","42wp_featured_image_credits":"","42wp_featured_video":"","42wp_featured_image_hidden":false,"42wp_authors_list":[],"footnotes":""},"categories":[8],"tags":[197,79,174,78,173,26244,26690,26494],"42wp_author":[47113],"class_list":["post-124252","post","type-post","status-publish","format-standard","has-post-thumbnail","hentry","category-motogp","tag-jorge-lorenzo","tag-moto-gp","tag-moto-gp-2020","tag-motogp","tag-motogp-2020","tag-motogp-calendario-2020","tag-pilotos-motogp","tag-transmissao-motogp-2020","42wp_author-juliana-tesser"],"_links":{"self":[{"href":"https:\/\/grandepremio.com\/br\/wp-json\/wp\/v2\/posts\/124252","targetHints":{"allow":["GET"]}}],"collection":[{"href":"https:\/\/grandepremio.com\/br\/wp-json\/wp\/v2\/posts"}],"about":[{"href":"https:\/\/grandepremio.com\/br\/wp-json\/wp\/v2\/types\/post"}],"replies":[{"embeddable":true,"href":"https:\/\/grandepremio.com\/br\/wp-json\/wp\/v2\/comments?post=124252"}],"version-history":[{"count":0,"href":"https:\/\/grandepremio.com\/br\/wp-json\/wp\/v2\/posts\/124252\/revisions"}],"wp:featuredmedia":[{"embeddable":true,"href":"https:\/\/grandepremio.com\/br\/wp-json\/wp\/v2\/media\/1000444056"}],"wp:attachment":[{"href":"https:\/\/grandepremio.com\/br\/wp-json\/wp\/v2\/media?parent=124252"}],"wp:term":[{"taxonomy":"category","embeddable":true,"href":"https:\/\/grandepremio.com\/br\/wp-json\/wp\/v2\/categories?post=124252"},{"taxonomy":"post_tag","embeddable":true,"href":"https:\/\/grandepremio.com\/br\/wp-json\/wp\/v2\/tags?post=124252"},{"taxonomy":"42wp_author","embeddable":true,"href":"https:\/\/grandepremio.com\/br\/wp-json\/wp\/v2\/42wp_author?post=124252"}],"curies":[{"name":"wp","href":"https:\/\/api.w.org\/{rel}","templated":true}]}}