{"id":124261,"date":"2020-12-23T11:28:42","date_gmt":"2020-12-23T14:28:42","guid":{"rendered":"https:\/\/grandepremio.com\/br\/noticias\/aston-martin-deixa-wec-como-equipe-de-fabrica-por-foco-na-formula-1-em-2021\/"},"modified":"2020-12-23T11:28:46","modified_gmt":"2020-12-23T14:28:46","slug":"aston-martin-deixa-wec-como-equipe-de-fabrica-por-foco-na-formula-1-em-2021","status":"publish","type":"post","link":"https:\/\/grandepremio.com\/br\/endurance\/aston-martin-deixa-wec-como-equipe-de-fabrica-por-foco-na-formula-1-em-2021\/","title":{"rendered":"Aston Martin deixa WEC como equipe de f\u00e1brica por foco na F\u00f3rmula 1 em 2021"},"content":{"rendered":"\n<p class=\"wp-block-paragraph\">A Aston Martin anunciou, nesta quarta-feira (23), que deixar\u00e1 de ser uma equipe de f\u00e1brica nas classes GT do Mundial de Endurance. A montadora inglesa est\u00e1 no WEC desde o in\u00edcio do campeonato, em 2012.<\/p>\n\n\n\n<p class=\"wp-block-paragraph\">Com retorno programado \u00e0 F\u00f3rmula 1 como equipe em 2021, a Aston Martin tamb\u00e9m vai focar em apoiar as equipes clientes que correm com os carros da marca em modelos GTE, GT3 e GT4.<\/p>\n\n\n\n<p class=\"wp-block-paragraph\">A decis\u00e3o de encerrar as atividades da f\u00e1brica veio ao fim da \u00faltima temporada, quando Nick Thiim e Marco Sorensen faturaram o t\u00edtulo de pilotos da GTE-Pro. Alex Lynn, Maxime Martin e Harry Tincknell representaram a Aston Martin <a href=\"https:\/\/www.grandepremio.com\/br\/endurance\/noticias\/toyota-8-conta-com-sorte-novamente-e-vence-24-horas-de-le-mans-pela-3a-vez-seguida\/\">na vit\u00f3ria<\/a> das 24 Horas de Le Mans, ajudando no t\u00edtulo das montadoras.<\/p>\n\n\n\n<figure class=\"wp-block-image size-large\"><img decoding=\"async\" src=\"https:\/\/www.grandepremio.com\/br\/wp-content\/uploads\/2020\/12\/2020-le-mans-win-gte-pro-jpg.-1024x683.jpg\" alt=\"\" class=\"wp-image-443987\"\/><figcaption>Aston Martin celebra vit\u00f3ria em Le Mans (Foto: Drew Gibson)<\/figcaption><\/figure>\n\n\n\n<p class=\"wp-block-paragraph\"><strong>Conhe\u00e7a o canal do Grande Pr\u00eamio no YouTube! Clique\u00a0<a href=\"https:\/\/youtube.com\/GrandePremioTV\" target=\"_blank\" rel=\"noreferrer noopener\">aqui<\/a>.<br>Siga o Grande Pr\u00eamio no\u00a0<a href=\"https:\/\/twitter.com\/grandepremio\" target=\"_blank\" rel=\"noreferrer noopener\">Twitter\u00a0<\/a>e no\u00a0<a href=\"https:\/\/instagram.com\/grandepremio\" target=\"_blank\" rel=\"noreferrer noopener\">Instagram<\/a>!<\/strong><\/p>\n\n\n\n<p class=\"wp-block-paragraph\">O foco nos clientes resultou em um acordo plurianual com a Prodrive, que seguir\u00e1 como montadora oficial e distribuidora dos carros Vantage.<\/p>\n\n\n\n<p class=\"wp-block-paragraph\">&#8220;A Vantage provou que tem pedigree de campe\u00e3o em 2020, e em sua variante GTE \u00e9 vencedora das 24 Horas de Le Mans. Agora, com o Vantage GT3, desejamos dar aos nossos parceiros e clientes a melhor oportunidade poss\u00edvel de lutar pela vit\u00f3ria contra nosso rivais mais pr\u00f3ximos nos desafios de endurance mais dif\u00edceis que as corridas de GT t\u00eam a oferecer&#8221;, declarou Tobias Moers, diretor-executivo da Aston Martin.<\/p>\n\n\n\n<p class=\"wp-block-paragraph\">Na F\u00f3rmula 1, a Aston Martin substituir\u00e1 a Racing Point e contar\u00e1 com uma dupla de pilotos formada pelo tetracampe\u00e3o mundial Sebastian Vettel e o canadense Lance Stroll.<\/p>\n\n\n\n<figure class=\"wp-block-embed is-type-video is-provider-youtube wp-block-embed-youtube wp-embed-aspect-16-9 wp-has-aspect-ratio\"><div class=\"wp-block-embed__wrapper\">\n<iframe loading=\"lazy\" title=\"Como RUSSELL, NORRIS e LECLERC conseguiram atrair jovens \u00e0 F1 | GP \u00e0s 10\" width=\"500\" height=\"281\" src=\"https:\/\/www.youtube.com\/embed\/WW3Hrgs9MxA?feature=oembed\" frameborder=\"0\" allow=\"accelerometer; autoplay; clipboard-write; encrypted-media; gyroscope; picture-in-picture; web-share\" referrerpolicy=\"strict-origin-when-cross-origin\" allowfullscreen><\/iframe>\n<\/div><\/figure>\n","protected":false},"excerpt":{"rendered":"<p>Aston Martin vai abastecer clientes no WEC enquanto foca na F\u00f3rmula 1 a partir de 2021. Montadora inglesa estava no campeonato desde a cria\u00e7\u00e3o, em 2012<\/p>\n","protected":false},"author":0,"featured_media":1000443986,"comment_status":"closed","ping_status":"closed","sticky":false,"template":"","format":"standard","meta":{"42wp_featured_image_caption":"","42wp_featured_image_credits":"","42wp_featured_video":"","42wp_featured_image_hidden":false,"42wp_authors_list":[],"footnotes":""},"categories":[18],"tags":[309,156,24837,1239,356,6915],"42wp_author":[47119],"class_list":["post-124261","post","type-post","status-publish","format-standard","has-post-thumbnail","hentry","category-endurance","tag-aston-martin","tag-f1-2021","tag-formula-1-2","tag-gt3","tag-wec","tag-wec-2021","42wp_author-gabriel-carvalho"],"_links":{"self":[{"href":"https:\/\/grandepremio.com\/br\/wp-json\/wp\/v2\/posts\/124261","targetHints":{"allow":["GET"]}}],"collection":[{"href":"https:\/\/grandepremio.com\/br\/wp-json\/wp\/v2\/posts"}],"about":[{"href":"https:\/\/grandepremio.com\/br\/wp-json\/wp\/v2\/types\/post"}],"replies":[{"embeddable":true,"href":"https:\/\/grandepremio.com\/br\/wp-json\/wp\/v2\/comments?post=124261"}],"version-history":[{"count":0,"href":"https:\/\/grandepremio.com\/br\/wp-json\/wp\/v2\/posts\/124261\/revisions"}],"wp:featuredmedia":[{"embeddable":true,"href":"https:\/\/grandepremio.com\/br\/wp-json\/wp\/v2\/media\/1000443986"}],"wp:attachment":[{"href":"https:\/\/grandepremio.com\/br\/wp-json\/wp\/v2\/media?parent=124261"}],"wp:term":[{"taxonomy":"category","embeddable":true,"href":"https:\/\/grandepremio.com\/br\/wp-json\/wp\/v2\/categories?post=124261"},{"taxonomy":"post_tag","embeddable":true,"href":"https:\/\/grandepremio.com\/br\/wp-json\/wp\/v2\/tags?post=124261"},{"taxonomy":"42wp_author","embeddable":true,"href":"https:\/\/grandepremio.com\/br\/wp-json\/wp\/v2\/42wp_author?post=124261"}],"curies":[{"name":"wp","href":"https:\/\/api.w.org\/{rel}","templated":true}]}}