{"id":124282,"date":"2020-12-22T09:23:58","date_gmt":"2020-12-22T12:23:58","guid":{"rendered":"https:\/\/grandepremio.com\/br\/noticias\/yamaha-diz-que-faltou-tempo-e-dinheiro-para-dar-moto-oficial-a-morbidelli-em-2021\/"},"modified":"2020-12-22T09:24:04","modified_gmt":"2020-12-22T12:24:04","slug":"yamaha-diz-que-faltou-tempo-e-dinheiro-para-dar-moto-oficial-a-morbidelli-em-2021","status":"publish","type":"post","link":"https:\/\/grandepremio.com\/br\/motogp\/yamaha-diz-que-faltou-tempo-e-dinheiro-para-dar-moto-oficial-a-morbidelli-em-2021\/","title":{"rendered":"Yamaha diz que faltou tempo e dinheiro para dar moto oficial a Morbidelli em 2021"},"content":{"rendered":"\n<p class=\"wp-block-paragraph\">A Yamaha alegou que faltou tempo e dinheiro para dar a Franco Morbidelli a moto oficial para a temporada 2021 da MotoGP. Apesar do vice-campeonato deste ano, o \u00edtalo-brasileiro seguir\u00e1 atr\u00e1s de Fabio Quartararo, Maverick Vi\u00f1ales e Valentino Rossi em termos de equipamento.<\/p>\n\n\n\n<p class=\"wp-block-paragraph\">Depois de contar com a moto do ano em 2019, Morbidelli viu o status mudar ap\u00f3s ser superado por Quartararo. O franc\u00eas n\u00e3o s\u00f3 conseguiu a melhor YZR-M1 dispon\u00edvel para a SRT Yamaha, mas tamb\u00e9m foi o escolhido pela marca dos tr\u00eas diapas\u00f5es para substituir Rossi no time de f\u00e1brica.<\/p>\n\n\n\n<figure class=\"wp-block-image size-large\"><img decoding=\"async\" src=\"https:\/\/www.grandepremio.com\/br\/wp-content\/uploads\/2020\/11\/50597205001_3177b2d1fd_k-1024x682.jpg\" alt=\"\" class=\"wp-image-435194\"\/><figcaption>Franco Morbidelli n\u00e3o vai ter moto oficial em 2021 (Foto: SRT)<\/figcaption><\/figure>\n\n\n\n<p class=\"wp-block-paragraph\"><strong>Conhe\u00e7a o canal do Grande Pr\u00eamio no\u00a0<a href=\"https:\/\/www.youtube.com\/GrandePremioTV\">YouTube<\/a>.<br>Siga o Grande Pr\u00eamio no\u00a0<a rel=\"noreferrer noopener\" href=\"https:\/\/twitter.com\/grandepremio\" target=\"_blank\">Twitter\u00a0<\/a>e no\u00a0<a rel=\"noreferrer noopener\" href=\"https:\/\/instagram.com\/grandepremio\" target=\"_blank\">Instagram<\/a>.<\/strong><\/p>\n\n\n\n<p class=\"wp-block-paragraph\">Mesmo preterido, Morbidelli deu um bom salto de performance neste ano e fechou a temporada na segunda coloca\u00e7\u00e3o, apenas 13 pontos atr\u00e1s de Joan Mir, o campe\u00e3o. O piloto de Roma venceu tr\u00eas vezes em 2020 \u2015 os GPs de San Marino, Teruel e Val\u00eancia.<\/p>\n\n\n\n<p class=\"wp-block-paragraph\">Diretor da Yamaha, Lin Jarvis reconheceu que Morbidelli surpreendeu com o progresso apresentado neste ano.<\/p>\n\n\n\n<p class=\"wp-block-paragraph\">\u201cEle come\u00e7ou a temporada como um outsider, tamb\u00e9m pelos resultados de 2019, o que nos levou a assinar com Fabio para a equipe oficial em 2021 e dar a ele uma M1 como a de Valentino e Maverick\u201d, disse Jarvis ao jornal italiano La Gazzetta dello Sport. \u201cA l\u00f3gica dizia que eles tr\u00eas eram os que deveriam estar na frente, mas terminar a 13 pontos de Mir foi uma surpresa positiva. Tanto para ele quanto para n\u00f3s\u201d, seguiu.<\/p>\n\n\n\n<p class=\"wp-block-paragraph\">Apesar do bom resultado, Morbidelli n\u00e3o ter\u00e1 uma moto oficial em 2021. Mesmo que Jarvis reconhe\u00e7a que o \u00edtalo-brasileiro fez por merecer.<\/p>\n\n\n\n<p class=\"wp-block-paragraph\">\u201cEstou de acordo com os que dizem que ele merece e, em uma situa\u00e7\u00e3o normal, seria o caso. Mas a Covid mudou muitas coisas e ele n\u00e3o estava em segundo quando decidimos as coisas para 2021\u201d, justificou Jarvis. \u201cA moto oficial \u00e9 mais cara que a Spec-A de Franco e temos um contrato com a Petronas. N\u00e3o foi poss\u00edvel encontrar dinheiro ou fazer uma quarta moto em t\u00e3o pouco tempo. Mas estamos convencidos de que ele ter\u00e1 um grande futuro\u201d, completou.<\/p>\n\n\n\n<p class=\"wp-block-paragraph\"><strong>RETROSPECTIVA 2020<\/strong><br><strong><a href=\"https:\/\/www.grandepremio.com\/br\/motogp\/noticias\/retrospectiva-2020-pandemia-tumultua-mas-motogp-entrega-temporada-divertida\/\" target=\"_blank\" rel=\"noreferrer noopener\">+ Pandemia tumultua, mas MotoGP entrega temporada divertida<\/a><\/strong><br><strong><a href=\"https:\/\/www.grandepremio.com\/br\/motogp\/noticias\/retrospectiva-2020-suzuki-faz-melhor-moto-do-ano-e-celebra-centenario-com-titulo\/\" target=\"_blank\" rel=\"noreferrer noopener\">+ Suzuki faz melhor moto do ano e celebra centen\u00e1rio com t\u00edtulo<\/a><\/strong><br><strong><a href=\"https:\/\/www.grandepremio.com\/br\/motogp\/noticias\/retrospectiva-2020-mir-usa-ano-imprevisivel-para-entrar-para-historia-da-suzuki\/\" target=\"_blank\" rel=\"noreferrer noopener\">+ Mir usa ano imprevis\u00edvel para entrar para hist\u00f3ria da Suzuki<\/a><\/strong><br><strong><a href=\"https:\/\/www.grandepremio.com\/br\/motogp\/noticias\/retrospectiva-2020-yamaha-perde-forca-na-remada-e-morre-na-praia-na-briga-pelo-titulo\/\">+ Yamaha perde for\u00e7a na remada e morre na praia na briga pelo t\u00edtulo<\/a><\/strong><br><strong><a href=\"https:\/\/www.grandepremio.com\/br\/motogp\/noticias\/retrospectiva-2020-ducati-erra-dentro-e-fora-das-pistas-e-desperdica-chance-de-glorias\/\" target=\"_blank\" rel=\"noreferrer noopener\">+ Ducati erra dentro e fora das pistas e desperdi\u00e7a chance de gl\u00f3rias<\/a><\/strong><br><strong><a href=\"https:\/\/www.grandepremio.com\/br\/motogp\/noticias\/retrospectiva-2020-sem-marc-marquez-honda-despenca-ao-se-ver-sem-opcoes\/\" target=\"_blank\" rel=\"noreferrer noopener\">+ Sem Marc M\u00e1rquez, Honda despenca ao se ver sem op\u00e7\u00f5es<\/a><\/strong><br><strong><a href=\"https:\/\/www.grandepremio.com\/br\/motogp\/noticias\/retrospectiva-2020-aprilia-naufraga-a-espera-de-andre-iannone-perde-ano-e-ja-poe-2021-em-risco\/\" target=\"_blank\" rel=\"noreferrer noopener\">+ Aprilia naufraga a espera de Iannone, perde ano e j\u00e1 p\u00f5e 2021 em risco<\/a><\/strong><br><strong><a href=\"https:\/\/www.grandepremio.com\/br\/motogp\/noticias\/retrospectiva-2020-lesao-vira-desastre-e-impoe-derrota-e-ausencia-a-marc-marquez\/\" target=\"_blank\" rel=\"noreferrer noopener\">+ Les\u00e3o vira desastre e imp\u00f5e derrota e aus\u00eancia a Marc M\u00e1rquez<\/a><\/strong><br><strong><a href=\"https:\/\/www.grandepremio.com\/br\/motogp\/noticias\/retrospectiva-2020-brad-binder-vence-duelo-novatos-mas-alex-marquez-nao-faz-feio\/\" target=\"_blank\" rel=\"noreferrer noopener\">+ Binder vence duelo de novatos, mas \u00c1lex M\u00e1rquez n\u00e3o faz feio<\/a><\/strong><br><strong><a href=\"https:\/\/www.grandepremio.com\/br\/motogp\/noticias\/retrospectiva-2020-ktm-segue-evolucao-gradativa-e-se-permite-pensar-em-titulos\/\" target=\"_blank\" rel=\"noreferrer noopener\">+ KTM segue evolu\u00e7\u00e3o gradativa e se permite pensar em t\u00edtulos<\/a><\/strong><br><strong><a href=\"https:\/\/www.grandepremio.com\/br\/motogp\/noticias\/retrospectiva-2020-com-regularidade-bastianini-supera-susto-para-vencer-moto2\/\" target=\"_blank\" rel=\"noreferrer noopener\">+ Com regularidade, Bastianini supera susto para vencer Moto2<\/a><\/strong><br><strong><a href=\"https:\/\/www.grandepremio.com\/br\/motogp\/noticias\/retrospectiva-2020-nos-detalhes-arenas-supera-rivais-para-conquistar-moto3\/\" target=\"_blank\" rel=\"noreferrer noopener\">+ Nos detalhes, Arenas supera rivais para conquistar Moto3<\/a><\/strong><\/p>\n\n\n\n\n\n<figure class=\"wp-block-embed is-type-video is-provider-youtube wp-block-embed-youtube wp-embed-aspect-16-9 wp-has-aspect-ratio\"><div class=\"wp-block-embed__wrapper\">\n<iframe loading=\"lazy\" title=\"Melhores do Ano 2020: HAMILTON na F1? Moto, Indy, F\u00f3rmula E e muito mais!\" width=\"500\" height=\"281\" src=\"https:\/\/www.youtube.com\/embed\/i2wmDLjdiVE?feature=oembed\" frameborder=\"0\" allow=\"accelerometer; autoplay; clipboard-write; encrypted-media; gyroscope; picture-in-picture; web-share\" referrerpolicy=\"strict-origin-when-cross-origin\" allowfullscreen><\/iframe>\n<\/div><\/figure>\n","protected":false},"excerpt":{"rendered":"<p>Apesar de ter fechado o ano como vice-campe\u00e3o, o \u00edtalo-brasileiro ser\u00e1 o \u00fanico entre os quatro pilotos da marca de Iwata que n\u00e3o ter\u00e1 uma vers\u00e3o oficial da YZR-M1<\/p>\n","protected":false},"author":0,"featured_media":1000433281,"comment_status":"closed","ping_status":"closed","sticky":false,"template":"","format":"standard","meta":{"42wp_featured_image_caption":"","42wp_featured_image_credits":"","42wp_featured_video":"","42wp_featured_image_hidden":false,"42wp_authors_list":[],"footnotes":""},"categories":[8],"tags":[140,79,174,78,173,26244,26690,26494,172],"42wp_author":[47113],"class_list":["post-124282","post","type-post","status-publish","format-standard","has-post-thumbnail","hentry","category-motogp","tag-franco-morbidelli","tag-moto-gp","tag-moto-gp-2020","tag-motogp","tag-motogp-2020","tag-motogp-calendario-2020","tag-pilotos-motogp","tag-transmissao-motogp-2020","tag-yamaha","42wp_author-juliana-tesser"],"_links":{"self":[{"href":"https:\/\/grandepremio.com\/br\/wp-json\/wp\/v2\/posts\/124282","targetHints":{"allow":["GET"]}}],"collection":[{"href":"https:\/\/grandepremio.com\/br\/wp-json\/wp\/v2\/posts"}],"about":[{"href":"https:\/\/grandepremio.com\/br\/wp-json\/wp\/v2\/types\/post"}],"replies":[{"embeddable":true,"href":"https:\/\/grandepremio.com\/br\/wp-json\/wp\/v2\/comments?post=124282"}],"version-history":[{"count":0,"href":"https:\/\/grandepremio.com\/br\/wp-json\/wp\/v2\/posts\/124282\/revisions"}],"wp:featuredmedia":[{"embeddable":true,"href":"https:\/\/grandepremio.com\/br\/wp-json\/wp\/v2\/media\/1000433281"}],"wp:attachment":[{"href":"https:\/\/grandepremio.com\/br\/wp-json\/wp\/v2\/media?parent=124282"}],"wp:term":[{"taxonomy":"category","embeddable":true,"href":"https:\/\/grandepremio.com\/br\/wp-json\/wp\/v2\/categories?post=124282"},{"taxonomy":"post_tag","embeddable":true,"href":"https:\/\/grandepremio.com\/br\/wp-json\/wp\/v2\/tags?post=124282"},{"taxonomy":"42wp_author","embeddable":true,"href":"https:\/\/grandepremio.com\/br\/wp-json\/wp\/v2\/42wp_author?post=124282"}],"curies":[{"name":"wp","href":"https:\/\/api.w.org\/{rel}","templated":true}]}}