{"id":124311,"date":"2020-12-21T11:19:27","date_gmt":"2020-12-21T14:19:27","guid":{"rendered":"https:\/\/grandepremio.com\/br\/noticias\/carlin-retoma-programa-na-indy-lights-em-2021-e-anuncia-contratacao-de-ex-f3-alex-peroni\/"},"modified":"2020-12-21T11:19:33","modified_gmt":"2020-12-21T14:19:33","slug":"carlin-retoma-programa-na-indy-lights-em-2021-e-anuncia-contratacao-de-ex-f3-alex-peroni","status":"publish","type":"post","link":"https:\/\/grandepremio.com\/br\/indy\/carlin-retoma-programa-na-indy-lights-em-2021-e-anuncia-contratacao-de-ex-f3-alex-peroni\/","title":{"rendered":"Carlin retoma programa na Indy Lights em 2021 e anuncia contrata\u00e7\u00e3o de ex-F3 Peroni"},"content":{"rendered":"\n<p class=\"wp-block-paragraph\">Ap\u00f3s duas temporadas de aus\u00eancia, a Carlin reativou o programa na Indy Lights e competir\u00e1 na temporada 2021. A equipe inglesa tamb\u00e9m anunciou a contrata\u00e7\u00e3o do australiano Alex Peroni, de 21 anos, como um de seus pilotos.<\/p>\n\n\n\n<p class=\"wp-block-paragraph\">A Carlin iniciou o projeto na Indy Lights em 2015 e teve o \u00e1pice em 2016, com o t\u00edtulo de Ed Jones. Em tr\u00eas temporadas, o time foi casa para outros pilotos como Max Chilton, Nelsinho Piquet e Matheus Leist, mas decidiu focar na equipe da Indy a partir de 2018.<\/p>\n\n\n\n<p class=\"wp-block-paragraph\">&#8220;Estamos muito animados por voltar \u00e0 Indy Lights ap\u00f3s tanto sucesso no passado. \u00c9 uma categoria fant\u00e1stica para preparar pilotos para a Indy, e sempre foi nosso objetivo retornar para a categoria menor assim que estiv\u00e9ssemos estabelecidos na Indy&#8221;, comentou Trevor Carlin, chefe da escuderia.<\/p>\n\n\n\n<figure class=\"wp-block-image size-large\"><img decoding=\"async\" src=\"https:\/\/www.grandepremio.com\/br\/wp-content\/uploads\/2020\/12\/Alex-Peroni-1-1024x576.jpg\" alt=\"\" class=\"wp-image-443730\"\/><figcaption>Peroni subiu ao p\u00f3dio na F3 em 2020 (Foto: F\u00f3rmula 3)<\/figcaption><\/figure>\n\n\n\n<p class=\"wp-block-paragraph\"><strong>Conhe\u00e7a o canal do Grande Pr\u00eamio no YouTube! Clique\u00a0<a href=\"https:\/\/youtube.com\/GrandePremioTV\" target=\"_blank\" rel=\"noreferrer noopener\">aqui<\/a>.<br>Siga o Grande Pr\u00eamio no\u00a0<a href=\"https:\/\/twitter.com\/grandepremio\" target=\"_blank\" rel=\"noreferrer noopener\">Twitter\u00a0<\/a>e no\u00a0<a href=\"https:\/\/instagram.com\/grandepremio\" target=\"_blank\" rel=\"noreferrer noopener\">Instagram<\/a>!<\/strong><\/p>\n\n\n\n<p class=\"wp-block-paragraph\">O tasmaniano Peroni transfere as aten\u00e7\u00f5es para os Estados Unidos depois de dois anos competindo na F\u00f3rmula 3. <a href=\"https:\/\/www.grandepremio.com\/br\/f3\/noticias\/peroni-diz-que-nao-lembra-de-acidente-na-f3-e-que-tem-sorte-por-caminhar\/\">O piloto ficou conhecido ap\u00f3s um grave acidente em Monza, em 2019<\/a>, quando seu carro atingiu uma zebra e decolou para a barreira de pneus. Com les\u00e3o na v\u00e9rtebra, s\u00f3 retornou na temporada 2020, onde conquistou tr\u00eas p\u00f3dios e terminou o campeonato em 10\u00ba.<\/p>\n\n\n\n<p class=\"wp-block-paragraph\">&#8220;Estou muito ansioso por entrar no grid da Indy Lights em 2021, al\u00e9m de estar em uma equipe com sucesso na categoria e tamb\u00e9m na Europa. Sou muito grato a Blundstone e o estado da Tasm\u00e2nia pelo apoio e por me permitirem seguir meu sonho. N\u00e3o tenho d\u00favidas de que teremos muito a aprender em termos de carro e diferentes circuitos, mas estou preparado para o desafio e sei que tenho um grande time por tr\u00e1s de mim para me ajudar a ter velocidade&#8221;, declarou Peroni. <\/p>\n\n\n\n<p class=\"wp-block-paragraph\">A temporada 2021 da Indy Lights tem in\u00edcio com a rodada dupla de St. Pete nos dias 6 e 7 de mar\u00e7o de 2021.<\/p>\n\n\n\n<figure class=\"wp-block-embed is-type-video is-provider-youtube wp-block-embed-youtube wp-embed-aspect-16-9 wp-has-aspect-ratio\"><div class=\"wp-block-embed__wrapper\">\n<iframe loading=\"lazy\" title=\"F1 2020 tem em GASLY e P\u00c9REZ os her\u00f3is improv\u00e1veis da temporada | GP \u00e0s 10\" width=\"500\" height=\"281\" src=\"https:\/\/www.youtube.com\/embed\/dlJVf2UF3qI?start=4&amp;feature=oembed\" frameborder=\"0\" allow=\"accelerometer; autoplay; clipboard-write; encrypted-media; gyroscope; picture-in-picture; web-share\" referrerpolicy=\"strict-origin-when-cross-origin\" allowfullscreen><\/iframe>\n<\/div><\/figure>\n","protected":false},"excerpt":{"rendered":"<p>Carlin retorna ao grid da Indy Lights ap\u00f3s hiato de quatro anos e assina com o australiano Alex Peroni, que competiu as \u00faltimas duas temporadas pela F\u00f3rmula 3<\/p>\n","protected":false},"author":0,"featured_media":1000443729,"comment_status":"closed","ping_status":"closed","sticky":false,"template":"","format":"standard","meta":{"42wp_featured_image_caption":"","42wp_featured_image_credits":"","42wp_featured_video":"","42wp_featured_image_hidden":false,"42wp_authors_list":[],"footnotes":""},"categories":[3],"tags":[1158,24881,93,5601,330],"42wp_author":[47119],"class_list":["post-124311","post","type-post","status-publish","format-standard","has-post-thumbnail","hentry","category-indy","tag-carlin","tag-formula-indy-2","tag-indy","tag-indy-2021","tag-indy-lights","42wp_author-gabriel-carvalho"],"_links":{"self":[{"href":"https:\/\/grandepremio.com\/br\/wp-json\/wp\/v2\/posts\/124311","targetHints":{"allow":["GET"]}}],"collection":[{"href":"https:\/\/grandepremio.com\/br\/wp-json\/wp\/v2\/posts"}],"about":[{"href":"https:\/\/grandepremio.com\/br\/wp-json\/wp\/v2\/types\/post"}],"replies":[{"embeddable":true,"href":"https:\/\/grandepremio.com\/br\/wp-json\/wp\/v2\/comments?post=124311"}],"version-history":[{"count":0,"href":"https:\/\/grandepremio.com\/br\/wp-json\/wp\/v2\/posts\/124311\/revisions"}],"wp:featuredmedia":[{"embeddable":true,"href":"https:\/\/grandepremio.com\/br\/wp-json\/wp\/v2\/media\/1000443729"}],"wp:attachment":[{"href":"https:\/\/grandepremio.com\/br\/wp-json\/wp\/v2\/media?parent=124311"}],"wp:term":[{"taxonomy":"category","embeddable":true,"href":"https:\/\/grandepremio.com\/br\/wp-json\/wp\/v2\/categories?post=124311"},{"taxonomy":"post_tag","embeddable":true,"href":"https:\/\/grandepremio.com\/br\/wp-json\/wp\/v2\/tags?post=124311"},{"taxonomy":"42wp_author","embeddable":true,"href":"https:\/\/grandepremio.com\/br\/wp-json\/wp\/v2\/42wp_author?post=124311"}],"curies":[{"name":"wp","href":"https:\/\/api.w.org\/{rel}","templated":true}]}}