{"id":124327,"date":"2020-12-20T10:09:13","date_gmt":"2020-12-20T13:09:13","guid":{"rendered":"https:\/\/grandepremio.com\/br\/noticias\/alexander-albon-fala-em-dor-por-saida-da-red-bull-mas-diz-que-nao-vou-desistir-de-voltar-em-2022\/"},"modified":"2020-12-20T10:09:35","modified_gmt":"2020-12-20T13:09:35","slug":"alexander-albon-fala-em-dor-por-saida-da-red-bull-mas-diz-que-nao-vou-desistir-de-voltar-em-2022","status":"publish","type":"post","link":"https:\/\/grandepremio.com\/br\/f1\/alexander-albon-fala-em-dor-por-saida-da-red-bull-mas-diz-que-nao-vou-desistir-de-voltar-em-2022\/","title":{"rendered":"Albon fala em dor por sa\u00edda da Red Bull, mas diz que \u201cn\u00e3o vou desistir de voltar em 2022\u201d"},"content":{"rendered":"\n<p class=\"wp-block-paragraph\">Alexander Albon enfim falou sobre a vaga perdida na Red Bull para 2021. O tailand\u00eas usou suas redes sociais para desabafar e admitiu sentir a dor da sa\u00edda do time, mas destacou que o foco \u00e9 conseguir voltar ao grid da F\u00f3rmula 1 em 2022.<\/p>\n\n\n\n<p class=\"wp-block-paragraph\">Na \u00faltima sexta-feira, ap\u00f3s muita especula\u00e7\u00e3o, os rumores foram confirmados e <a href=\"https:\/\/www.grandepremio.com\/br\/f1\/noticias\/red-bull-traz-sergio-perez-como-titular-e-rebaixa-alexander-albon-a-reserva-em-2021\/\">a equipe taurina anunciou Sergio P\u00e9rez como companheiro de Max Verstappen<\/a>. Com isso, o competidor de 24 anos foi colocado como piloto reserva.<\/p>\n\n\n\n<p class=\"wp-block-paragraph\">\u201cN\u00e3o posso mentir, d\u00f3i. Dei tudo de mim, mas n\u00e3o foi o suficiente. Quero dizer um muito obrigado a todos que me apoiaram ao longo deste ano, especialmente meus f\u00e3s tailandeses. Com todas as opini\u00f5es diferentes, sempre tive voc\u00eas me incentivando\u201d, escreveu no Instagram.<\/p>\n\n\n\n<figure class=\"wp-block-image size-large\"><img decoding=\"async\" src=\"https:\/\/www.grandepremio.com\/br\/wp-content\/uploads\/2020\/09\/redbull-alexanderalbon-01-7-1024x664.jpg\" alt=\"\" class=\"wp-image-422049\"\/><figcaption>Albon lamentou a sa\u00edda da Red Bull (Foto: Getty Images\/Red Bull Content Pool)<\/figcaption><\/figure>\n\n\n\n<p class=\"wp-block-paragraph\"><strong>Conhe\u00e7a o canal do Grande Pr\u00eamio no YouTube! Clique\u00a0<a rel=\"noreferrer noopener\" href=\"https:\/\/youtube.com\/GrandePremioTV\" target=\"_blank\">aqui<\/a>.<br>Siga o Grande Pr\u00eamio no\u00a0<a rel=\"noreferrer noopener\" href=\"https:\/\/twitter.com\/grandepremio\" target=\"_blank\">Twitter\u00a0<\/a>e no\u00a0<a rel=\"noreferrer noopener\" href=\"https:\/\/instagram.com\/grandepremio\" target=\"_blank\">Instagram<\/a>!<\/strong><\/p>\n\n\n\n<p class=\"wp-block-paragraph\">\u201cN\u00e3o vou desistir, coloquei minha vida nisso e n\u00e3o vou deixar que acabe aqui. Tenho mais para oferecer e meu foco \u00e9 voltar em 2022 e balan\u00e7ar a bandeira tailandesa novamente\u201d, completou o piloto.<\/p>\n\n\n\n<p class=\"wp-block-paragraph\">Albon fez sua estreia na F1 em 2019 pela Toro Rosso, atualmente AlphaTauri. Ap\u00f3s 12 corridas pela equipe, foi promovido para a Red Bull para tomar o lugar de Pierre Gasly, que foi rebaixado de volta para a equipe B da marca de bebidas energ\u00e9ticas.<\/p>\n\n\n\n<p class=\"wp-block-paragraph\">Ao longo da temporada e meia em que correu ao lado de Verstappen, conseguiu dois p\u00f3dios e teve uma s\u00e9tima coloca\u00e7\u00e3o como melhor resultado no campeonato. No mesmo per\u00edodo, Max foi 15 vezes ao p\u00f3dio, sendo tr\u00eas com vit\u00f3rias e terminando os campeonatos em terceiro.<\/p>\n\n\n\n<p class=\"wp-block-paragraph\">Christian Horner chegou a falar sobre Alex e destacou que <a href=\"https:\/\/www.grandepremio.com\/br\/f1\/noticias\/rebaixado-para-reserva-albon-segue-membro-importante-da-red-bull-diz-chefe\/\">o competidor \u00e9 uma importante parte do time<\/a>. Enquanto isso, o holand\u00eas exaltou o cara legal que \u00e9 Albon, <a href=\"https:\/\/www.grandepremio.com\/br\/f1\/noticias\/max-verstappen-admite-que-deu-opiniao-honesta-sobre-alex-albon-as-coisas-ficaram-complicadas\/\">mas deu sua opini\u00e3o sincera ao ser questionado sobre a sa\u00edda do time de Milton Keynes<\/a>.<\/p>\n\n\n\n<figure class=\"wp-block-embed is-type-video is-provider-youtube wp-block-embed-youtube wp-embed-aspect-16-9 wp-has-aspect-ratio\"><div class=\"wp-block-embed__wrapper\">\n<iframe loading=\"lazy\" title=\"RED BULL escolhe Sergio PEREZ para F1 2021: o que esperar? | GP \u00e0s 10\" width=\"500\" height=\"281\" src=\"https:\/\/www.youtube.com\/embed\/PajiC24ZP08?feature=oembed\" frameborder=\"0\" allow=\"accelerometer; autoplay; clipboard-write; encrypted-media; gyroscope; picture-in-picture; web-share\" referrerpolicy=\"strict-origin-when-cross-origin\" allowfullscreen><\/iframe>\n<\/div><\/figure>\n","protected":false},"excerpt":{"rendered":"<p>O tailand\u00eas desabafou nas suas redes sociais sobre a sa\u00edda do grid para 2021, dizendo que fez todo o poss\u00edvel para manter a vaga, mas n\u00e3o foi suficiente<\/p>\n","protected":false},"author":0,"featured_media":1000432123,"comment_status":"closed","ping_status":"closed","sticky":false,"template":"","format":"standard","meta":{"42wp_featured_image_caption":"","42wp_featured_image_credits":"","42wp_featured_video":"","42wp_featured_image_hidden":false,"42wp_authors_list":[],"footnotes":""},"categories":[2],"tags":[654,147,118,24837,24860,24859,24861,204],"42wp_author":[47123],"class_list":["post-124327","post","type-post","status-publish","format-standard","has-post-thumbnail","hentry","category-f1","tag-alexander-albon","tag-f1","tag-f1-2020","tag-formula-1-2","tag-formula-1-2020-2","tag-horario-f1-2020","tag-horario-formula-1-2020","tag-red-bull","42wp_author-nathalia-de-vivo"],"_links":{"self":[{"href":"https:\/\/grandepremio.com\/br\/wp-json\/wp\/v2\/posts\/124327","targetHints":{"allow":["GET"]}}],"collection":[{"href":"https:\/\/grandepremio.com\/br\/wp-json\/wp\/v2\/posts"}],"about":[{"href":"https:\/\/grandepremio.com\/br\/wp-json\/wp\/v2\/types\/post"}],"replies":[{"embeddable":true,"href":"https:\/\/grandepremio.com\/br\/wp-json\/wp\/v2\/comments?post=124327"}],"version-history":[{"count":0,"href":"https:\/\/grandepremio.com\/br\/wp-json\/wp\/v2\/posts\/124327\/revisions"}],"wp:featuredmedia":[{"embeddable":true,"href":"https:\/\/grandepremio.com\/br\/wp-json\/wp\/v2\/media\/1000432123"}],"wp:attachment":[{"href":"https:\/\/grandepremio.com\/br\/wp-json\/wp\/v2\/media?parent=124327"}],"wp:term":[{"taxonomy":"category","embeddable":true,"href":"https:\/\/grandepremio.com\/br\/wp-json\/wp\/v2\/categories?post=124327"},{"taxonomy":"post_tag","embeddable":true,"href":"https:\/\/grandepremio.com\/br\/wp-json\/wp\/v2\/tags?post=124327"},{"taxonomy":"42wp_author","embeddable":true,"href":"https:\/\/grandepremio.com\/br\/wp-json\/wp\/v2\/42wp_author?post=124327"}],"curies":[{"name":"wp","href":"https:\/\/api.w.org\/{rel}","templated":true}]}}